{"id":4998,"date":"2025-08-15T08:54:22","date_gmt":"2025-08-15T05:54:22","guid":{"rendered":"https:\/\/sovittelu.com\/vertaissovittelu\/?p=4998"},"modified":"2025-12-17T10:39:52","modified_gmt":"2025-12-17T08:39:52","slug":"ronsy-webinaari-20-11-2025-klo-12-16","status":"publish","type":"post","link":"https:\/\/sovittelu.com\/vertaissovittelu\/ronsy-webinaari-20-11-2025-klo-12-16\/","title":{"rendered":"R\u00d6NSY-webinaari 20.11.2025 klo 12-16"},"content":{"rendered":"\n<p>VERSO-ohjelman valtakunnallinen webinaari R\u00d6NSY tulee taas! Jo seitsem\u00e4nnen kerran toteutettava tapahtuma tarjoaa ajankohtaista asiantuntijapuhetta ja toteutuu t\u00e4n\u00e4 vuonna lapsen oikeuksien p\u00e4iv\u00e4n\u00e4<strong>\u00a0to 20.11. klo 12-16<\/strong>\u00a0osana sek\u00e4 lapsen oikeuksien viikkoa\u00a0<a href=\"https:\/\/lapsenoikeuksienviikko.fi\/\" target=\"_blank\" rel=\"noreferrer noopener\"><strong>(https:\/\/lapsenoikeuksienviikko.fi)<\/strong><\/a>\u00a0ja kansainv\u00e4list\u00e4 restoratiivisen oikeuden teemaviikkoa\u00a0<strong><a href=\"https:\/\/www.euforumrj.org\/RJWeek\" target=\"_blank\" rel=\"noreferrer noopener\">(RJ Week)<\/a><\/strong>. Vieraspuhujana kuulemme t\u00e4n\u00e4 vuonna TtT Johanna Kaitsalmea.<\/p>\n\n\n\n<p><strong>Kohderyhm\u00e4:<\/strong> VERSO-ohjelman kouluttamat kasvatus- ja opetusalan ammattilaiset ja vertaissovittelijat sek\u00e4 sidosryhmien edustajat.<\/p>\n\n\n\n<p><strong>Tilaisuus on maksuton, tervetuloa mukaan!<\/strong><\/p>\n\n\n\n<p>Ilmoittautumaan p\u00e4\u00e4set t\u00e4\u00e4ll\u00e4: <a href=\"https:\/\/forms.gle\/vaeqzZW33QNErmCk9\" target=\"_blank\" rel=\"noreferrer noopener\">https:\/\/forms.gle\/vaeqzZW33QNErmCk9<\/a><\/p>\n\n\n\n<figure class=\"wp-block-image size-large is-resized\"><img decoding=\"async\" src=\"https:\/\/sovittelu.com\/vertaissovittelu\/wp-content\/uploads\/2025\/08\/Save-the-date-RONSY-2024-2-1-1024x1024.png\" alt=\"\" class=\"wp-image-5002\" style=\"width:412px;height:auto\"\/><\/figure>\n\n\n\n<p><a href=\"https:\/\/sovittelu.com\/vertaissovittelu\/2022\/09\/13\/ronsy-webinaari-20-11-2025\" target=\"_blank\" rel=\"noreferrer noopener\">https:\/\/sovittelu.com\/vertaissovittelu\/2022\/09\/13\/ronsy-webinaari-20-11-2025<\/a><\/p>\n\n\n\n<p>Ilmoittautuneille l\u00e4hetet\u00e4\u00e4n Teams-linkki tapahtumaviikolla. Voit halutessasi valita automaattisen s\u00e4hk\u00f6postikuittauksen t\u00e4ytetty\u00e4si lomakkeen.<\/p>\n\n\n\n<p><strong>Tapahtuman aikataulu:<\/strong><\/p>\n\n\n\n<p>Klo 11:30 Linjat auki<\/p>\n\n\n\n<p>12-12:05 Tervetulosanat, ohjelman l\u00e4pik\u00e4ynti ja vieraspuhujan esittely<\/p>\n\n\n\n<p>12:05-12:50 Vieraspuhuja: TtT&nbsp;Johanna&nbsp;Kaitsalmi: Lapsin\u00e4k\u00f6kulman etsiminen muuttaa lasta<\/p>\n\n\n\n<p>12:50-13:00 Kysymyksi\u00e4 ja kommentteja<\/p>\n\n\n\n<p>Tauko<\/p>\n\n\n\n<p>13:15-14:00&nbsp;VERSO-ohjelman ohjelmajohtaja&nbsp;Janne&nbsp;Johanssonin&nbsp;puheenvuoro<\/p>\n\n\n\n<p>14:00-14:10 Kysymyksi\u00e4&nbsp;ja kommentteja<\/p>\n\n\n\n<p>Lyhyt siirtym\u00e4tauko<\/p>\n\n\n\n<p>14:15-15:45 Pienryhm\u00e4t&nbsp;ty\u00f6skentelev\u00e4t kouluttajiemme fasilitoimina<\/p>\n\n\n\n<p>Max 3 ryhm\u00e4\u00e4, k\u00e4yt\u00f6ss\u00e4 padlet, mukana my\u00f6s oppilaat<\/p>\n\n\n\n<p>15:45-16 Yhteenveto,&nbsp;Vuoden kasvatuskent\u00e4n&nbsp;sovittelijapalkintojen julkistus,&nbsp;loppusanat<\/p>\n\n\n\n<p><strong>Vieraspuhujan esittely<\/strong><\/p>\n\n\n\n<p><strong>TtT Johanna Kaitsalmi: Lapsin\u00e4k\u00f6kulman etsiminen muuttaa aikuista<\/strong><\/p>\n\n\n\n<figure class=\"wp-block-gallery has-nested-images columns-default is-cropped wp-block-gallery-1 is-layout-flex wp-block-gallery-is-layout-flex\"><div class=\"wp-block-image\">\n<figure class=\"aligncenter size-medium\"><img loading=\"lazy\" decoding=\"async\" width=\"333\" height=\"500\" data-id=\"13254\" src=\"https:\/\/sovittelu.com\/vertaissovittelu\/wp-content\/uploads\/2025\/08\/johanna_kaitsalmi_768x1152px-333x500.jpg\" alt=\"Johanna Kaitsalmi\" class=\"wp-image-13254\" srcset=\"https:\/\/sovittelu.com\/vertaissovittelu\/wp-content\/uploads\/2025\/08\/johanna_kaitsalmi_768x1152px-333x500.jpg 333w, https:\/\/sovittelu.com\/vertaissovittelu\/wp-content\/uploads\/2025\/08\/johanna_kaitsalmi_768x1152px-683x1024.jpg 683w, https:\/\/sovittelu.com\/vertaissovittelu\/wp-content\/uploads\/2025\/08\/johanna_kaitsalmi_768x1152px.jpg 768w\" sizes=\"auto, (max-width: 333px) 100vw, 333px\" \/><\/figure>\n<\/div><\/figure>\n\n\n\n<p>T\u00e4m\u00e4n vuoden vieraspuhujana saamme kuulla terveystieteiden tohtori Johanna Kaitsalmea, joka johdattelee meit\u00e4 lapsin\u00e4k\u00f6kulmaisuuden ja kohtaamisen \u00e4\u00e4relle ty\u00f6kokemuksen ja tutkimuksensa kautta. Johanna kertoo itsest\u00e4\u00e4n n\u00e4in:<\/p>\n\n\n\n<p>Kiinnostukseni kohtaamisten merkitykseen on varmasti aina ollut olemassa, mutta t\u00e4rkein aihe siit\u00e4 tuli v\u00e4it\u00f6skirjatutkimukseni aikana. Tutkin sairaanhoitajien ja pienten erityiseksi m\u00e4\u00e4riteltyjen lasten vuorovaikutusta lastenneurologian osastolla, ja opin paljon sellaista, joka on merkityksellist\u00e4 kaikessa vuorovaikutuksessa.<\/p>\n\n\n\n<p>Ennen tohtoriopintoja suoritin terveystieteiden maisterin tutkinnon p\u00e4\u00e4aineenani hoitotiede (terveystieteiden opettajan koulutus) ja sit\u00e4 ennen sairaanhoitajantutkinnon (lasten sairaanhoito). Pisimm\u00e4n ty\u00f6uran olen tehnyt sairaanhoitajana Kymenlaakson keskussairaalan lastenneurologian osastolla. Sen j\u00e4lkeen olen tehnyt opintojen ohella monenlaista opetus-, koulutus- ja kohtaamisty\u00f6t\u00e4 niin yliopistossa, ammattikorkeakoulussa kuin lukuisissa eri koulutustilaisuuksissakin. Olen my\u00f6s mukana monissa verkostoissa kuten Lapsen oikeuksien viestint\u00e4verkostossa, Pienten lasten osallisuuden asiantuntijaverkostossa ja Leikkip\u00e4iv\u00e4verkostossa. T\u00e4rkeimp\u00e4n\u00e4 saavutuksenani pid\u00e4n edelleen aktiivisesti toimivan\u00a0<a href=\"https:\/\/lastenneurologianhoitajat.yhdistysavain.fi\/\" target=\"_blank\" rel=\"noreferrer noopener\">Lastenneurologian hoitajat ry<\/a>:n perustamista vuonna 2011.<\/p>\n\n\n\n<p>Lue lis\u00e4\u00e4 Johannan tulokulmista h\u00e4nen blogikirjoituksistaan:<\/p>\n\n\n\n<figure class=\"wp-block-embed is-type-wp-embed is-provider-lapsin-k-kulma wp-block-embed-lapsin-k-kulma\"><div class=\"wp-block-embed__wrapper\">\n<blockquote class=\"wp-embedded-content\" data-secret=\"wHGOU90di6\"><a href=\"https:\/\/lapsinakokulma.wordpress.com\/2025\/10\/22\/lapsinakokulman-etsiminen-muuttaa-aikuista\/\">Lapsin\u00e4k\u00f6kulman etsiminen muuttaa&nbsp;aikuista<\/a><\/blockquote><iframe loading=\"lazy\" class=\"wp-embedded-content\" sandbox=\"allow-scripts\" security=\"restricted\" style=\"position: absolute; visibility: hidden;\" title=\"&#8221;Lapsin\u00e4k\u00f6kulman etsiminen muuttaa&nbsp;aikuista&#8221; &#8212; Lapsin\u00e4k\u00f6kulma\" src=\"https:\/\/lapsinakokulma.wordpress.com\/2025\/10\/22\/lapsinakokulman-etsiminen-muuttaa-aikuista\/embed\/#?secret=9OA5mG1bxe#?secret=wHGOU90di6\" data-secret=\"wHGOU90di6\" width=\"600\" height=\"338\" frameborder=\"0\" marginwidth=\"0\" marginheight=\"0\" scrolling=\"no\"><\/iframe>\n<\/div><\/figure>\n\n\n\n<figure class=\"wp-block-embed is-type-wp-embed is-provider-lapsenoikeudet-fi wp-block-embed-lapsenoikeudet-fi\"><div class=\"wp-block-embed__wrapper\">\n<blockquote class=\"wp-embedded-content\" data-secret=\"MwxwTJrG0B\"><a href=\"https:\/\/lapsenoikeudet.fi\/blogi\/vammaisilla-lapsilla-on-oikeus-kuulua\/\">Vammaisilla lapsilla on oikeus kuulua<\/a><\/blockquote><iframe loading=\"lazy\" class=\"wp-embedded-content\" sandbox=\"allow-scripts\" security=\"restricted\" style=\"position: absolute; visibility: hidden;\" title=\"&#8221;Vammaisilla lapsilla on oikeus kuulua&#8221; &#8212; Lapsenoikeudet.fi\" src=\"https:\/\/lapsenoikeudet.fi\/blogi\/vammaisilla-lapsilla-on-oikeus-kuulua\/embed\/#?secret=Lgj0Bv3KWh#?secret=MwxwTJrG0B\" data-secret=\"MwxwTJrG0B\" width=\"600\" height=\"338\" frameborder=\"0\" marginwidth=\"0\" marginheight=\"0\" scrolling=\"no\"><\/iframe>\n<\/div><\/figure>\n\n\n\n<p>Muista ilmoittautua mukaan maksuttomaan webinaariimme 14.11. menness\u00e4! Ilmoittautuneet saavat tallenteen Johannan puheenvuorosta! Ilmoittautumaan p\u00e4\u00e4set t\u00e4\u00e4ll\u00e4:\u00a0<a href=\"https:\/\/forms.gle\/VmTB8gh7pNCpyEXXA\" target=\"_blank\" rel=\"noreferrer noopener\">https:\/\/forms.gle\/VmTB8gh7pNCpyEXXA<\/a><\/p>\n\n\n\n<p><strong>Tervetuloa mukaan! Pian R\u00d6NSYill\u00e4\u00e4n!<\/strong><\/p>\n","protected":false},"excerpt":{"rendered":"<p>VERSO-ohjelman valtakunnallinen webinaari R\u00d6NSY tulee taas! Jo seitsem\u00e4nnen kerran toteutettava tapahtuma tarjoaa ajankohtaista asiantuntijapuhetta ja toteutuu t\u00e4n\u00e4 vuonna lapsen oikeuksien p\u00e4iv\u00e4n\u00e4\u00a0to 20.11. klo 12-16\u00a0osana sek\u00e4 lapsen oikeuksien viikkoa\u00a0(https:\/\/lapsenoikeuksienviikko.fi)\u00a0ja kansainv\u00e4list\u00e4 restoratiivisen oikeuden teemaviikkoa\u00a0(RJ Week). Vieraspuhujana kuulemme t\u00e4n\u00e4 vuonna TtT Johanna Kaitsalmea. Kohderyhm\u00e4: VERSO-ohjelman kouluttamat kasvatus- ja opetusalan ammattilaiset ja vertaissovittelijat sek\u00e4 sidosryhmien edustajat. Tilaisuus on maksuton,&#8230;<\/p>\n","protected":false},"author":14,"featured_media":0,"comment_status":"closed","ping_status":"closed","sticky":false,"template":"","format":"standard","meta":{"_kad_post_transparent":"","_kad_post_title":"","_kad_post_layout":"","_kad_post_sidebar_id":"","_kad_post_content_style":"","_kad_post_vertical_padding":"","_kad_post_feature":"","_kad_post_feature_position":"","_kad_post_header":false,"_kad_post_footer":false,"_kad_post_classname":"","footnotes":""},"categories":[1],"tags":[],"class_list":["post-4998","post","type-post","status-publish","format-standard","hentry","category-yleinen"],"yoast_head":"<!-- This site is optimized with the Yoast SEO plugin v27.4 - https:\/\/yoast.com\/product\/yoast-seo-wordpress\/ -->\n<title>R\u00d6NSY-webinaari 20.11.2025 klo 12-16 | Verso<\/title>\n<meta name=\"robots\" content=\"index, follow, max-snippet:-1, max-image-preview:large, max-video-preview:-1\" \/>\n<link rel=\"canonical\" href=\"https:\/\/sovittelu.com\/vertaissovittelu\/ronsy-webinaari-20-11-2025-klo-12-16\/\" \/>\n<meta property=\"og:locale\" content=\"fi_FI\" \/>\n<meta property=\"og:type\" content=\"article\" \/>\n<meta property=\"og:title\" content=\"R\u00d6NSY-webinaari 20.11.2025 klo 12-16 | Verso\" \/>\n<meta property=\"og:description\" content=\"VERSO-ohjelman valtakunnallinen webinaari R\u00d6NSY tulee taas! Jo seitsem\u00e4nnen kerran toteutettava tapahtuma tarjoaa ajankohtaista asiantuntijapuhetta ja toteutuu t\u00e4n\u00e4 vuonna lapsen oikeuksien p\u00e4iv\u00e4n\u00e4\u00a0to 20.11. klo 12-16\u00a0osana sek\u00e4 lapsen oikeuksien viikkoa\u00a0(https:\/\/lapsenoikeuksienviikko.fi)\u00a0ja kansainv\u00e4list\u00e4 restoratiivisen oikeuden teemaviikkoa\u00a0(RJ Week). Vieraspuhujana kuulemme t\u00e4n\u00e4 vuonna TtT Johanna Kaitsalmea. Kohderyhm\u00e4: VERSO-ohjelman kouluttamat kasvatus- ja opetusalan ammattilaiset ja vertaissovittelijat sek\u00e4 sidosryhmien edustajat. Tilaisuus on maksuton,...\" \/>\n<meta property=\"og:url\" content=\"https:\/\/sovittelu.com\/vertaissovittelu\/ronsy-webinaari-20-11-2025-klo-12-16\/\" \/>\n<meta property=\"og:site_name\" content=\"Verso\" \/>\n<meta property=\"article:publisher\" content=\"https:\/\/www.facebook.com\/VERSOsovittelu\" \/>\n<meta property=\"article:published_time\" content=\"2025-08-15T05:54:22+00:00\" \/>\n<meta property=\"article:modified_time\" content=\"2025-12-17T08:39:52+00:00\" \/>\n<meta property=\"og:image\" content=\"https:\/\/sovittelu.com\/vertaissovittelu\/wp-content\/uploads\/2025\/12\/verso-ohjelma_1200x675px.jpg\" \/>\n\t<meta property=\"og:image:width\" content=\"1200\" \/>\n\t<meta property=\"og:image:height\" content=\"675\" \/>\n\t<meta property=\"og:image:type\" content=\"image\/jpeg\" \/>\n<meta name=\"author\" content=\"Nina Huhtinen\" \/>\n<meta name=\"twitter:card\" content=\"summary_large_image\" \/>\n<meta name=\"twitter:label1\" content=\"Kirjoittanut\" \/>\n\t<meta name=\"twitter:data1\" content=\"Nina Huhtinen\" \/>\n\t<meta name=\"twitter:label2\" content=\"Arvioitu lukuaika\" \/>\n\t<meta name=\"twitter:data2\" content=\"3 minuuttia\" \/>\n<script type=\"application\/ld+json\" class=\"yoast-schema-graph\">{\"@context\":\"https:\\\/\\\/schema.org\",\"@graph\":[{\"@type\":\"Article\",\"@id\":\"https:\\\/\\\/sovittelu.com\\\/vertaissovittelu\\\/ronsy-webinaari-20-11-2025-klo-12-16\\\/#article\",\"isPartOf\":{\"@id\":\"https:\\\/\\\/sovittelu.com\\\/vertaissovittelu\\\/ronsy-webinaari-20-11-2025-klo-12-16\\\/\"},\"author\":{\"name\":\"Nina Huhtinen\",\"@id\":\"https:\\\/\\\/sovittelu.com\\\/vertaissovittelu\\\/#\\\/schema\\\/person\\\/7cf9dc57a10e1fba817a3f9f9cf56494\"},\"headline\":\"R\u00d6NSY-webinaari 20.11.2025 klo 12-16\",\"datePublished\":\"2025-08-15T05:54:22+00:00\",\"dateModified\":\"2025-12-17T08:39:52+00:00\",\"mainEntityOfPage\":{\"@id\":\"https:\\\/\\\/sovittelu.com\\\/vertaissovittelu\\\/ronsy-webinaari-20-11-2025-klo-12-16\\\/\"},\"wordCount\":396,\"publisher\":{\"@id\":\"https:\\\/\\\/sovittelu.com\\\/vertaissovittelu\\\/#organization\"},\"image\":{\"@id\":\"https:\\\/\\\/sovittelu.com\\\/vertaissovittelu\\\/ronsy-webinaari-20-11-2025-klo-12-16\\\/#primaryimage\"},\"thumbnailUrl\":\"https:\\\/\\\/sovittelu.com\\\/vertaissovittelu\\\/wp-content\\\/uploads\\\/2025\\\/08\\\/Save-the-date-RONSY-2024-2-1-1024x1024.png\",\"inLanguage\":\"fi\"},{\"@type\":\"WebPage\",\"@id\":\"https:\\\/\\\/sovittelu.com\\\/vertaissovittelu\\\/ronsy-webinaari-20-11-2025-klo-12-16\\\/\",\"url\":\"https:\\\/\\\/sovittelu.com\\\/vertaissovittelu\\\/ronsy-webinaari-20-11-2025-klo-12-16\\\/\",\"name\":\"R\u00d6NSY-webinaari 20.11.2025 klo 12-16 | Verso\",\"isPartOf\":{\"@id\":\"https:\\\/\\\/sovittelu.com\\\/vertaissovittelu\\\/#website\"},\"primaryImageOfPage\":{\"@id\":\"https:\\\/\\\/sovittelu.com\\\/vertaissovittelu\\\/ronsy-webinaari-20-11-2025-klo-12-16\\\/#primaryimage\"},\"image\":{\"@id\":\"https:\\\/\\\/sovittelu.com\\\/vertaissovittelu\\\/ronsy-webinaari-20-11-2025-klo-12-16\\\/#primaryimage\"},\"thumbnailUrl\":\"https:\\\/\\\/sovittelu.com\\\/vertaissovittelu\\\/wp-content\\\/uploads\\\/2025\\\/08\\\/Save-the-date-RONSY-2024-2-1-1024x1024.png\",\"datePublished\":\"2025-08-15T05:54:22+00:00\",\"dateModified\":\"2025-12-17T08:39:52+00:00\",\"breadcrumb\":{\"@id\":\"https:\\\/\\\/sovittelu.com\\\/vertaissovittelu\\\/ronsy-webinaari-20-11-2025-klo-12-16\\\/#breadcrumb\"},\"inLanguage\":\"fi\",\"potentialAction\":[{\"@type\":\"ReadAction\",\"target\":[\"https:\\\/\\\/sovittelu.com\\\/vertaissovittelu\\\/ronsy-webinaari-20-11-2025-klo-12-16\\\/\"]}]},{\"@type\":\"ImageObject\",\"inLanguage\":\"fi\",\"@id\":\"https:\\\/\\\/sovittelu.com\\\/vertaissovittelu\\\/ronsy-webinaari-20-11-2025-klo-12-16\\\/#primaryimage\",\"url\":\"https:\\\/\\\/sovittelu.com\\\/vertaissovittelu\\\/wp-content\\\/uploads\\\/2025\\\/08\\\/Save-the-date-RONSY-2024-2-1-1024x1024.png\",\"contentUrl\":\"https:\\\/\\\/sovittelu.com\\\/vertaissovittelu\\\/wp-content\\\/uploads\\\/2025\\\/08\\\/Save-the-date-RONSY-2024-2-1-1024x1024.png\"},{\"@type\":\"BreadcrumbList\",\"@id\":\"https:\\\/\\\/sovittelu.com\\\/vertaissovittelu\\\/ronsy-webinaari-20-11-2025-klo-12-16\\\/#breadcrumb\",\"itemListElement\":[{\"@type\":\"ListItem\",\"position\":1,\"name\":\"Etusivu\",\"item\":\"https:\\\/\\\/sovittelu.com\\\/vertaissovittelu\\\/\"},{\"@type\":\"ListItem\",\"position\":2,\"name\":\"R\u00d6NSY-webinaari 20.11.2025 klo 12-16\"}]},{\"@type\":\"WebSite\",\"@id\":\"https:\\\/\\\/sovittelu.com\\\/vertaissovittelu\\\/#website\",\"url\":\"https:\\\/\\\/sovittelu.com\\\/vertaissovittelu\\\/\",\"name\":\"VERSO-ohjelma\",\"description\":\"Vertaissovitteluohjelma\",\"publisher\":{\"@id\":\"https:\\\/\\\/sovittelu.com\\\/vertaissovittelu\\\/#organization\"},\"potentialAction\":[{\"@type\":\"SearchAction\",\"target\":{\"@type\":\"EntryPoint\",\"urlTemplate\":\"https:\\\/\\\/sovittelu.com\\\/vertaissovittelu\\\/?s={search_term_string}\"},\"query-input\":{\"@type\":\"PropertyValueSpecification\",\"valueRequired\":true,\"valueName\":\"search_term_string\"}}],\"inLanguage\":\"fi\"},{\"@type\":\"Organization\",\"@id\":\"https:\\\/\\\/sovittelu.com\\\/vertaissovittelu\\\/#organization\",\"name\":\"VERSO-ohjelma\",\"url\":\"https:\\\/\\\/sovittelu.com\\\/vertaissovittelu\\\/\",\"logo\":{\"@type\":\"ImageObject\",\"inLanguage\":\"fi\",\"@id\":\"https:\\\/\\\/sovittelu.com\\\/vertaissovittelu\\\/#\\\/schema\\\/logo\\\/image\\\/\",\"url\":\"https:\\\/\\\/sovittelu.com\\\/vertaissovittelu\\\/wp-content\\\/uploads\\\/2026\\\/01\\\/verso_ikoni_512x512px.png\",\"contentUrl\":\"https:\\\/\\\/sovittelu.com\\\/vertaissovittelu\\\/wp-content\\\/uploads\\\/2026\\\/01\\\/verso_ikoni_512x512px.png\",\"width\":512,\"height\":512,\"caption\":\"VERSO-ohjelma\"},\"image\":{\"@id\":\"https:\\\/\\\/sovittelu.com\\\/vertaissovittelu\\\/#\\\/schema\\\/logo\\\/image\\\/\"},\"sameAs\":[\"https:\\\/\\\/www.facebook.com\\\/VERSOsovittelu\",\"https:\\\/\\\/www.instagram.com\\\/verso_sovittelu\\\/\"]},{\"@type\":\"Person\",\"@id\":\"https:\\\/\\\/sovittelu.com\\\/vertaissovittelu\\\/#\\\/schema\\\/person\\\/7cf9dc57a10e1fba817a3f9f9cf56494\",\"name\":\"Nina Huhtinen\",\"url\":\"https:\\\/\\\/sovittelu.com\\\/vertaissovittelu\\\/author\\\/nina\\\/\"}]}<\/script>\n<!-- \/ Yoast SEO plugin. -->","yoast_head_json":{"title":"R\u00d6NSY-webinaari 20.11.2025 klo 12-16 | Verso","robots":{"index":"index","follow":"follow","max-snippet":"max-snippet:-1","max-image-preview":"max-image-preview:large","max-video-preview":"max-video-preview:-1"},"canonical":"https:\/\/sovittelu.com\/vertaissovittelu\/ronsy-webinaari-20-11-2025-klo-12-16\/","og_locale":"fi_FI","og_type":"article","og_title":"R\u00d6NSY-webinaari 20.11.2025 klo 12-16 | Verso","og_description":"VERSO-ohjelman valtakunnallinen webinaari R\u00d6NSY tulee taas! Jo seitsem\u00e4nnen kerran toteutettava tapahtuma tarjoaa ajankohtaista asiantuntijapuhetta ja toteutuu t\u00e4n\u00e4 vuonna lapsen oikeuksien p\u00e4iv\u00e4n\u00e4\u00a0to 20.11. klo 12-16\u00a0osana sek\u00e4 lapsen oikeuksien viikkoa\u00a0(https:\/\/lapsenoikeuksienviikko.fi)\u00a0ja kansainv\u00e4list\u00e4 restoratiivisen oikeuden teemaviikkoa\u00a0(RJ Week). Vieraspuhujana kuulemme t\u00e4n\u00e4 vuonna TtT Johanna Kaitsalmea. Kohderyhm\u00e4: VERSO-ohjelman kouluttamat kasvatus- ja opetusalan ammattilaiset ja vertaissovittelijat sek\u00e4 sidosryhmien edustajat. Tilaisuus on maksuton,...","og_url":"https:\/\/sovittelu.com\/vertaissovittelu\/ronsy-webinaari-20-11-2025-klo-12-16\/","og_site_name":"Verso","article_publisher":"https:\/\/www.facebook.com\/VERSOsovittelu","article_published_time":"2025-08-15T05:54:22+00:00","article_modified_time":"2025-12-17T08:39:52+00:00","og_image":[{"width":1200,"height":675,"url":"https:\/\/sovittelu.com\/vertaissovittelu\/wp-content\/uploads\/2025\/12\/verso-ohjelma_1200x675px.jpg","type":"image\/jpeg"}],"author":"Nina Huhtinen","twitter_card":"summary_large_image","twitter_misc":{"Kirjoittanut":"Nina Huhtinen","Arvioitu lukuaika":"3 minuuttia"},"schema":{"@context":"https:\/\/schema.org","@graph":[{"@type":"Article","@id":"https:\/\/sovittelu.com\/vertaissovittelu\/ronsy-webinaari-20-11-2025-klo-12-16\/#article","isPartOf":{"@id":"https:\/\/sovittelu.com\/vertaissovittelu\/ronsy-webinaari-20-11-2025-klo-12-16\/"},"author":{"name":"Nina Huhtinen","@id":"https:\/\/sovittelu.com\/vertaissovittelu\/#\/schema\/person\/7cf9dc57a10e1fba817a3f9f9cf56494"},"headline":"R\u00d6NSY-webinaari 20.11.2025 klo 12-16","datePublished":"2025-08-15T05:54:22+00:00","dateModified":"2025-12-17T08:39:52+00:00","mainEntityOfPage":{"@id":"https:\/\/sovittelu.com\/vertaissovittelu\/ronsy-webinaari-20-11-2025-klo-12-16\/"},"wordCount":396,"publisher":{"@id":"https:\/\/sovittelu.com\/vertaissovittelu\/#organization"},"image":{"@id":"https:\/\/sovittelu.com\/vertaissovittelu\/ronsy-webinaari-20-11-2025-klo-12-16\/#primaryimage"},"thumbnailUrl":"https:\/\/sovittelu.com\/vertaissovittelu\/wp-content\/uploads\/2025\/08\/Save-the-date-RONSY-2024-2-1-1024x1024.png","inLanguage":"fi"},{"@type":"WebPage","@id":"https:\/\/sovittelu.com\/vertaissovittelu\/ronsy-webinaari-20-11-2025-klo-12-16\/","url":"https:\/\/sovittelu.com\/vertaissovittelu\/ronsy-webinaari-20-11-2025-klo-12-16\/","name":"R\u00d6NSY-webinaari 20.11.2025 klo 12-16 | Verso","isPartOf":{"@id":"https:\/\/sovittelu.com\/vertaissovittelu\/#website"},"primaryImageOfPage":{"@id":"https:\/\/sovittelu.com\/vertaissovittelu\/ronsy-webinaari-20-11-2025-klo-12-16\/#primaryimage"},"image":{"@id":"https:\/\/sovittelu.com\/vertaissovittelu\/ronsy-webinaari-20-11-2025-klo-12-16\/#primaryimage"},"thumbnailUrl":"https:\/\/sovittelu.com\/vertaissovittelu\/wp-content\/uploads\/2025\/08\/Save-the-date-RONSY-2024-2-1-1024x1024.png","datePublished":"2025-08-15T05:54:22+00:00","dateModified":"2025-12-17T08:39:52+00:00","breadcrumb":{"@id":"https:\/\/sovittelu.com\/vertaissovittelu\/ronsy-webinaari-20-11-2025-klo-12-16\/#breadcrumb"},"inLanguage":"fi","potentialAction":[{"@type":"ReadAction","target":["https:\/\/sovittelu.com\/vertaissovittelu\/ronsy-webinaari-20-11-2025-klo-12-16\/"]}]},{"@type":"ImageObject","inLanguage":"fi","@id":"https:\/\/sovittelu.com\/vertaissovittelu\/ronsy-webinaari-20-11-2025-klo-12-16\/#primaryimage","url":"https:\/\/sovittelu.com\/vertaissovittelu\/wp-content\/uploads\/2025\/08\/Save-the-date-RONSY-2024-2-1-1024x1024.png","contentUrl":"https:\/\/sovittelu.com\/vertaissovittelu\/wp-content\/uploads\/2025\/08\/Save-the-date-RONSY-2024-2-1-1024x1024.png"},{"@type":"BreadcrumbList","@id":"https:\/\/sovittelu.com\/vertaissovittelu\/ronsy-webinaari-20-11-2025-klo-12-16\/#breadcrumb","itemListElement":[{"@type":"ListItem","position":1,"name":"Etusivu","item":"https:\/\/sovittelu.com\/vertaissovittelu\/"},{"@type":"ListItem","position":2,"name":"R\u00d6NSY-webinaari 20.11.2025 klo 12-16"}]},{"@type":"WebSite","@id":"https:\/\/sovittelu.com\/vertaissovittelu\/#website","url":"https:\/\/sovittelu.com\/vertaissovittelu\/","name":"VERSO-ohjelma","description":"Vertaissovitteluohjelma","publisher":{"@id":"https:\/\/sovittelu.com\/vertaissovittelu\/#organization"},"potentialAction":[{"@type":"SearchAction","target":{"@type":"EntryPoint","urlTemplate":"https:\/\/sovittelu.com\/vertaissovittelu\/?s={search_term_string}"},"query-input":{"@type":"PropertyValueSpecification","valueRequired":true,"valueName":"search_term_string"}}],"inLanguage":"fi"},{"@type":"Organization","@id":"https:\/\/sovittelu.com\/vertaissovittelu\/#organization","name":"VERSO-ohjelma","url":"https:\/\/sovittelu.com\/vertaissovittelu\/","logo":{"@type":"ImageObject","inLanguage":"fi","@id":"https:\/\/sovittelu.com\/vertaissovittelu\/#\/schema\/logo\/image\/","url":"https:\/\/sovittelu.com\/vertaissovittelu\/wp-content\/uploads\/2026\/01\/verso_ikoni_512x512px.png","contentUrl":"https:\/\/sovittelu.com\/vertaissovittelu\/wp-content\/uploads\/2026\/01\/verso_ikoni_512x512px.png","width":512,"height":512,"caption":"VERSO-ohjelma"},"image":{"@id":"https:\/\/sovittelu.com\/vertaissovittelu\/#\/schema\/logo\/image\/"},"sameAs":["https:\/\/www.facebook.com\/VERSOsovittelu","https:\/\/www.instagram.com\/verso_sovittelu\/"]},{"@type":"Person","@id":"https:\/\/sovittelu.com\/vertaissovittelu\/#\/schema\/person\/7cf9dc57a10e1fba817a3f9f9cf56494","name":"Nina Huhtinen","url":"https:\/\/sovittelu.com\/vertaissovittelu\/author\/nina\/"}]}},"_links":{"self":[{"href":"https:\/\/sovittelu.com\/vertaissovittelu\/wp-json\/wp\/v2\/posts\/4998","targetHints":{"allow":["GET"]}}],"collection":[{"href":"https:\/\/sovittelu.com\/vertaissovittelu\/wp-json\/wp\/v2\/posts"}],"about":[{"href":"https:\/\/sovittelu.com\/vertaissovittelu\/wp-json\/wp\/v2\/types\/post"}],"author":[{"embeddable":true,"href":"https:\/\/sovittelu.com\/vertaissovittelu\/wp-json\/wp\/v2\/users\/14"}],"replies":[{"embeddable":true,"href":"https:\/\/sovittelu.com\/vertaissovittelu\/wp-json\/wp\/v2\/comments?post=4998"}],"version-history":[{"count":0,"href":"https:\/\/sovittelu.com\/vertaissovittelu\/wp-json\/wp\/v2\/posts\/4998\/revisions"}],"wp:attachment":[{"href":"https:\/\/sovittelu.com\/vertaissovittelu\/wp-json\/wp\/v2\/media?parent=4998"}],"wp:term":[{"taxonomy":"category","embeddable":true,"href":"https:\/\/sovittelu.com\/vertaissovittelu\/wp-json\/wp\/v2\/categories?post=4998"},{"taxonomy":"post_tag","embeddable":true,"href":"https:\/\/sovittelu.com\/vertaissovittelu\/wp-json\/wp\/v2\/tags?post=4998"}],"curies":[{"name":"wp","href":"https:\/\/api.w.org\/{rel}","templated":true}]}}