{"id":4834,"date":"2025-03-07T10:29:49","date_gmt":"2025-03-07T08:29:49","guid":{"rendered":"https:\/\/sovittelu.com\/vertaissovittelu\/?p=4834"},"modified":"2025-12-17T10:43:50","modified_gmt":"2025-12-17T08:43:50","slug":"sovittelijapaivat-20-21-5-tampereella-restoratiivisuus-sovittelu-ja-yhteiskuntarauha","status":"publish","type":"post","link":"https:\/\/sovittelu.com\/vertaissovittelu\/sovittelijapaivat-20-21-5-tampereella-restoratiivisuus-sovittelu-ja-yhteiskuntarauha\/","title":{"rendered":"Sovittelijap\u00e4iv\u00e4t 20.-21.5. Tampereella: Restoratiivisuus, sovittelu ja yhteiskuntarauha"},"content":{"rendered":"\n<p><strong>Tervetuloa Sovittelijap\u00e4iville 2025 Tampereelle!<\/strong><\/p>\n\n\n\n<p>P\u00e4ivien aikana tarkastellaan yhteiskunnan haastavia, hiljaisia ja n\u00e4kyvi\u00e4 ilmi\u00f6it\u00e4 sek\u00e4 sovittelun ett\u00e4 muiden restoratiivisten menettelyjen merkityst\u00e4, kun autetaan yksil\u00f6it\u00e4 ja yhteis\u00f6j\u00e4 erilaisten j\u00e4nnitteiden, konfliktien ja rikosten k\u00e4sittelyss\u00e4.&nbsp;Kaksip\u00e4iv\u00e4isen tapahtuman ohjelmaan kuuluu alustuspuheenvuoroja, dialogisia paneelikeskusteluja, monipuolisia ty\u00f6pajoja ja mahdollisuuksia keskusteluun ja verkostoitumiseen.<\/p>\n\n\n\n<p>Sovittelijap\u00e4ivien 2025 teema tuo mukaan sovittelun kent\u00e4n lis\u00e4ksi muita yhteiskunnan toimijoita, joiden toimintaan ja p\u00e4\u00e4t\u00f6ksenteon piiriin yhteiskuntarauhan n\u00e4k\u00f6kulmat liittyv\u00e4t (esim. sosiaali- ja terveysala, viranomaiset, kansalaisj\u00e4rjest\u00f6jen edustajat). Sovittelijap\u00e4iv\u00e4t tuovat tuoretta n\u00e4k\u00f6kulmaa erityisesti julkisen puolen toimijoille, joiden ty\u00f6 liittyy perheiden ja nuorten hyvinvointiin. Lis\u00e4ksi polarisaatio, ty\u00f6el\u00e4m\u00e4n murros ja ty\u00f6yhteis\u00f6sovittelun ajankohtaiset tarpeet ovat t\u00e4rkein\u00e4 teemoina esill\u00e4.<\/p>\n\n\n\n<p>Ty\u00f6pajoissa asiantuntijat esittelev\u00e4t toimintaansa, sen tuloksia ja kokemuksia muun muassa viharikosten k\u00e4sittelyst\u00e4, v\u00e4kivaltaty\u00f6st\u00e4 nuorten keskuudessa oppilaitoksissa ja kaduilla, ty\u00f6yhteis\u00f6jen hyvinvoinnista ja toimivista menettelyist\u00e4, sovittelun merkityksest\u00e4 yhteis\u00f6traumoissa, digitaalisesta dialogista ty\u00f6yhteis\u00f6iss\u00e4, vakavien rikosten j\u00e4lkik\u00e4sittelyst\u00e4 ja restoratiivisesta palvelusta l\u00e4hisuhteissa.<\/p>\n\n\n\n<p><strong>Aika: <\/strong>ti 20.5. klo 8.30 \u2013 ke 21.5. klo 15.15<\/p>\n\n\n\n<p><strong>Paikka: <\/strong>Tampereen yliopisto, Keskustakampus, P\u00e4\u00e4talo (Kalevantie 4)<\/p>\n\n\n\n<p><strong>Ilmoittautuminen ja osallistumismaksu: <\/strong>Osallistumismaksu on 70 euroa. Ohjeet osallistumismaksun suorittamiseksi n\u00e4et ilmoittautumisen yhteydess\u00e4.<\/p>\n\n\n\n<p>Ilmoittaudu sovittelijap\u00e4iville t\u00e4ytt\u00e4m\u00e4ll\u00e4 ilmoittautumislomake t\u00e4\u00e4ll\u00e4: <a href=\"https:\/\/www.sovittelijapaivat.fi\/ilmoittautuminen-2025\/\" target=\"_blank\" rel=\"noreferrer noopener\">https:\/\/www.sovittelijapaivat.fi\/ilmoittautuminen-2025\/<\/a><\/p>\n\n\n\n<p>P\u00e4\u00e4set ilmoittautumislomakkeelle my\u00f6s oheisen QR-koodin avulla.<\/p>\n\n\n\n<figure class=\"wp-block-image size-full\"><img loading=\"lazy\" decoding=\"async\" width=\"190\" height=\"174\" src=\"https:\/\/sovittelu.com\/vertaissovittelu\/wp-content\/uploads\/2025\/03\/qr-koodi.jpg\" alt=\"\" class=\"wp-image-13220\"\/><\/figure>\n\n\n\n<p><strong>Ohjelma: <\/strong>Tarkemman ohjelman l\u00f6yd\u00e4t tapahtuman verkkosivuilta&nbsp;<a rel=\"noreferrer noopener\" href=\"http:\/\/www.sovittelijapaivat.fi\" target=\"_blank\">www.sovittelijapaivat.fi<\/a><\/p>\n\n\n\n<p><strong>HUOM! Kaikille kiinnostuneille avoin ja maksuton esiseminaari &#8221;Restoratiivisuus ja yhteiskuntarauha&#8221; toteutuu Teams-et\u00e4ty\u00f6skentelyalustalla to 8.5. klo 14:00-15:30.<\/strong> P\u00e4\u00e4set liittym\u00e4\u00e4n mukaan alla olevasta Teams-linkist\u00e4 kohdassa &#8221;Liity kokoukseen nyt&#8221; tai sy\u00f6tt\u00e4m\u00e4ll\u00e4 kokoustunnuksen ja tunnuskoodin Teams-sovelluksessa. Koollekutsujana toimii sovittelijap\u00e4ivien koordinaattori Jens Gellin \/ jens@gellin.fi<\/p>\n\n\n\n<p><strong>Microsoft Teams<\/strong>\u00a0<a href=\"https:\/\/aka.ms\/JoinTeamsMeeting?omkt=fi-FI\" target=\"_blank\" rel=\"noreferrer noopener\">Tarvitsetko apua?<\/a><\/p>\n\n\n\n<p><a href=\"https:\/\/teams.microsoft.com\/l\/meetup-join\/19%3ameeting_ODVjOGY1NDctOGE4NC00NzcwLWE5ZjgtMGE1YjI5ZTRmZTFj%40thread.v2\/0?context=%7b%22Tid%22%3a%22454660ed-91bb-4afc-9fa8-2644ac452980%22%2c%22Oid%22%3a%226d44f367-ccad-4213-b871-637683cf2ed5%22%7d\" target=\"_blank\" rel=\"noreferrer noopener\"><strong>Liity kokoukseen nyt<\/strong><\/a><\/p>\n\n\n\n<p>Kokoustunnus:&nbsp;355 761 275 426<\/p>\n\n\n\n<p>Tunnuskoodi:&nbsp;Sy7kd39q<\/p>\n\n\n\n<figure class=\"wp-block-image size-full is-resized\"><img loading=\"lazy\" decoding=\"async\" width=\"1024\" height=\"1024\" src=\"https:\/\/sovittelu.com\/vertaissovittelu\/wp-content\/uploads\/2025\/03\/restoratiivisuus_ja_yhteiskuntarauha-1024x1024-1.jpg\" alt=\"\" class=\"wp-image-13221\" style=\"width:331px;height:331px\" srcset=\"https:\/\/sovittelu.com\/vertaissovittelu\/wp-content\/uploads\/2025\/03\/restoratiivisuus_ja_yhteiskuntarauha-1024x1024-1.jpg 1024w, https:\/\/sovittelu.com\/vertaissovittelu\/wp-content\/uploads\/2025\/03\/restoratiivisuus_ja_yhteiskuntarauha-1024x1024-1-500x500.jpg 500w, https:\/\/sovittelu.com\/vertaissovittelu\/wp-content\/uploads\/2025\/03\/restoratiivisuus_ja_yhteiskuntarauha-1024x1024-1-768x768.jpg 768w\" sizes=\"auto, (max-width: 1024px) 100vw, 1024px\" \/><\/figure>\n\n\n\n<p><strong>Lis\u00e4tietoja:<\/strong><\/p>\n\n\n\n<p>Jens Gellin, sovittelijap\u00e4ivien koordinaattori,&nbsp;jens@gellin.fi<\/p>\n\n\n\n<p>Saija J\u00e4rvinen, neuvotteleva virkamies, oikeusministeri\u00f6,&nbsp;saija.jarvinen@gov.fi<\/p>\n\n\n\n<p>Ilona Rimpil\u00e4, erityisasiantuntija Terveyden ja hyvinvoinnin laitos,&nbsp;ilona.rimpila@thl.fi<\/p>\n\n\n\n<p>Yhteisty\u00f6ss\u00e4:<\/p>\n\n\n\n<p>Terveyden ja hyvinvoinnin laitos, oikeusministeri\u00f6, rikoksentorjuntaneuvosto, Suomen Sovittelufoorumi, MAP Finland, Aseman Lapset ry, Osuuskunta Onni-Inno ok<\/p>\n","protected":false},"excerpt":{"rendered":"<p>Tervetuloa Sovittelijap\u00e4iville 2025 Tampereelle! P\u00e4ivien aikana tarkastellaan yhteiskunnan haastavia, hiljaisia ja n\u00e4kyvi\u00e4 ilmi\u00f6it\u00e4 sek\u00e4 sovittelun ett\u00e4 muiden restoratiivisten menettelyjen merkityst\u00e4, kun autetaan yksil\u00f6it\u00e4 ja yhteis\u00f6j\u00e4 erilaisten j\u00e4nnitteiden, konfliktien ja rikosten k\u00e4sittelyss\u00e4.&nbsp;Kaksip\u00e4iv\u00e4isen tapahtuman ohjelmaan kuuluu alustuspuheenvuoroja, dialogisia paneelikeskusteluja, monipuolisia ty\u00f6pajoja ja mahdollisuuksia keskusteluun ja verkostoitumiseen. Sovittelijap\u00e4ivien 2025 teema tuo mukaan sovittelun kent\u00e4n lis\u00e4ksi muita yhteiskunnan toimijoita,&#8230;<\/p>\n","protected":false},"author":14,"featured_media":0,"comment_status":"closed","ping_status":"closed","sticky":false,"template":"","format":"standard","meta":{"_kad_post_transparent":"","_kad_post_title":"","_kad_post_layout":"","_kad_post_sidebar_id":"","_kad_post_content_style":"","_kad_post_vertical_padding":"","_kad_post_feature":"","_kad_post_feature_position":"","_kad_post_header":false,"_kad_post_footer":false,"_kad_post_classname":"","footnotes":""},"categories":[1],"tags":[200,214,206,41,148,25,207],"class_list":["post-4834","post","type-post","status-publish","format-standard","hentry","category-yleinen","tag-200","tag-esiseminaari","tag-konferenssi","tag-restoratiivisuus","tag-sovittelijapaivat","tag-sovittelu","tag-yhteiskuntarauha"],"yoast_head":"<!-- This site is optimized with the Yoast SEO plugin v27.5 - https:\/\/yoast.com\/product\/yoast-seo-wordpress\/ -->\n<title>Sovittelijap\u00e4iv\u00e4t 20.-21.5. Tampereella: Restoratiivisuus, sovittelu ja yhteiskuntarauha | Verso<\/title>\n<meta name=\"robots\" content=\"index, follow, max-snippet:-1, max-image-preview:large, max-video-preview:-1\" \/>\n<link rel=\"canonical\" href=\"https:\/\/sovittelu.com\/vertaissovittelu\/sovittelijapaivat-20-21-5-tampereella-restoratiivisuus-sovittelu-ja-yhteiskuntarauha\/\" \/>\n<meta property=\"og:locale\" content=\"fi_FI\" \/>\n<meta property=\"og:type\" content=\"article\" \/>\n<meta property=\"og:title\" content=\"Sovittelijap\u00e4iv\u00e4t 20.-21.5. Tampereella: Restoratiivisuus, sovittelu ja yhteiskuntarauha | Verso\" \/>\n<meta property=\"og:description\" content=\"Tervetuloa Sovittelijap\u00e4iville 2025 Tampereelle! P\u00e4ivien aikana tarkastellaan yhteiskunnan haastavia, hiljaisia ja n\u00e4kyvi\u00e4 ilmi\u00f6it\u00e4 sek\u00e4 sovittelun ett\u00e4 muiden restoratiivisten menettelyjen merkityst\u00e4, kun autetaan yksil\u00f6it\u00e4 ja yhteis\u00f6j\u00e4 erilaisten j\u00e4nnitteiden, konfliktien ja rikosten k\u00e4sittelyss\u00e4.&nbsp;Kaksip\u00e4iv\u00e4isen tapahtuman ohjelmaan kuuluu alustuspuheenvuoroja, dialogisia paneelikeskusteluja, monipuolisia ty\u00f6pajoja ja mahdollisuuksia keskusteluun ja verkostoitumiseen. Sovittelijap\u00e4ivien 2025 teema tuo mukaan sovittelun kent\u00e4n lis\u00e4ksi muita yhteiskunnan toimijoita,...\" \/>\n<meta property=\"og:url\" content=\"https:\/\/sovittelu.com\/vertaissovittelu\/sovittelijapaivat-20-21-5-tampereella-restoratiivisuus-sovittelu-ja-yhteiskuntarauha\/\" \/>\n<meta property=\"og:site_name\" content=\"Verso\" \/>\n<meta property=\"article:publisher\" content=\"https:\/\/www.facebook.com\/VERSOsovittelu\" \/>\n<meta property=\"article:published_time\" content=\"2025-03-07T08:29:49+00:00\" \/>\n<meta property=\"article:modified_time\" content=\"2025-12-17T08:43:50+00:00\" \/>\n<meta property=\"og:image\" content=\"https:\/\/sovittelu.com\/vertaissovittelu\/wp-content\/uploads\/2025\/03\/qr-koodi.jpg\" \/>\n\t<meta property=\"og:image:width\" content=\"190\" \/>\n\t<meta property=\"og:image:height\" content=\"174\" \/>\n\t<meta property=\"og:image:type\" content=\"image\/jpeg\" \/>\n<meta name=\"author\" content=\"Nina Huhtinen\" \/>\n<meta name=\"twitter:card\" content=\"summary_large_image\" \/>\n<meta name=\"twitter:label1\" content=\"Kirjoittanut\" \/>\n\t<meta name=\"twitter:data1\" content=\"Nina Huhtinen\" \/>\n\t<meta name=\"twitter:label2\" content=\"Arvioitu lukuaika\" \/>\n\t<meta name=\"twitter:data2\" content=\"3 minuuttia\" \/>\n<script type=\"application\/ld+json\" class=\"yoast-schema-graph\">{\"@context\":\"https:\\\/\\\/schema.org\",\"@graph\":[{\"@type\":\"Article\",\"@id\":\"https:\\\/\\\/sovittelu.com\\\/vertaissovittelu\\\/sovittelijapaivat-20-21-5-tampereella-restoratiivisuus-sovittelu-ja-yhteiskuntarauha\\\/#article\",\"isPartOf\":{\"@id\":\"https:\\\/\\\/sovittelu.com\\\/vertaissovittelu\\\/sovittelijapaivat-20-21-5-tampereella-restoratiivisuus-sovittelu-ja-yhteiskuntarauha\\\/\"},\"author\":{\"name\":\"Nina Huhtinen\",\"@id\":\"https:\\\/\\\/sovittelu.com\\\/vertaissovittelu\\\/#\\\/schema\\\/person\\\/7cf9dc57a10e1fba817a3f9f9cf56494\"},\"headline\":\"Sovittelijap\u00e4iv\u00e4t 20.-21.5. Tampereella: Restoratiivisuus, sovittelu ja yhteiskuntarauha\",\"datePublished\":\"2025-03-07T08:29:49+00:00\",\"dateModified\":\"2025-12-17T08:43:50+00:00\",\"mainEntityOfPage\":{\"@id\":\"https:\\\/\\\/sovittelu.com\\\/vertaissovittelu\\\/sovittelijapaivat-20-21-5-tampereella-restoratiivisuus-sovittelu-ja-yhteiskuntarauha\\\/\"},\"wordCount\":361,\"publisher\":{\"@id\":\"https:\\\/\\\/sovittelu.com\\\/vertaissovittelu\\\/#organization\"},\"image\":{\"@id\":\"https:\\\/\\\/sovittelu.com\\\/vertaissovittelu\\\/sovittelijapaivat-20-21-5-tampereella-restoratiivisuus-sovittelu-ja-yhteiskuntarauha\\\/#primaryimage\"},\"thumbnailUrl\":\"https:\\\/\\\/sovittelu.com\\\/vertaissovittelu\\\/wp-content\\\/uploads\\\/2025\\\/03\\\/qr-koodi.jpg\",\"keywords\":[\"2025\",\"esiseminaari\",\"konferenssi\",\"restoratiivisuus\",\"Sovittelijap\u00e4iv\u00e4t\",\"sovittelu\",\"yhteiskuntarauha\"],\"inLanguage\":\"fi\"},{\"@type\":\"WebPage\",\"@id\":\"https:\\\/\\\/sovittelu.com\\\/vertaissovittelu\\\/sovittelijapaivat-20-21-5-tampereella-restoratiivisuus-sovittelu-ja-yhteiskuntarauha\\\/\",\"url\":\"https:\\\/\\\/sovittelu.com\\\/vertaissovittelu\\\/sovittelijapaivat-20-21-5-tampereella-restoratiivisuus-sovittelu-ja-yhteiskuntarauha\\\/\",\"name\":\"Sovittelijap\u00e4iv\u00e4t 20.-21.5. Tampereella: Restoratiivisuus, sovittelu ja yhteiskuntarauha | Verso\",\"isPartOf\":{\"@id\":\"https:\\\/\\\/sovittelu.com\\\/vertaissovittelu\\\/#website\"},\"primaryImageOfPage\":{\"@id\":\"https:\\\/\\\/sovittelu.com\\\/vertaissovittelu\\\/sovittelijapaivat-20-21-5-tampereella-restoratiivisuus-sovittelu-ja-yhteiskuntarauha\\\/#primaryimage\"},\"image\":{\"@id\":\"https:\\\/\\\/sovittelu.com\\\/vertaissovittelu\\\/sovittelijapaivat-20-21-5-tampereella-restoratiivisuus-sovittelu-ja-yhteiskuntarauha\\\/#primaryimage\"},\"thumbnailUrl\":\"https:\\\/\\\/sovittelu.com\\\/vertaissovittelu\\\/wp-content\\\/uploads\\\/2025\\\/03\\\/qr-koodi.jpg\",\"datePublished\":\"2025-03-07T08:29:49+00:00\",\"dateModified\":\"2025-12-17T08:43:50+00:00\",\"breadcrumb\":{\"@id\":\"https:\\\/\\\/sovittelu.com\\\/vertaissovittelu\\\/sovittelijapaivat-20-21-5-tampereella-restoratiivisuus-sovittelu-ja-yhteiskuntarauha\\\/#breadcrumb\"},\"inLanguage\":\"fi\",\"potentialAction\":[{\"@type\":\"ReadAction\",\"target\":[\"https:\\\/\\\/sovittelu.com\\\/vertaissovittelu\\\/sovittelijapaivat-20-21-5-tampereella-restoratiivisuus-sovittelu-ja-yhteiskuntarauha\\\/\"]}]},{\"@type\":\"ImageObject\",\"inLanguage\":\"fi\",\"@id\":\"https:\\\/\\\/sovittelu.com\\\/vertaissovittelu\\\/sovittelijapaivat-20-21-5-tampereella-restoratiivisuus-sovittelu-ja-yhteiskuntarauha\\\/#primaryimage\",\"url\":\"https:\\\/\\\/sovittelu.com\\\/vertaissovittelu\\\/wp-content\\\/uploads\\\/2025\\\/03\\\/qr-koodi.jpg\",\"contentUrl\":\"https:\\\/\\\/sovittelu.com\\\/vertaissovittelu\\\/wp-content\\\/uploads\\\/2025\\\/03\\\/qr-koodi.jpg\",\"width\":190,\"height\":174,\"caption\":\"Qr-koodi\"},{\"@type\":\"BreadcrumbList\",\"@id\":\"https:\\\/\\\/sovittelu.com\\\/vertaissovittelu\\\/sovittelijapaivat-20-21-5-tampereella-restoratiivisuus-sovittelu-ja-yhteiskuntarauha\\\/#breadcrumb\",\"itemListElement\":[{\"@type\":\"ListItem\",\"position\":1,\"name\":\"Etusivu\",\"item\":\"https:\\\/\\\/sovittelu.com\\\/vertaissovittelu\\\/\"},{\"@type\":\"ListItem\",\"position\":2,\"name\":\"Sovittelijap\u00e4iv\u00e4t 20.-21.5. Tampereella: Restoratiivisuus, sovittelu ja yhteiskuntarauha\"}]},{\"@type\":\"WebSite\",\"@id\":\"https:\\\/\\\/sovittelu.com\\\/vertaissovittelu\\\/#website\",\"url\":\"https:\\\/\\\/sovittelu.com\\\/vertaissovittelu\\\/\",\"name\":\"VERSO-ohjelma\",\"description\":\"Vertaissovitteluohjelma\",\"publisher\":{\"@id\":\"https:\\\/\\\/sovittelu.com\\\/vertaissovittelu\\\/#organization\"},\"potentialAction\":[{\"@type\":\"SearchAction\",\"target\":{\"@type\":\"EntryPoint\",\"urlTemplate\":\"https:\\\/\\\/sovittelu.com\\\/vertaissovittelu\\\/?s={search_term_string}\"},\"query-input\":{\"@type\":\"PropertyValueSpecification\",\"valueRequired\":true,\"valueName\":\"search_term_string\"}}],\"inLanguage\":\"fi\"},{\"@type\":\"Organization\",\"@id\":\"https:\\\/\\\/sovittelu.com\\\/vertaissovittelu\\\/#organization\",\"name\":\"VERSO-ohjelma\",\"url\":\"https:\\\/\\\/sovittelu.com\\\/vertaissovittelu\\\/\",\"logo\":{\"@type\":\"ImageObject\",\"inLanguage\":\"fi\",\"@id\":\"https:\\\/\\\/sovittelu.com\\\/vertaissovittelu\\\/#\\\/schema\\\/logo\\\/image\\\/\",\"url\":\"https:\\\/\\\/sovittelu.com\\\/vertaissovittelu\\\/wp-content\\\/uploads\\\/2026\\\/01\\\/verso_ikoni_512x512px.png\",\"contentUrl\":\"https:\\\/\\\/sovittelu.com\\\/vertaissovittelu\\\/wp-content\\\/uploads\\\/2026\\\/01\\\/verso_ikoni_512x512px.png\",\"width\":512,\"height\":512,\"caption\":\"VERSO-ohjelma\"},\"image\":{\"@id\":\"https:\\\/\\\/sovittelu.com\\\/vertaissovittelu\\\/#\\\/schema\\\/logo\\\/image\\\/\"},\"sameAs\":[\"https:\\\/\\\/www.facebook.com\\\/VERSOsovittelu\",\"https:\\\/\\\/www.instagram.com\\\/verso_sovittelu\\\/\"]},{\"@type\":\"Person\",\"@id\":\"https:\\\/\\\/sovittelu.com\\\/vertaissovittelu\\\/#\\\/schema\\\/person\\\/7cf9dc57a10e1fba817a3f9f9cf56494\",\"name\":\"Nina Huhtinen\",\"url\":\"https:\\\/\\\/sovittelu.com\\\/vertaissovittelu\\\/author\\\/nina\\\/\"}]}<\/script>\n<!-- \/ Yoast SEO plugin. -->","yoast_head_json":{"title":"Sovittelijap\u00e4iv\u00e4t 20.-21.5. Tampereella: Restoratiivisuus, sovittelu ja yhteiskuntarauha | Verso","robots":{"index":"index","follow":"follow","max-snippet":"max-snippet:-1","max-image-preview":"max-image-preview:large","max-video-preview":"max-video-preview:-1"},"canonical":"https:\/\/sovittelu.com\/vertaissovittelu\/sovittelijapaivat-20-21-5-tampereella-restoratiivisuus-sovittelu-ja-yhteiskuntarauha\/","og_locale":"fi_FI","og_type":"article","og_title":"Sovittelijap\u00e4iv\u00e4t 20.-21.5. Tampereella: Restoratiivisuus, sovittelu ja yhteiskuntarauha | Verso","og_description":"Tervetuloa Sovittelijap\u00e4iville 2025 Tampereelle! P\u00e4ivien aikana tarkastellaan yhteiskunnan haastavia, hiljaisia ja n\u00e4kyvi\u00e4 ilmi\u00f6it\u00e4 sek\u00e4 sovittelun ett\u00e4 muiden restoratiivisten menettelyjen merkityst\u00e4, kun autetaan yksil\u00f6it\u00e4 ja yhteis\u00f6j\u00e4 erilaisten j\u00e4nnitteiden, konfliktien ja rikosten k\u00e4sittelyss\u00e4.&nbsp;Kaksip\u00e4iv\u00e4isen tapahtuman ohjelmaan kuuluu alustuspuheenvuoroja, dialogisia paneelikeskusteluja, monipuolisia ty\u00f6pajoja ja mahdollisuuksia keskusteluun ja verkostoitumiseen. Sovittelijap\u00e4ivien 2025 teema tuo mukaan sovittelun kent\u00e4n lis\u00e4ksi muita yhteiskunnan toimijoita,...","og_url":"https:\/\/sovittelu.com\/vertaissovittelu\/sovittelijapaivat-20-21-5-tampereella-restoratiivisuus-sovittelu-ja-yhteiskuntarauha\/","og_site_name":"Verso","article_publisher":"https:\/\/www.facebook.com\/VERSOsovittelu","article_published_time":"2025-03-07T08:29:49+00:00","article_modified_time":"2025-12-17T08:43:50+00:00","og_image":[{"width":190,"height":174,"url":"https:\/\/sovittelu.com\/vertaissovittelu\/wp-content\/uploads\/2025\/03\/qr-koodi.jpg","type":"image\/jpeg"}],"author":"Nina Huhtinen","twitter_card":"summary_large_image","twitter_misc":{"Kirjoittanut":"Nina Huhtinen","Arvioitu lukuaika":"3 minuuttia"},"schema":{"@context":"https:\/\/schema.org","@graph":[{"@type":"Article","@id":"https:\/\/sovittelu.com\/vertaissovittelu\/sovittelijapaivat-20-21-5-tampereella-restoratiivisuus-sovittelu-ja-yhteiskuntarauha\/#article","isPartOf":{"@id":"https:\/\/sovittelu.com\/vertaissovittelu\/sovittelijapaivat-20-21-5-tampereella-restoratiivisuus-sovittelu-ja-yhteiskuntarauha\/"},"author":{"name":"Nina Huhtinen","@id":"https:\/\/sovittelu.com\/vertaissovittelu\/#\/schema\/person\/7cf9dc57a10e1fba817a3f9f9cf56494"},"headline":"Sovittelijap\u00e4iv\u00e4t 20.-21.5. Tampereella: Restoratiivisuus, sovittelu ja yhteiskuntarauha","datePublished":"2025-03-07T08:29:49+00:00","dateModified":"2025-12-17T08:43:50+00:00","mainEntityOfPage":{"@id":"https:\/\/sovittelu.com\/vertaissovittelu\/sovittelijapaivat-20-21-5-tampereella-restoratiivisuus-sovittelu-ja-yhteiskuntarauha\/"},"wordCount":361,"publisher":{"@id":"https:\/\/sovittelu.com\/vertaissovittelu\/#organization"},"image":{"@id":"https:\/\/sovittelu.com\/vertaissovittelu\/sovittelijapaivat-20-21-5-tampereella-restoratiivisuus-sovittelu-ja-yhteiskuntarauha\/#primaryimage"},"thumbnailUrl":"https:\/\/sovittelu.com\/vertaissovittelu\/wp-content\/uploads\/2025\/03\/qr-koodi.jpg","keywords":["2025","esiseminaari","konferenssi","restoratiivisuus","Sovittelijap\u00e4iv\u00e4t","sovittelu","yhteiskuntarauha"],"inLanguage":"fi"},{"@type":"WebPage","@id":"https:\/\/sovittelu.com\/vertaissovittelu\/sovittelijapaivat-20-21-5-tampereella-restoratiivisuus-sovittelu-ja-yhteiskuntarauha\/","url":"https:\/\/sovittelu.com\/vertaissovittelu\/sovittelijapaivat-20-21-5-tampereella-restoratiivisuus-sovittelu-ja-yhteiskuntarauha\/","name":"Sovittelijap\u00e4iv\u00e4t 20.-21.5. Tampereella: Restoratiivisuus, sovittelu ja yhteiskuntarauha | Verso","isPartOf":{"@id":"https:\/\/sovittelu.com\/vertaissovittelu\/#website"},"primaryImageOfPage":{"@id":"https:\/\/sovittelu.com\/vertaissovittelu\/sovittelijapaivat-20-21-5-tampereella-restoratiivisuus-sovittelu-ja-yhteiskuntarauha\/#primaryimage"},"image":{"@id":"https:\/\/sovittelu.com\/vertaissovittelu\/sovittelijapaivat-20-21-5-tampereella-restoratiivisuus-sovittelu-ja-yhteiskuntarauha\/#primaryimage"},"thumbnailUrl":"https:\/\/sovittelu.com\/vertaissovittelu\/wp-content\/uploads\/2025\/03\/qr-koodi.jpg","datePublished":"2025-03-07T08:29:49+00:00","dateModified":"2025-12-17T08:43:50+00:00","breadcrumb":{"@id":"https:\/\/sovittelu.com\/vertaissovittelu\/sovittelijapaivat-20-21-5-tampereella-restoratiivisuus-sovittelu-ja-yhteiskuntarauha\/#breadcrumb"},"inLanguage":"fi","potentialAction":[{"@type":"ReadAction","target":["https:\/\/sovittelu.com\/vertaissovittelu\/sovittelijapaivat-20-21-5-tampereella-restoratiivisuus-sovittelu-ja-yhteiskuntarauha\/"]}]},{"@type":"ImageObject","inLanguage":"fi","@id":"https:\/\/sovittelu.com\/vertaissovittelu\/sovittelijapaivat-20-21-5-tampereella-restoratiivisuus-sovittelu-ja-yhteiskuntarauha\/#primaryimage","url":"https:\/\/sovittelu.com\/vertaissovittelu\/wp-content\/uploads\/2025\/03\/qr-koodi.jpg","contentUrl":"https:\/\/sovittelu.com\/vertaissovittelu\/wp-content\/uploads\/2025\/03\/qr-koodi.jpg","width":190,"height":174,"caption":"Qr-koodi"},{"@type":"BreadcrumbList","@id":"https:\/\/sovittelu.com\/vertaissovittelu\/sovittelijapaivat-20-21-5-tampereella-restoratiivisuus-sovittelu-ja-yhteiskuntarauha\/#breadcrumb","itemListElement":[{"@type":"ListItem","position":1,"name":"Etusivu","item":"https:\/\/sovittelu.com\/vertaissovittelu\/"},{"@type":"ListItem","position":2,"name":"Sovittelijap\u00e4iv\u00e4t 20.-21.5. Tampereella: Restoratiivisuus, sovittelu ja yhteiskuntarauha"}]},{"@type":"WebSite","@id":"https:\/\/sovittelu.com\/vertaissovittelu\/#website","url":"https:\/\/sovittelu.com\/vertaissovittelu\/","name":"VERSO-ohjelma","description":"Vertaissovitteluohjelma","publisher":{"@id":"https:\/\/sovittelu.com\/vertaissovittelu\/#organization"},"potentialAction":[{"@type":"SearchAction","target":{"@type":"EntryPoint","urlTemplate":"https:\/\/sovittelu.com\/vertaissovittelu\/?s={search_term_string}"},"query-input":{"@type":"PropertyValueSpecification","valueRequired":true,"valueName":"search_term_string"}}],"inLanguage":"fi"},{"@type":"Organization","@id":"https:\/\/sovittelu.com\/vertaissovittelu\/#organization","name":"VERSO-ohjelma","url":"https:\/\/sovittelu.com\/vertaissovittelu\/","logo":{"@type":"ImageObject","inLanguage":"fi","@id":"https:\/\/sovittelu.com\/vertaissovittelu\/#\/schema\/logo\/image\/","url":"https:\/\/sovittelu.com\/vertaissovittelu\/wp-content\/uploads\/2026\/01\/verso_ikoni_512x512px.png","contentUrl":"https:\/\/sovittelu.com\/vertaissovittelu\/wp-content\/uploads\/2026\/01\/verso_ikoni_512x512px.png","width":512,"height":512,"caption":"VERSO-ohjelma"},"image":{"@id":"https:\/\/sovittelu.com\/vertaissovittelu\/#\/schema\/logo\/image\/"},"sameAs":["https:\/\/www.facebook.com\/VERSOsovittelu","https:\/\/www.instagram.com\/verso_sovittelu\/"]},{"@type":"Person","@id":"https:\/\/sovittelu.com\/vertaissovittelu\/#\/schema\/person\/7cf9dc57a10e1fba817a3f9f9cf56494","name":"Nina Huhtinen","url":"https:\/\/sovittelu.com\/vertaissovittelu\/author\/nina\/"}]}},"_links":{"self":[{"href":"https:\/\/sovittelu.com\/vertaissovittelu\/wp-json\/wp\/v2\/posts\/4834","targetHints":{"allow":["GET"]}}],"collection":[{"href":"https:\/\/sovittelu.com\/vertaissovittelu\/wp-json\/wp\/v2\/posts"}],"about":[{"href":"https:\/\/sovittelu.com\/vertaissovittelu\/wp-json\/wp\/v2\/types\/post"}],"author":[{"embeddable":true,"href":"https:\/\/sovittelu.com\/vertaissovittelu\/wp-json\/wp\/v2\/users\/14"}],"replies":[{"embeddable":true,"href":"https:\/\/sovittelu.com\/vertaissovittelu\/wp-json\/wp\/v2\/comments?post=4834"}],"version-history":[{"count":0,"href":"https:\/\/sovittelu.com\/vertaissovittelu\/wp-json\/wp\/v2\/posts\/4834\/revisions"}],"wp:attachment":[{"href":"https:\/\/sovittelu.com\/vertaissovittelu\/wp-json\/wp\/v2\/media?parent=4834"}],"wp:term":[{"taxonomy":"category","embeddable":true,"href":"https:\/\/sovittelu.com\/vertaissovittelu\/wp-json\/wp\/v2\/categories?post=4834"},{"taxonomy":"post_tag","embeddable":true,"href":"https:\/\/sovittelu.com\/vertaissovittelu\/wp-json\/wp\/v2\/tags?post=4834"}],"curies":[{"name":"wp","href":"https:\/\/api.w.org\/{rel}","templated":true}]}}