{"id":4422,"date":"2024-08-29T15:55:50","date_gmt":"2024-08-29T12:55:50","guid":{"rendered":"https:\/\/sovittelu.com\/vertaissovittelu\/?p=4422"},"modified":"2025-11-23T22:27:40","modified_gmt":"2025-11-23T20:27:40","slug":"verso-viikkoa-vietetaan-taas-2-6-9-2024","status":"publish","type":"post","link":"https:\/\/sovittelu.com\/vertaissovittelu\/verso-viikkoa-vietetaan-taas-2-6-9-2024\/","title":{"rendered":"VERSO-viikkoa vietet\u00e4\u00e4n taas 2.-6.9.2024!"},"content":{"rendered":"\n<p>Valtakunnallinen VERSO-viikko tulee taas syyskuun alussa ma-pe 2.-6.9.2024! Voit seurata Facebook-sivuamme ja Instagram-tilimme p\u00e4ivitt\u00e4isi\u00e4 teemapostauksia tai ideoida ja toteuttaa aivan omanlaisen teemaviikon!  <\/p>\n\n\n\n<figure class=\"wp-block-image size-full is-resized\"><img loading=\"lazy\" decoding=\"async\" width=\"768\" height=\"831\" src=\"https:\/\/sovittelu.com\/vertaissovittelu\/wp-content\/uploads\/2024\/08\/Screenshot-2024-08-29-at-15.54.55-768x831-1.png\" alt=\"\" class=\"wp-image-13238\" style=\"width:265px;height:286px\" srcset=\"https:\/\/sovittelu.com\/vertaissovittelu\/wp-content\/uploads\/2024\/08\/Screenshot-2024-08-29-at-15.54.55-768x831-1.png 768w, https:\/\/sovittelu.com\/vertaissovittelu\/wp-content\/uploads\/2024\/08\/Screenshot-2024-08-29-at-15.54.55-768x831-1-462x500.png 462w\" sizes=\"auto, (max-width: 768px) 100vw, 768px\" \/><\/figure>\n","protected":false},"excerpt":{"rendered":"<p>Valtakunnallinen VERSO-viikko tulee taas syyskuun alussa ma-pe 2.-6.9.2024! Voit seurata Facebook-sivuamme ja Instagram-tilimme p\u00e4ivitt\u00e4isi\u00e4 teemapostauksia tai ideoida ja toteuttaa aivan omanlaisen teemaviikon!<\/p>\n","protected":false},"author":14,"featured_media":0,"comment_status":"closed","ping_status":"closed","sticky":false,"template":"","format":"standard","meta":{"_kad_post_transparent":"","_kad_post_title":"","_kad_post_layout":"","_kad_post_sidebar_id":"","_kad_post_content_style":"","_kad_post_vertical_padding":"","_kad_post_feature":"","_kad_post_feature_position":"","_kad_post_header":false,"_kad_post_footer":false,"_kad_post_classname":"","footnotes":""},"categories":[1],"tags":[],"class_list":["post-4422","post","type-post","status-publish","format-standard","hentry","category-yleinen"],"yoast_head":"<!-- This site is optimized with the Yoast SEO plugin v27.5 - https:\/\/yoast.com\/product\/yoast-seo-wordpress\/ -->\n<title>VERSO-viikkoa vietet\u00e4\u00e4n taas 2.-6.9.2024! | Verso<\/title>\n<meta name=\"robots\" content=\"index, follow, max-snippet:-1, max-image-preview:large, max-video-preview:-1\" \/>\n<link rel=\"canonical\" href=\"https:\/\/sovittelu.com\/vertaissovittelu\/verso-viikkoa-vietetaan-taas-2-6-9-2024\/\" \/>\n<meta property=\"og:locale\" content=\"fi_FI\" \/>\n<meta property=\"og:type\" content=\"article\" \/>\n<meta property=\"og:title\" content=\"VERSO-viikkoa vietet\u00e4\u00e4n taas 2.-6.9.2024! | Verso\" \/>\n<meta property=\"og:description\" content=\"Valtakunnallinen VERSO-viikko tulee taas syyskuun alussa ma-pe 2.-6.9.2024! Voit seurata Facebook-sivuamme ja Instagram-tilimme p\u00e4ivitt\u00e4isi\u00e4 teemapostauksia tai ideoida ja toteuttaa aivan omanlaisen teemaviikon!\" \/>\n<meta property=\"og:url\" content=\"https:\/\/sovittelu.com\/vertaissovittelu\/verso-viikkoa-vietetaan-taas-2-6-9-2024\/\" \/>\n<meta property=\"og:site_name\" content=\"Verso\" \/>\n<meta property=\"article:publisher\" content=\"https:\/\/www.facebook.com\/VERSOsovittelu\" \/>\n<meta property=\"article:published_time\" content=\"2024-08-29T12:55:50+00:00\" \/>\n<meta property=\"article:modified_time\" content=\"2025-11-23T20:27:40+00:00\" \/>\n<meta property=\"og:image\" content=\"https:\/\/sovittelu.com\/vertaissovittelu\/wp-content\/uploads\/2024\/08\/Screenshot-2024-08-29-at-15.54.55-768x831-1.png\" \/>\n\t<meta property=\"og:image:width\" content=\"768\" \/>\n\t<meta property=\"og:image:height\" content=\"831\" \/>\n\t<meta property=\"og:image:type\" content=\"image\/png\" \/>\n<meta name=\"author\" content=\"Nina Huhtinen\" \/>\n<meta name=\"twitter:card\" content=\"summary_large_image\" \/>\n<meta name=\"twitter:label1\" content=\"Kirjoittanut\" \/>\n\t<meta name=\"twitter:data1\" content=\"Nina Huhtinen\" \/>\n\t<meta name=\"twitter:label2\" content=\"Arvioitu lukuaika\" \/>\n\t<meta name=\"twitter:data2\" content=\"1 minuutti\" \/>\n<script type=\"application\/ld+json\" class=\"yoast-schema-graph\">{\"@context\":\"https:\\\/\\\/schema.org\",\"@graph\":[{\"@type\":\"Article\",\"@id\":\"https:\\\/\\\/sovittelu.com\\\/vertaissovittelu\\\/verso-viikkoa-vietetaan-taas-2-6-9-2024\\\/#article\",\"isPartOf\":{\"@id\":\"https:\\\/\\\/sovittelu.com\\\/vertaissovittelu\\\/verso-viikkoa-vietetaan-taas-2-6-9-2024\\\/\"},\"author\":{\"name\":\"Nina Huhtinen\",\"@id\":\"https:\\\/\\\/sovittelu.com\\\/vertaissovittelu\\\/#\\\/schema\\\/person\\\/7cf9dc57a10e1fba817a3f9f9cf56494\"},\"headline\":\"VERSO-viikkoa vietet\u00e4\u00e4n taas 2.-6.9.2024!\",\"datePublished\":\"2024-08-29T12:55:50+00:00\",\"dateModified\":\"2025-11-23T20:27:40+00:00\",\"mainEntityOfPage\":{\"@id\":\"https:\\\/\\\/sovittelu.com\\\/vertaissovittelu\\\/verso-viikkoa-vietetaan-taas-2-6-9-2024\\\/\"},\"wordCount\":29,\"publisher\":{\"@id\":\"https:\\\/\\\/sovittelu.com\\\/vertaissovittelu\\\/#organization\"},\"image\":{\"@id\":\"https:\\\/\\\/sovittelu.com\\\/vertaissovittelu\\\/verso-viikkoa-vietetaan-taas-2-6-9-2024\\\/#primaryimage\"},\"thumbnailUrl\":\"https:\\\/\\\/sovittelu.com\\\/vertaissovittelu\\\/wp-content\\\/uploads\\\/2024\\\/08\\\/Screenshot-2024-08-29-at-15.54.55-768x831-1.png\",\"inLanguage\":\"fi\"},{\"@type\":\"WebPage\",\"@id\":\"https:\\\/\\\/sovittelu.com\\\/vertaissovittelu\\\/verso-viikkoa-vietetaan-taas-2-6-9-2024\\\/\",\"url\":\"https:\\\/\\\/sovittelu.com\\\/vertaissovittelu\\\/verso-viikkoa-vietetaan-taas-2-6-9-2024\\\/\",\"name\":\"VERSO-viikkoa vietet\u00e4\u00e4n taas 2.-6.9.2024! | Verso\",\"isPartOf\":{\"@id\":\"https:\\\/\\\/sovittelu.com\\\/vertaissovittelu\\\/#website\"},\"primaryImageOfPage\":{\"@id\":\"https:\\\/\\\/sovittelu.com\\\/vertaissovittelu\\\/verso-viikkoa-vietetaan-taas-2-6-9-2024\\\/#primaryimage\"},\"image\":{\"@id\":\"https:\\\/\\\/sovittelu.com\\\/vertaissovittelu\\\/verso-viikkoa-vietetaan-taas-2-6-9-2024\\\/#primaryimage\"},\"thumbnailUrl\":\"https:\\\/\\\/sovittelu.com\\\/vertaissovittelu\\\/wp-content\\\/uploads\\\/2024\\\/08\\\/Screenshot-2024-08-29-at-15.54.55-768x831-1.png\",\"datePublished\":\"2024-08-29T12:55:50+00:00\",\"dateModified\":\"2025-11-23T20:27:40+00:00\",\"breadcrumb\":{\"@id\":\"https:\\\/\\\/sovittelu.com\\\/vertaissovittelu\\\/verso-viikkoa-vietetaan-taas-2-6-9-2024\\\/#breadcrumb\"},\"inLanguage\":\"fi\",\"potentialAction\":[{\"@type\":\"ReadAction\",\"target\":[\"https:\\\/\\\/sovittelu.com\\\/vertaissovittelu\\\/verso-viikkoa-vietetaan-taas-2-6-9-2024\\\/\"]}]},{\"@type\":\"ImageObject\",\"inLanguage\":\"fi\",\"@id\":\"https:\\\/\\\/sovittelu.com\\\/vertaissovittelu\\\/verso-viikkoa-vietetaan-taas-2-6-9-2024\\\/#primaryimage\",\"url\":\"https:\\\/\\\/sovittelu.com\\\/vertaissovittelu\\\/wp-content\\\/uploads\\\/2024\\\/08\\\/Screenshot-2024-08-29-at-15.54.55-768x831-1.png\",\"contentUrl\":\"https:\\\/\\\/sovittelu.com\\\/vertaissovittelu\\\/wp-content\\\/uploads\\\/2024\\\/08\\\/Screenshot-2024-08-29-at-15.54.55-768x831-1.png\",\"width\":768,\"height\":831,\"caption\":\"Verso-viikko-mainos\"},{\"@type\":\"BreadcrumbList\",\"@id\":\"https:\\\/\\\/sovittelu.com\\\/vertaissovittelu\\\/verso-viikkoa-vietetaan-taas-2-6-9-2024\\\/#breadcrumb\",\"itemListElement\":[{\"@type\":\"ListItem\",\"position\":1,\"name\":\"Etusivu\",\"item\":\"https:\\\/\\\/sovittelu.com\\\/vertaissovittelu\\\/\"},{\"@type\":\"ListItem\",\"position\":2,\"name\":\"VERSO-viikkoa vietet\u00e4\u00e4n taas 2.-6.9.2024!\"}]},{\"@type\":\"WebSite\",\"@id\":\"https:\\\/\\\/sovittelu.com\\\/vertaissovittelu\\\/#website\",\"url\":\"https:\\\/\\\/sovittelu.com\\\/vertaissovittelu\\\/\",\"name\":\"VERSO-ohjelma\",\"description\":\"Vertaissovitteluohjelma\",\"publisher\":{\"@id\":\"https:\\\/\\\/sovittelu.com\\\/vertaissovittelu\\\/#organization\"},\"potentialAction\":[{\"@type\":\"SearchAction\",\"target\":{\"@type\":\"EntryPoint\",\"urlTemplate\":\"https:\\\/\\\/sovittelu.com\\\/vertaissovittelu\\\/?s={search_term_string}\"},\"query-input\":{\"@type\":\"PropertyValueSpecification\",\"valueRequired\":true,\"valueName\":\"search_term_string\"}}],\"inLanguage\":\"fi\"},{\"@type\":\"Organization\",\"@id\":\"https:\\\/\\\/sovittelu.com\\\/vertaissovittelu\\\/#organization\",\"name\":\"VERSO-ohjelma\",\"url\":\"https:\\\/\\\/sovittelu.com\\\/vertaissovittelu\\\/\",\"logo\":{\"@type\":\"ImageObject\",\"inLanguage\":\"fi\",\"@id\":\"https:\\\/\\\/sovittelu.com\\\/vertaissovittelu\\\/#\\\/schema\\\/logo\\\/image\\\/\",\"url\":\"https:\\\/\\\/sovittelu.com\\\/vertaissovittelu\\\/wp-content\\\/uploads\\\/2026\\\/01\\\/verso_ikoni_512x512px.png\",\"contentUrl\":\"https:\\\/\\\/sovittelu.com\\\/vertaissovittelu\\\/wp-content\\\/uploads\\\/2026\\\/01\\\/verso_ikoni_512x512px.png\",\"width\":512,\"height\":512,\"caption\":\"VERSO-ohjelma\"},\"image\":{\"@id\":\"https:\\\/\\\/sovittelu.com\\\/vertaissovittelu\\\/#\\\/schema\\\/logo\\\/image\\\/\"},\"sameAs\":[\"https:\\\/\\\/www.facebook.com\\\/VERSOsovittelu\",\"https:\\\/\\\/www.instagram.com\\\/verso_sovittelu\\\/\"]},{\"@type\":\"Person\",\"@id\":\"https:\\\/\\\/sovittelu.com\\\/vertaissovittelu\\\/#\\\/schema\\\/person\\\/7cf9dc57a10e1fba817a3f9f9cf56494\",\"name\":\"Nina Huhtinen\",\"url\":\"https:\\\/\\\/sovittelu.com\\\/vertaissovittelu\\\/author\\\/nina\\\/\"}]}<\/script>\n<!-- \/ Yoast SEO plugin. -->","yoast_head_json":{"title":"VERSO-viikkoa vietet\u00e4\u00e4n taas 2.-6.9.2024! | Verso","robots":{"index":"index","follow":"follow","max-snippet":"max-snippet:-1","max-image-preview":"max-image-preview:large","max-video-preview":"max-video-preview:-1"},"canonical":"https:\/\/sovittelu.com\/vertaissovittelu\/verso-viikkoa-vietetaan-taas-2-6-9-2024\/","og_locale":"fi_FI","og_type":"article","og_title":"VERSO-viikkoa vietet\u00e4\u00e4n taas 2.-6.9.2024! | Verso","og_description":"Valtakunnallinen VERSO-viikko tulee taas syyskuun alussa ma-pe 2.-6.9.2024! Voit seurata Facebook-sivuamme ja Instagram-tilimme p\u00e4ivitt\u00e4isi\u00e4 teemapostauksia tai ideoida ja toteuttaa aivan omanlaisen teemaviikon!","og_url":"https:\/\/sovittelu.com\/vertaissovittelu\/verso-viikkoa-vietetaan-taas-2-6-9-2024\/","og_site_name":"Verso","article_publisher":"https:\/\/www.facebook.com\/VERSOsovittelu","article_published_time":"2024-08-29T12:55:50+00:00","article_modified_time":"2025-11-23T20:27:40+00:00","og_image":[{"width":768,"height":831,"url":"https:\/\/sovittelu.com\/vertaissovittelu\/wp-content\/uploads\/2024\/08\/Screenshot-2024-08-29-at-15.54.55-768x831-1.png","type":"image\/png"}],"author":"Nina Huhtinen","twitter_card":"summary_large_image","twitter_misc":{"Kirjoittanut":"Nina Huhtinen","Arvioitu lukuaika":"1 minuutti"},"schema":{"@context":"https:\/\/schema.org","@graph":[{"@type":"Article","@id":"https:\/\/sovittelu.com\/vertaissovittelu\/verso-viikkoa-vietetaan-taas-2-6-9-2024\/#article","isPartOf":{"@id":"https:\/\/sovittelu.com\/vertaissovittelu\/verso-viikkoa-vietetaan-taas-2-6-9-2024\/"},"author":{"name":"Nina Huhtinen","@id":"https:\/\/sovittelu.com\/vertaissovittelu\/#\/schema\/person\/7cf9dc57a10e1fba817a3f9f9cf56494"},"headline":"VERSO-viikkoa vietet\u00e4\u00e4n taas 2.-6.9.2024!","datePublished":"2024-08-29T12:55:50+00:00","dateModified":"2025-11-23T20:27:40+00:00","mainEntityOfPage":{"@id":"https:\/\/sovittelu.com\/vertaissovittelu\/verso-viikkoa-vietetaan-taas-2-6-9-2024\/"},"wordCount":29,"publisher":{"@id":"https:\/\/sovittelu.com\/vertaissovittelu\/#organization"},"image":{"@id":"https:\/\/sovittelu.com\/vertaissovittelu\/verso-viikkoa-vietetaan-taas-2-6-9-2024\/#primaryimage"},"thumbnailUrl":"https:\/\/sovittelu.com\/vertaissovittelu\/wp-content\/uploads\/2024\/08\/Screenshot-2024-08-29-at-15.54.55-768x831-1.png","inLanguage":"fi"},{"@type":"WebPage","@id":"https:\/\/sovittelu.com\/vertaissovittelu\/verso-viikkoa-vietetaan-taas-2-6-9-2024\/","url":"https:\/\/sovittelu.com\/vertaissovittelu\/verso-viikkoa-vietetaan-taas-2-6-9-2024\/","name":"VERSO-viikkoa vietet\u00e4\u00e4n taas 2.-6.9.2024! | Verso","isPartOf":{"@id":"https:\/\/sovittelu.com\/vertaissovittelu\/#website"},"primaryImageOfPage":{"@id":"https:\/\/sovittelu.com\/vertaissovittelu\/verso-viikkoa-vietetaan-taas-2-6-9-2024\/#primaryimage"},"image":{"@id":"https:\/\/sovittelu.com\/vertaissovittelu\/verso-viikkoa-vietetaan-taas-2-6-9-2024\/#primaryimage"},"thumbnailUrl":"https:\/\/sovittelu.com\/vertaissovittelu\/wp-content\/uploads\/2024\/08\/Screenshot-2024-08-29-at-15.54.55-768x831-1.png","datePublished":"2024-08-29T12:55:50+00:00","dateModified":"2025-11-23T20:27:40+00:00","breadcrumb":{"@id":"https:\/\/sovittelu.com\/vertaissovittelu\/verso-viikkoa-vietetaan-taas-2-6-9-2024\/#breadcrumb"},"inLanguage":"fi","potentialAction":[{"@type":"ReadAction","target":["https:\/\/sovittelu.com\/vertaissovittelu\/verso-viikkoa-vietetaan-taas-2-6-9-2024\/"]}]},{"@type":"ImageObject","inLanguage":"fi","@id":"https:\/\/sovittelu.com\/vertaissovittelu\/verso-viikkoa-vietetaan-taas-2-6-9-2024\/#primaryimage","url":"https:\/\/sovittelu.com\/vertaissovittelu\/wp-content\/uploads\/2024\/08\/Screenshot-2024-08-29-at-15.54.55-768x831-1.png","contentUrl":"https:\/\/sovittelu.com\/vertaissovittelu\/wp-content\/uploads\/2024\/08\/Screenshot-2024-08-29-at-15.54.55-768x831-1.png","width":768,"height":831,"caption":"Verso-viikko-mainos"},{"@type":"BreadcrumbList","@id":"https:\/\/sovittelu.com\/vertaissovittelu\/verso-viikkoa-vietetaan-taas-2-6-9-2024\/#breadcrumb","itemListElement":[{"@type":"ListItem","position":1,"name":"Etusivu","item":"https:\/\/sovittelu.com\/vertaissovittelu\/"},{"@type":"ListItem","position":2,"name":"VERSO-viikkoa vietet\u00e4\u00e4n taas 2.-6.9.2024!"}]},{"@type":"WebSite","@id":"https:\/\/sovittelu.com\/vertaissovittelu\/#website","url":"https:\/\/sovittelu.com\/vertaissovittelu\/","name":"VERSO-ohjelma","description":"Vertaissovitteluohjelma","publisher":{"@id":"https:\/\/sovittelu.com\/vertaissovittelu\/#organization"},"potentialAction":[{"@type":"SearchAction","target":{"@type":"EntryPoint","urlTemplate":"https:\/\/sovittelu.com\/vertaissovittelu\/?s={search_term_string}"},"query-input":{"@type":"PropertyValueSpecification","valueRequired":true,"valueName":"search_term_string"}}],"inLanguage":"fi"},{"@type":"Organization","@id":"https:\/\/sovittelu.com\/vertaissovittelu\/#organization","name":"VERSO-ohjelma","url":"https:\/\/sovittelu.com\/vertaissovittelu\/","logo":{"@type":"ImageObject","inLanguage":"fi","@id":"https:\/\/sovittelu.com\/vertaissovittelu\/#\/schema\/logo\/image\/","url":"https:\/\/sovittelu.com\/vertaissovittelu\/wp-content\/uploads\/2026\/01\/verso_ikoni_512x512px.png","contentUrl":"https:\/\/sovittelu.com\/vertaissovittelu\/wp-content\/uploads\/2026\/01\/verso_ikoni_512x512px.png","width":512,"height":512,"caption":"VERSO-ohjelma"},"image":{"@id":"https:\/\/sovittelu.com\/vertaissovittelu\/#\/schema\/logo\/image\/"},"sameAs":["https:\/\/www.facebook.com\/VERSOsovittelu","https:\/\/www.instagram.com\/verso_sovittelu\/"]},{"@type":"Person","@id":"https:\/\/sovittelu.com\/vertaissovittelu\/#\/schema\/person\/7cf9dc57a10e1fba817a3f9f9cf56494","name":"Nina Huhtinen","url":"https:\/\/sovittelu.com\/vertaissovittelu\/author\/nina\/"}]}},"_links":{"self":[{"href":"https:\/\/sovittelu.com\/vertaissovittelu\/wp-json\/wp\/v2\/posts\/4422","targetHints":{"allow":["GET"]}}],"collection":[{"href":"https:\/\/sovittelu.com\/vertaissovittelu\/wp-json\/wp\/v2\/posts"}],"about":[{"href":"https:\/\/sovittelu.com\/vertaissovittelu\/wp-json\/wp\/v2\/types\/post"}],"author":[{"embeddable":true,"href":"https:\/\/sovittelu.com\/vertaissovittelu\/wp-json\/wp\/v2\/users\/14"}],"replies":[{"embeddable":true,"href":"https:\/\/sovittelu.com\/vertaissovittelu\/wp-json\/wp\/v2\/comments?post=4422"}],"version-history":[{"count":0,"href":"https:\/\/sovittelu.com\/vertaissovittelu\/wp-json\/wp\/v2\/posts\/4422\/revisions"}],"wp:attachment":[{"href":"https:\/\/sovittelu.com\/vertaissovittelu\/wp-json\/wp\/v2\/media?parent=4422"}],"wp:term":[{"taxonomy":"category","embeddable":true,"href":"https:\/\/sovittelu.com\/vertaissovittelu\/wp-json\/wp\/v2\/categories?post=4422"},{"taxonomy":"post_tag","embeddable":true,"href":"https:\/\/sovittelu.com\/vertaissovittelu\/wp-json\/wp\/v2\/tags?post=4422"}],"curies":[{"name":"wp","href":"https:\/\/api.w.org\/{rel}","templated":true}]}}