{"id":4332,"date":"2024-08-12T16:48:03","date_gmt":"2024-08-12T13:48:03","guid":{"rendered":"https:\/\/sovittelu.com\/vertaissovittelu\/?p=4332"},"modified":"2025-12-17T10:56:01","modified_gmt":"2025-12-17T08:56:01","slug":"verso-ohjelman-vuosiraportti-vuodesta-2023-on-julkaistu","status":"publish","type":"post","link":"https:\/\/sovittelu.com\/vertaissovittelu\/verso-ohjelman-vuosiraportti-vuodesta-2023-on-julkaistu\/","title":{"rendered":"VERSO-ohjelman vuosiraportti vuodesta 2023 on julkaistu"},"content":{"rendered":"\n<p>Tutkimustiedon ja -datan keruu on t\u00e4rke\u00e4 osa VERSO-ohjelman toimintaa. Vuosiraporttiin ker\u00e4\u00e4mme toimintavuoden ajalta oleellisia tilastoja ja kyselyidemme tuloksia, jotka kertovat oman tarinansa toiminnan laajuudesta ja tuloksellisuudesta. VERSO-ohjelman vuosiraportti vuoden 2023 toiminnasta varhaiskasvatus- ja opetusyksik\u00f6iss\u00e4 on nyt luettavissa. Raportti nostaa esiin toiminnan tuloksia niin varhaiskasvattajien, p\u00e4iv\u00e4kotien lasten kuin koulujen oppilaiden ja henkil\u00f6kunnan n\u00e4k\u00f6kulmista. Lue raportti <a href=\"https:\/\/sovittelu.com\/vertaissovittelu\/vuosiraportit\/\" target=\"_blank\" rel=\"noreferrer noopener\">t\u00e4\u00e4ll\u00e4<\/a>. Tilastoraportit vuosilta 2017-2022 l\u00f6yd\u00e4t samalta sivulta. Muista hy\u00f6dynt\u00e4\u00e4 vuosiraportin tietoja sovittelutoiminnan tiedottamisessa ja yll\u00e4pidossa! Hyvi\u00e4 lukuhetki\u00e4!<\/p>\n\n\n\n<figure class=\"wp-block-image size-full is-resized\"><img loading=\"lazy\" decoding=\"async\" width=\"570\" height=\"800\" src=\"https:\/\/sovittelu.com\/vertaissovittelu\/wp-content\/uploads\/2024\/08\/vuosiraportti_2023.jpg\" alt=\"\" class=\"wp-image-13240\" style=\"width:377px;height:529px\" srcset=\"https:\/\/sovittelu.com\/vertaissovittelu\/wp-content\/uploads\/2024\/08\/vuosiraportti_2023.jpg 570w, https:\/\/sovittelu.com\/vertaissovittelu\/wp-content\/uploads\/2024\/08\/vuosiraportti_2023-356x500.jpg 356w\" sizes=\"auto, (max-width: 570px) 100vw, 570px\" \/><\/figure>\n","protected":false},"excerpt":{"rendered":"<p>Tutkimustiedon ja -datan keruu on t\u00e4rke\u00e4 osa VERSO-ohjelman toimintaa. Vuosiraporttiin ker\u00e4\u00e4mme toimintavuoden ajalta oleellisia tilastoja ja kyselyidemme tuloksia, jotka kertovat oman tarinansa toiminnan laajuudesta ja tuloksellisuudesta. VERSO-ohjelman vuosiraportti vuoden 2023 toiminnasta varhaiskasvatus- ja opetusyksik\u00f6iss\u00e4 on nyt luettavissa. Raportti nostaa esiin toiminnan tuloksia niin varhaiskasvattajien, p\u00e4iv\u00e4kotien lasten kuin koulujen oppilaiden ja henkil\u00f6kunnan n\u00e4k\u00f6kulmista. Lue raportti t\u00e4\u00e4ll\u00e4&#8230;.<\/p>\n","protected":false},"author":7,"featured_media":0,"comment_status":"closed","ping_status":"closed","sticky":false,"template":"","format":"standard","meta":{"_kad_post_transparent":"","_kad_post_title":"","_kad_post_layout":"","_kad_post_sidebar_id":"","_kad_post_content_style":"","_kad_post_vertical_padding":"","_kad_post_feature":"","_kad_post_feature_position":"","_kad_post_header":false,"_kad_post_footer":false,"_kad_post_classname":"","footnotes":""},"categories":[1],"tags":[139,88,40,25,97,87],"class_list":["post-4332","post","type-post","status-publish","format-standard","hentry","category-yleinen","tag-mentoritoiminta","tag-miniverso","tag-resto","tag-sovittelu","tag-tilastot","tag-verso"],"yoast_head":"<!-- This site is optimized with the Yoast SEO plugin v27.5 - https:\/\/yoast.com\/product\/yoast-seo-wordpress\/ -->\n<title>VERSO-ohjelman vuosiraportti vuodesta 2023 on julkaistu | Verso<\/title>\n<meta name=\"robots\" content=\"index, follow, max-snippet:-1, max-image-preview:large, max-video-preview:-1\" \/>\n<link rel=\"canonical\" href=\"https:\/\/sovittelu.com\/vertaissovittelu\/verso-ohjelman-vuosiraportti-vuodesta-2023-on-julkaistu\/\" \/>\n<meta property=\"og:locale\" content=\"fi_FI\" \/>\n<meta property=\"og:type\" content=\"article\" \/>\n<meta property=\"og:title\" content=\"VERSO-ohjelman vuosiraportti vuodesta 2023 on julkaistu | Verso\" \/>\n<meta property=\"og:description\" content=\"Tutkimustiedon ja -datan keruu on t\u00e4rke\u00e4 osa VERSO-ohjelman toimintaa. Vuosiraporttiin ker\u00e4\u00e4mme toimintavuoden ajalta oleellisia tilastoja ja kyselyidemme tuloksia, jotka kertovat oman tarinansa toiminnan laajuudesta ja tuloksellisuudesta. VERSO-ohjelman vuosiraportti vuoden 2023 toiminnasta varhaiskasvatus- ja opetusyksik\u00f6iss\u00e4 on nyt luettavissa. Raportti nostaa esiin toiminnan tuloksia niin varhaiskasvattajien, p\u00e4iv\u00e4kotien lasten kuin koulujen oppilaiden ja henkil\u00f6kunnan n\u00e4k\u00f6kulmista. Lue raportti t\u00e4\u00e4ll\u00e4....\" \/>\n<meta property=\"og:url\" content=\"https:\/\/sovittelu.com\/vertaissovittelu\/verso-ohjelman-vuosiraportti-vuodesta-2023-on-julkaistu\/\" \/>\n<meta property=\"og:site_name\" content=\"Verso\" \/>\n<meta property=\"article:publisher\" content=\"https:\/\/www.facebook.com\/VERSOsovittelu\" \/>\n<meta property=\"article:published_time\" content=\"2024-08-12T13:48:03+00:00\" \/>\n<meta property=\"article:modified_time\" content=\"2025-12-17T08:56:01+00:00\" \/>\n<meta property=\"og:image\" content=\"https:\/\/sovittelu.com\/vertaissovittelu\/wp-content\/uploads\/2024\/08\/vuosiraportti_2023.jpg\" \/>\n\t<meta property=\"og:image:width\" content=\"570\" \/>\n\t<meta property=\"og:image:height\" content=\"800\" \/>\n\t<meta property=\"og:image:type\" content=\"image\/jpeg\" \/>\n<meta name=\"author\" content=\"Janne Johansson\" \/>\n<meta name=\"twitter:card\" content=\"summary_large_image\" \/>\n<meta name=\"twitter:label1\" content=\"Kirjoittanut\" \/>\n\t<meta name=\"twitter:data1\" content=\"Janne Johansson\" \/>\n\t<meta name=\"twitter:label2\" content=\"Arvioitu lukuaika\" \/>\n\t<meta name=\"twitter:data2\" content=\"1 minuutti\" \/>\n<script type=\"application\/ld+json\" class=\"yoast-schema-graph\">{\"@context\":\"https:\\\/\\\/schema.org\",\"@graph\":[{\"@type\":\"Article\",\"@id\":\"https:\\\/\\\/sovittelu.com\\\/vertaissovittelu\\\/verso-ohjelman-vuosiraportti-vuodesta-2023-on-julkaistu\\\/#article\",\"isPartOf\":{\"@id\":\"https:\\\/\\\/sovittelu.com\\\/vertaissovittelu\\\/verso-ohjelman-vuosiraportti-vuodesta-2023-on-julkaistu\\\/\"},\"author\":{\"name\":\"Janne Johansson\",\"@id\":\"https:\\\/\\\/sovittelu.com\\\/vertaissovittelu\\\/#\\\/schema\\\/person\\\/be71eed9c767e02a2177516f2dcbb1b8\"},\"headline\":\"VERSO-ohjelman vuosiraportti vuodesta 2023 on julkaistu\",\"datePublished\":\"2024-08-12T13:48:03+00:00\",\"dateModified\":\"2025-12-17T08:56:01+00:00\",\"mainEntityOfPage\":{\"@id\":\"https:\\\/\\\/sovittelu.com\\\/vertaissovittelu\\\/verso-ohjelman-vuosiraportti-vuodesta-2023-on-julkaistu\\\/\"},\"wordCount\":88,\"publisher\":{\"@id\":\"https:\\\/\\\/sovittelu.com\\\/vertaissovittelu\\\/#organization\"},\"image\":{\"@id\":\"https:\\\/\\\/sovittelu.com\\\/vertaissovittelu\\\/verso-ohjelman-vuosiraportti-vuodesta-2023-on-julkaistu\\\/#primaryimage\"},\"thumbnailUrl\":\"https:\\\/\\\/sovittelu.com\\\/vertaissovittelu\\\/wp-content\\\/uploads\\\/2024\\\/08\\\/vuosiraportti_2023.jpg\",\"keywords\":[\"mentoritoiminta\",\"miniverso\",\"RESTO\",\"sovittelu\",\"tilastot\",\"verso\"],\"inLanguage\":\"fi\"},{\"@type\":\"WebPage\",\"@id\":\"https:\\\/\\\/sovittelu.com\\\/vertaissovittelu\\\/verso-ohjelman-vuosiraportti-vuodesta-2023-on-julkaistu\\\/\",\"url\":\"https:\\\/\\\/sovittelu.com\\\/vertaissovittelu\\\/verso-ohjelman-vuosiraportti-vuodesta-2023-on-julkaistu\\\/\",\"name\":\"VERSO-ohjelman vuosiraportti vuodesta 2023 on julkaistu | Verso\",\"isPartOf\":{\"@id\":\"https:\\\/\\\/sovittelu.com\\\/vertaissovittelu\\\/#website\"},\"primaryImageOfPage\":{\"@id\":\"https:\\\/\\\/sovittelu.com\\\/vertaissovittelu\\\/verso-ohjelman-vuosiraportti-vuodesta-2023-on-julkaistu\\\/#primaryimage\"},\"image\":{\"@id\":\"https:\\\/\\\/sovittelu.com\\\/vertaissovittelu\\\/verso-ohjelman-vuosiraportti-vuodesta-2023-on-julkaistu\\\/#primaryimage\"},\"thumbnailUrl\":\"https:\\\/\\\/sovittelu.com\\\/vertaissovittelu\\\/wp-content\\\/uploads\\\/2024\\\/08\\\/vuosiraportti_2023.jpg\",\"datePublished\":\"2024-08-12T13:48:03+00:00\",\"dateModified\":\"2025-12-17T08:56:01+00:00\",\"breadcrumb\":{\"@id\":\"https:\\\/\\\/sovittelu.com\\\/vertaissovittelu\\\/verso-ohjelman-vuosiraportti-vuodesta-2023-on-julkaistu\\\/#breadcrumb\"},\"inLanguage\":\"fi\",\"potentialAction\":[{\"@type\":\"ReadAction\",\"target\":[\"https:\\\/\\\/sovittelu.com\\\/vertaissovittelu\\\/verso-ohjelman-vuosiraportti-vuodesta-2023-on-julkaistu\\\/\"]}]},{\"@type\":\"ImageObject\",\"inLanguage\":\"fi\",\"@id\":\"https:\\\/\\\/sovittelu.com\\\/vertaissovittelu\\\/verso-ohjelman-vuosiraportti-vuodesta-2023-on-julkaistu\\\/#primaryimage\",\"url\":\"https:\\\/\\\/sovittelu.com\\\/vertaissovittelu\\\/wp-content\\\/uploads\\\/2024\\\/08\\\/vuosiraportti_2023.jpg\",\"contentUrl\":\"https:\\\/\\\/sovittelu.com\\\/vertaissovittelu\\\/wp-content\\\/uploads\\\/2024\\\/08\\\/vuosiraportti_2023.jpg\",\"width\":570,\"height\":800,\"caption\":\"Verson vuosiraportti 2023- kansikuva.\"},{\"@type\":\"BreadcrumbList\",\"@id\":\"https:\\\/\\\/sovittelu.com\\\/vertaissovittelu\\\/verso-ohjelman-vuosiraportti-vuodesta-2023-on-julkaistu\\\/#breadcrumb\",\"itemListElement\":[{\"@type\":\"ListItem\",\"position\":1,\"name\":\"Etusivu\",\"item\":\"https:\\\/\\\/sovittelu.com\\\/vertaissovittelu\\\/\"},{\"@type\":\"ListItem\",\"position\":2,\"name\":\"VERSO-ohjelman vuosiraportti vuodesta 2023 on julkaistu\"}]},{\"@type\":\"WebSite\",\"@id\":\"https:\\\/\\\/sovittelu.com\\\/vertaissovittelu\\\/#website\",\"url\":\"https:\\\/\\\/sovittelu.com\\\/vertaissovittelu\\\/\",\"name\":\"VERSO-ohjelma\",\"description\":\"Vertaissovitteluohjelma\",\"publisher\":{\"@id\":\"https:\\\/\\\/sovittelu.com\\\/vertaissovittelu\\\/#organization\"},\"potentialAction\":[{\"@type\":\"SearchAction\",\"target\":{\"@type\":\"EntryPoint\",\"urlTemplate\":\"https:\\\/\\\/sovittelu.com\\\/vertaissovittelu\\\/?s={search_term_string}\"},\"query-input\":{\"@type\":\"PropertyValueSpecification\",\"valueRequired\":true,\"valueName\":\"search_term_string\"}}],\"inLanguage\":\"fi\"},{\"@type\":\"Organization\",\"@id\":\"https:\\\/\\\/sovittelu.com\\\/vertaissovittelu\\\/#organization\",\"name\":\"VERSO-ohjelma\",\"url\":\"https:\\\/\\\/sovittelu.com\\\/vertaissovittelu\\\/\",\"logo\":{\"@type\":\"ImageObject\",\"inLanguage\":\"fi\",\"@id\":\"https:\\\/\\\/sovittelu.com\\\/vertaissovittelu\\\/#\\\/schema\\\/logo\\\/image\\\/\",\"url\":\"https:\\\/\\\/sovittelu.com\\\/vertaissovittelu\\\/wp-content\\\/uploads\\\/2026\\\/01\\\/verso_ikoni_512x512px.png\",\"contentUrl\":\"https:\\\/\\\/sovittelu.com\\\/vertaissovittelu\\\/wp-content\\\/uploads\\\/2026\\\/01\\\/verso_ikoni_512x512px.png\",\"width\":512,\"height\":512,\"caption\":\"VERSO-ohjelma\"},\"image\":{\"@id\":\"https:\\\/\\\/sovittelu.com\\\/vertaissovittelu\\\/#\\\/schema\\\/logo\\\/image\\\/\"},\"sameAs\":[\"https:\\\/\\\/www.facebook.com\\\/VERSOsovittelu\",\"https:\\\/\\\/www.instagram.com\\\/verso_sovittelu\\\/\"]},{\"@type\":\"Person\",\"@id\":\"https:\\\/\\\/sovittelu.com\\\/vertaissovittelu\\\/#\\\/schema\\\/person\\\/be71eed9c767e02a2177516f2dcbb1b8\",\"name\":\"Janne Johansson\",\"url\":\"https:\\\/\\\/sovittelu.com\\\/vertaissovittelu\\\/author\\\/janne\\\/\"}]}<\/script>\n<!-- \/ Yoast SEO plugin. -->","yoast_head_json":{"title":"VERSO-ohjelman vuosiraportti vuodesta 2023 on julkaistu | Verso","robots":{"index":"index","follow":"follow","max-snippet":"max-snippet:-1","max-image-preview":"max-image-preview:large","max-video-preview":"max-video-preview:-1"},"canonical":"https:\/\/sovittelu.com\/vertaissovittelu\/verso-ohjelman-vuosiraportti-vuodesta-2023-on-julkaistu\/","og_locale":"fi_FI","og_type":"article","og_title":"VERSO-ohjelman vuosiraportti vuodesta 2023 on julkaistu | Verso","og_description":"Tutkimustiedon ja -datan keruu on t\u00e4rke\u00e4 osa VERSO-ohjelman toimintaa. Vuosiraporttiin ker\u00e4\u00e4mme toimintavuoden ajalta oleellisia tilastoja ja kyselyidemme tuloksia, jotka kertovat oman tarinansa toiminnan laajuudesta ja tuloksellisuudesta. VERSO-ohjelman vuosiraportti vuoden 2023 toiminnasta varhaiskasvatus- ja opetusyksik\u00f6iss\u00e4 on nyt luettavissa. Raportti nostaa esiin toiminnan tuloksia niin varhaiskasvattajien, p\u00e4iv\u00e4kotien lasten kuin koulujen oppilaiden ja henkil\u00f6kunnan n\u00e4k\u00f6kulmista. Lue raportti t\u00e4\u00e4ll\u00e4....","og_url":"https:\/\/sovittelu.com\/vertaissovittelu\/verso-ohjelman-vuosiraportti-vuodesta-2023-on-julkaistu\/","og_site_name":"Verso","article_publisher":"https:\/\/www.facebook.com\/VERSOsovittelu","article_published_time":"2024-08-12T13:48:03+00:00","article_modified_time":"2025-12-17T08:56:01+00:00","og_image":[{"width":570,"height":800,"url":"https:\/\/sovittelu.com\/vertaissovittelu\/wp-content\/uploads\/2024\/08\/vuosiraportti_2023.jpg","type":"image\/jpeg"}],"author":"Janne Johansson","twitter_card":"summary_large_image","twitter_misc":{"Kirjoittanut":"Janne Johansson","Arvioitu lukuaika":"1 minuutti"},"schema":{"@context":"https:\/\/schema.org","@graph":[{"@type":"Article","@id":"https:\/\/sovittelu.com\/vertaissovittelu\/verso-ohjelman-vuosiraportti-vuodesta-2023-on-julkaistu\/#article","isPartOf":{"@id":"https:\/\/sovittelu.com\/vertaissovittelu\/verso-ohjelman-vuosiraportti-vuodesta-2023-on-julkaistu\/"},"author":{"name":"Janne Johansson","@id":"https:\/\/sovittelu.com\/vertaissovittelu\/#\/schema\/person\/be71eed9c767e02a2177516f2dcbb1b8"},"headline":"VERSO-ohjelman vuosiraportti vuodesta 2023 on julkaistu","datePublished":"2024-08-12T13:48:03+00:00","dateModified":"2025-12-17T08:56:01+00:00","mainEntityOfPage":{"@id":"https:\/\/sovittelu.com\/vertaissovittelu\/verso-ohjelman-vuosiraportti-vuodesta-2023-on-julkaistu\/"},"wordCount":88,"publisher":{"@id":"https:\/\/sovittelu.com\/vertaissovittelu\/#organization"},"image":{"@id":"https:\/\/sovittelu.com\/vertaissovittelu\/verso-ohjelman-vuosiraportti-vuodesta-2023-on-julkaistu\/#primaryimage"},"thumbnailUrl":"https:\/\/sovittelu.com\/vertaissovittelu\/wp-content\/uploads\/2024\/08\/vuosiraportti_2023.jpg","keywords":["mentoritoiminta","miniverso","RESTO","sovittelu","tilastot","verso"],"inLanguage":"fi"},{"@type":"WebPage","@id":"https:\/\/sovittelu.com\/vertaissovittelu\/verso-ohjelman-vuosiraportti-vuodesta-2023-on-julkaistu\/","url":"https:\/\/sovittelu.com\/vertaissovittelu\/verso-ohjelman-vuosiraportti-vuodesta-2023-on-julkaistu\/","name":"VERSO-ohjelman vuosiraportti vuodesta 2023 on julkaistu | Verso","isPartOf":{"@id":"https:\/\/sovittelu.com\/vertaissovittelu\/#website"},"primaryImageOfPage":{"@id":"https:\/\/sovittelu.com\/vertaissovittelu\/verso-ohjelman-vuosiraportti-vuodesta-2023-on-julkaistu\/#primaryimage"},"image":{"@id":"https:\/\/sovittelu.com\/vertaissovittelu\/verso-ohjelman-vuosiraportti-vuodesta-2023-on-julkaistu\/#primaryimage"},"thumbnailUrl":"https:\/\/sovittelu.com\/vertaissovittelu\/wp-content\/uploads\/2024\/08\/vuosiraportti_2023.jpg","datePublished":"2024-08-12T13:48:03+00:00","dateModified":"2025-12-17T08:56:01+00:00","breadcrumb":{"@id":"https:\/\/sovittelu.com\/vertaissovittelu\/verso-ohjelman-vuosiraportti-vuodesta-2023-on-julkaistu\/#breadcrumb"},"inLanguage":"fi","potentialAction":[{"@type":"ReadAction","target":["https:\/\/sovittelu.com\/vertaissovittelu\/verso-ohjelman-vuosiraportti-vuodesta-2023-on-julkaistu\/"]}]},{"@type":"ImageObject","inLanguage":"fi","@id":"https:\/\/sovittelu.com\/vertaissovittelu\/verso-ohjelman-vuosiraportti-vuodesta-2023-on-julkaistu\/#primaryimage","url":"https:\/\/sovittelu.com\/vertaissovittelu\/wp-content\/uploads\/2024\/08\/vuosiraportti_2023.jpg","contentUrl":"https:\/\/sovittelu.com\/vertaissovittelu\/wp-content\/uploads\/2024\/08\/vuosiraportti_2023.jpg","width":570,"height":800,"caption":"Verson vuosiraportti 2023- kansikuva."},{"@type":"BreadcrumbList","@id":"https:\/\/sovittelu.com\/vertaissovittelu\/verso-ohjelman-vuosiraportti-vuodesta-2023-on-julkaistu\/#breadcrumb","itemListElement":[{"@type":"ListItem","position":1,"name":"Etusivu","item":"https:\/\/sovittelu.com\/vertaissovittelu\/"},{"@type":"ListItem","position":2,"name":"VERSO-ohjelman vuosiraportti vuodesta 2023 on julkaistu"}]},{"@type":"WebSite","@id":"https:\/\/sovittelu.com\/vertaissovittelu\/#website","url":"https:\/\/sovittelu.com\/vertaissovittelu\/","name":"VERSO-ohjelma","description":"Vertaissovitteluohjelma","publisher":{"@id":"https:\/\/sovittelu.com\/vertaissovittelu\/#organization"},"potentialAction":[{"@type":"SearchAction","target":{"@type":"EntryPoint","urlTemplate":"https:\/\/sovittelu.com\/vertaissovittelu\/?s={search_term_string}"},"query-input":{"@type":"PropertyValueSpecification","valueRequired":true,"valueName":"search_term_string"}}],"inLanguage":"fi"},{"@type":"Organization","@id":"https:\/\/sovittelu.com\/vertaissovittelu\/#organization","name":"VERSO-ohjelma","url":"https:\/\/sovittelu.com\/vertaissovittelu\/","logo":{"@type":"ImageObject","inLanguage":"fi","@id":"https:\/\/sovittelu.com\/vertaissovittelu\/#\/schema\/logo\/image\/","url":"https:\/\/sovittelu.com\/vertaissovittelu\/wp-content\/uploads\/2026\/01\/verso_ikoni_512x512px.png","contentUrl":"https:\/\/sovittelu.com\/vertaissovittelu\/wp-content\/uploads\/2026\/01\/verso_ikoni_512x512px.png","width":512,"height":512,"caption":"VERSO-ohjelma"},"image":{"@id":"https:\/\/sovittelu.com\/vertaissovittelu\/#\/schema\/logo\/image\/"},"sameAs":["https:\/\/www.facebook.com\/VERSOsovittelu","https:\/\/www.instagram.com\/verso_sovittelu\/"]},{"@type":"Person","@id":"https:\/\/sovittelu.com\/vertaissovittelu\/#\/schema\/person\/be71eed9c767e02a2177516f2dcbb1b8","name":"Janne Johansson","url":"https:\/\/sovittelu.com\/vertaissovittelu\/author\/janne\/"}]}},"_links":{"self":[{"href":"https:\/\/sovittelu.com\/vertaissovittelu\/wp-json\/wp\/v2\/posts\/4332","targetHints":{"allow":["GET"]}}],"collection":[{"href":"https:\/\/sovittelu.com\/vertaissovittelu\/wp-json\/wp\/v2\/posts"}],"about":[{"href":"https:\/\/sovittelu.com\/vertaissovittelu\/wp-json\/wp\/v2\/types\/post"}],"author":[{"embeddable":true,"href":"https:\/\/sovittelu.com\/vertaissovittelu\/wp-json\/wp\/v2\/users\/7"}],"replies":[{"embeddable":true,"href":"https:\/\/sovittelu.com\/vertaissovittelu\/wp-json\/wp\/v2\/comments?post=4332"}],"version-history":[{"count":0,"href":"https:\/\/sovittelu.com\/vertaissovittelu\/wp-json\/wp\/v2\/posts\/4332\/revisions"}],"wp:attachment":[{"href":"https:\/\/sovittelu.com\/vertaissovittelu\/wp-json\/wp\/v2\/media?parent=4332"}],"wp:term":[{"taxonomy":"category","embeddable":true,"href":"https:\/\/sovittelu.com\/vertaissovittelu\/wp-json\/wp\/v2\/categories?post=4332"},{"taxonomy":"post_tag","embeddable":true,"href":"https:\/\/sovittelu.com\/vertaissovittelu\/wp-json\/wp\/v2\/tags?post=4332"}],"curies":[{"name":"wp","href":"https:\/\/api.w.org\/{rel}","templated":true}]}}