{"id":3972,"date":"2024-04-15T09:44:08","date_gmt":"2024-04-15T06:44:08","guid":{"rendered":"https:\/\/sovittelu.com\/vertaissovittelu\/?p=3972"},"modified":"2025-12-17T10:56:55","modified_gmt":"2025-12-17T08:56:55","slug":"seuraava-avoin-resto-koulutus-syksylla-2024","status":"publish","type":"post","link":"https:\/\/sovittelu.com\/vertaissovittelu\/seuraava-avoin-resto-koulutus-syksylla-2024\/","title":{"rendered":"T\u00c4YNN\u00c4! Seuraava avoin RESTO-koulutus syksyll\u00e4 2024"},"content":{"rendered":"\n<p>P\u00e4ivitys 22.5.: T\u00e4m\u00e4 koulutusryhm\u00e4 on t\u00e4yttynyt. Voit seurata tietoa tulevista avoimista RESTO-koulutuksista kotisivuiltamme tai tiedustella tarjousta tilauskoulutuksesta. Lue lis\u00e4\u00e4 <a href=\"https:\/\/sovittelu.com\/vertaissovittelu\/resto-oppimisyhteisolle\/\/\" target=\"_blank\" rel=\"noreferrer noopener\">RESTO-koulutussivulta<\/a>!<\/p>\n\n\n\n<p>Seuraava avoin RESTO-koulutusryhm\u00e4 alkaa elokuussa 2024 ja et\u00e4toteutukseen p\u00e4\u00e4set helposti mukaan eri puolilta Suomea!<\/p>\n\n\n\n<p>Restoratiivinen&nbsp;&nbsp;ja sovitteleva yhteis\u00f6 (tuttavallisemmin RESTO -koulutus) tuottaa osallistujille tiedon ja taidon restoratiivisen l\u00e4hestymistavan ja sovittelun toteuttamiseen omassa ty\u00f6ss\u00e4\u00e4n ja erilaisissa konfliktitilanteissa. Koulutus on k\u00e4yt\u00e4nn\u00f6nl\u00e4heist\u00e4 ja yhteistoiminnallista. Koulutuksessa jaetaan tarpeellinen k\u00e4yt\u00e4nn\u00f6n ty\u00f6skentelyyn liittyv\u00e4 materiaali, jota kukin voi hy\u00f6dynt\u00e4\u00e4 jatkossa omassa yhteis\u00f6ss\u00e4\u00e4n haluamallaan tavalla. Koulutuksen jaksojen sis\u00e4ll\u00f6n painotukset syntyv\u00e4t osallistujien oivallusten, kokemusten ja keskustelujen pohjalta, joten jokainen ryhm\u00e4 luo oman kurssinsa.&nbsp;<\/p>\n\n\n\n<p><strong>HUOM!<\/strong>&nbsp;Vahva suosituksemme on, ett\u00e4 kustakin oppimisyhteis\u00f6st\u00e4 koulutukseen osallistuu 2-4 henkil\u00f6st\u00f6n edustajaa. N\u00e4in saadaan tehokkaammin viety\u00e4 restoratiivista l\u00e4hestymistapaa omaan yhteis\u00f6\u00f6n ja sovitteluja voidaan tarvittaessa toteuttaa ty\u00f6parina.<\/p>\n\n\n\n<p>Koulutus on luonteeltaan prosessi, joka edellytt\u00e4\u00e4 l\u00e4sn\u00e4oloa kaikilla jaksoilla. Koulutuksen p\u00e4\u00e4ttyess\u00e4 osallistujalla on ymm\u00e4rrys restoratiivisesta ajattelutavasta, osallisuudesta ja kohtaamista. Osallistuja osaa my\u00f6s hy\u00f6dynt\u00e4\u00e4 restoratiivisen sovittelun prosessia arjen konfliktitilanteissa.<\/p>\n\n\n\n<p><strong>Kohderyhm\u00e4:<\/strong><\/p>\n\n\n\n<p>Koulutus on kohdennettu kasvatus- ja opetuskent\u00e4ll\u00e4 virassa\/toimessa oleville p\u00e4iv\u00e4kotien, koulujen ja oppilaitosten henkil\u00f6st\u00f6lle.&nbsp;<strong>Olet tervetullut mukaan mist\u00e4p\u00e4in Suomea tahansa ja t\u00e4m\u00e4 koulutus toteutuu t\u00e4ysin et\u00e4n\u00e4!<\/strong><\/p>\n\n\n\n<p><strong>Ajankohta ja paikka:<\/strong><\/p>\n\n\n\n<ol class=\"wp-block-list\">\n<li>Jakso to-pe 22.-23.8.2024 ET\u00c4<\/li>\n\n\n\n<li>Jakso ke-to 25.-26.9.2024 ET\u00c4<\/li>\n\n\n\n<li>Jakso to 31.10.2024 ET\u00c4<\/li>\n<\/ol>\n\n\n\n<p>Ty\u00f6skentelemme koulutusp\u00e4ivisin klo 9-15. Koulutus toteutuu et\u00e4koulutusalustalla.<\/p>\n\n\n\n<p>Hinta 250\u20ac\/osallistuja.<\/p>\n\n\n\n<p>Kouluttajana VERSO-ohjelman kouluttaja, sovittelija Nina Huhtinen.<\/p>\n\n\n\n<p>Ilmoittaudu mukaan l\u00e4hett\u00e4m\u00e4ll\u00e4 s\u00e4hk\u00f6postitse nina.huhtinen@sovittelu.com seuraavat tiedot: osallistuja nimi, ty\u00f6s\u00e4hk\u00f6posti, ty\u00f6nimike ja laskutustiedot.<\/p>\n\n\n\n<p>HUOM! Ilmoittautumalla sitoudut osallistumaan koulutukseen kokonaisuudessaan. Suunnittelemattomien poissaolojen osalta sovitaan korvaava kurssikerta tai teht\u00e4v\u00e4 kouluttajan kanssa erikseen. Jos ette viel\u00e4 tied\u00e4 osallistuvien henkil\u00f6iden tietoja, voitte varata my\u00f6s alustavat koulutuspaikat l\u00e4hett\u00e4m\u00e4ll\u00e4 s\u00e4hk\u00f6postia osoitteeseen nina.huhtinen@sovittelu.com. Osallistujia on mahdollista vaihtaa tarpeenne mukaan aina koulutuksen 1. jaksoon asti.<\/p>\n\n\n\n<p>Ilmoittautumislomakkeen tietoja k\u00e4ytet\u00e4\u00e4n kurssin osallistujatiedon kokoamiseen, laskutukseen ja kurssikirjeiden l\u00e4hett\u00e4miseen osallistujille. RESTO-koulutukseen osallistuvien tieto tallentuu my\u00f6s \u00a0rekisteriimme, lis\u00e4tietoja voit lukea tietosuojaselosteestamme:\u00a0https:\/\/sovittelu.com\/tietosuojaseloste\/<br><br>Lue lis\u00e4\u00e4 koulutuksesta\u00a0<a href=\"https:\/\/sovittelu.com\/vertaissovittelu\/koulutusta\/\" target=\"_blank\" rel=\"noreferrer noopener\">Koulutusta-sivultamme!<\/a><\/p>\n\n\n<style>.kb-image3972_0b6927-79.kb-image-is-ratio-size, .kb-image3972_0b6927-79 .kb-image-is-ratio-size{max-width:370px;width:100%;}.wp-block-kadence-column > .kt-inside-inner-col > .kb-image3972_0b6927-79.kb-image-is-ratio-size, .wp-block-kadence-column > .kt-inside-inner-col > .kb-image3972_0b6927-79 .kb-image-is-ratio-size{align-self:unset;}.kb-image3972_0b6927-79{max-width:370px;}.image-is-svg.kb-image3972_0b6927-79{-webkit-flex:0 1 100%;flex:0 1 100%;}.image-is-svg.kb-image3972_0b6927-79 img{width:100%;}.kb-image3972_0b6927-79 .kb-image-has-overlay:after{opacity:0.3;}<\/style>\n<figure class=\"wp-block-kadence-image kb-image3972_0b6927-79 size-full\"><img loading=\"lazy\" decoding=\"async\" width=\"800\" height=\"567\" src=\"https:\/\/sovittelu.com\/vertaissovittelu\/wp-content\/uploads\/2025\/09\/milla_sanalla_kuvailisit-verso_sanapilvi.jpg\" alt=\"Versosanapilvi\" class=\"kb-img wp-image-13251\" srcset=\"https:\/\/sovittelu.com\/vertaissovittelu\/wp-content\/uploads\/2025\/09\/milla_sanalla_kuvailisit-verso_sanapilvi.jpg 800w, https:\/\/sovittelu.com\/vertaissovittelu\/wp-content\/uploads\/2025\/09\/milla_sanalla_kuvailisit-verso_sanapilvi-500x354.jpg 500w, https:\/\/sovittelu.com\/vertaissovittelu\/wp-content\/uploads\/2025\/09\/milla_sanalla_kuvailisit-verso_sanapilvi-768x544.jpg 768w\" sizes=\"auto, (max-width: 800px) 100vw, 800px\" \/><\/figure>\n","protected":false},"excerpt":{"rendered":"<p>P\u00e4ivitys 22.5.: T\u00e4m\u00e4 koulutusryhm\u00e4 on t\u00e4yttynyt. Voit seurata tietoa tulevista avoimista RESTO-koulutuksista kotisivuiltamme tai tiedustella tarjousta tilauskoulutuksesta. Lue lis\u00e4\u00e4 RESTO-koulutussivulta! Seuraava avoin RESTO-koulutusryhm\u00e4 alkaa elokuussa 2024 ja et\u00e4toteutukseen p\u00e4\u00e4set helposti mukaan eri puolilta Suomea! Restoratiivinen&nbsp;&nbsp;ja sovitteleva yhteis\u00f6 (tuttavallisemmin RESTO -koulutus) tuottaa osallistujille tiedon ja taidon restoratiivisen l\u00e4hestymistavan ja sovittelun toteuttamiseen omassa ty\u00f6ss\u00e4\u00e4n ja erilaisissa konfliktitilanteissa&#8230;.<\/p>\n","protected":false},"author":14,"featured_media":0,"comment_status":"closed","ping_status":"closed","sticky":false,"template":"","format":"standard","meta":{"_kad_post_transparent":"","_kad_post_title":"","_kad_post_layout":"","_kad_post_sidebar_id":"","_kad_post_content_style":"","_kad_post_vertical_padding":"","_kad_post_feature":"","_kad_post_feature_position":"","_kad_post_header":false,"_kad_post_footer":false,"_kad_post_classname":"","footnotes":""},"categories":[3,4,1],"tags":[170,40],"class_list":["post-3972","post","type-post","status-publish","format-standard","hentry","category-koulutus","category-resto","category-yleinen","tag-170","tag-resto"],"yoast_head":"<!-- This site is optimized with the Yoast SEO plugin v27.5 - https:\/\/yoast.com\/product\/yoast-seo-wordpress\/ -->\n<title>T\u00c4YNN\u00c4! Seuraava avoin RESTO-koulutus syksyll\u00e4 2024 | Verso<\/title>\n<meta name=\"robots\" content=\"index, follow, max-snippet:-1, max-image-preview:large, max-video-preview:-1\" \/>\n<link rel=\"canonical\" href=\"https:\/\/sovittelu.com\/vertaissovittelu\/seuraava-avoin-resto-koulutus-syksylla-2024\/\" \/>\n<meta property=\"og:locale\" content=\"fi_FI\" \/>\n<meta property=\"og:type\" content=\"article\" \/>\n<meta property=\"og:title\" content=\"T\u00c4YNN\u00c4! Seuraava avoin RESTO-koulutus syksyll\u00e4 2024 | Verso\" \/>\n<meta property=\"og:description\" content=\"P\u00e4ivitys 22.5.: T\u00e4m\u00e4 koulutusryhm\u00e4 on t\u00e4yttynyt. Voit seurata tietoa tulevista avoimista RESTO-koulutuksista kotisivuiltamme tai tiedustella tarjousta tilauskoulutuksesta. Lue lis\u00e4\u00e4 RESTO-koulutussivulta! Seuraava avoin RESTO-koulutusryhm\u00e4 alkaa elokuussa 2024 ja et\u00e4toteutukseen p\u00e4\u00e4set helposti mukaan eri puolilta Suomea! Restoratiivinen&nbsp;&nbsp;ja sovitteleva yhteis\u00f6 (tuttavallisemmin RESTO -koulutus) tuottaa osallistujille tiedon ja taidon restoratiivisen l\u00e4hestymistavan ja sovittelun toteuttamiseen omassa ty\u00f6ss\u00e4\u00e4n ja erilaisissa konfliktitilanteissa....\" \/>\n<meta property=\"og:url\" content=\"https:\/\/sovittelu.com\/vertaissovittelu\/seuraava-avoin-resto-koulutus-syksylla-2024\/\" \/>\n<meta property=\"og:site_name\" content=\"Verso\" \/>\n<meta property=\"article:publisher\" content=\"https:\/\/www.facebook.com\/VERSOsovittelu\" \/>\n<meta property=\"article:published_time\" content=\"2024-04-15T06:44:08+00:00\" \/>\n<meta property=\"article:modified_time\" content=\"2025-12-17T08:56:55+00:00\" \/>\n<meta property=\"og:image\" content=\"https:\/\/sovittelu.com\/vertaissovittelu\/wp-content\/uploads\/2025\/09\/milla_sanalla_kuvailisit-verso_sanapilvi.jpg\" \/>\n\t<meta property=\"og:image:width\" content=\"800\" \/>\n\t<meta property=\"og:image:height\" content=\"567\" \/>\n\t<meta property=\"og:image:type\" content=\"image\/jpeg\" \/>\n<meta name=\"author\" content=\"Nina Huhtinen\" \/>\n<meta name=\"twitter:card\" content=\"summary_large_image\" \/>\n<meta name=\"twitter:label1\" content=\"Kirjoittanut\" \/>\n\t<meta name=\"twitter:data1\" content=\"Nina Huhtinen\" \/>\n\t<meta name=\"twitter:label2\" content=\"Arvioitu lukuaika\" \/>\n\t<meta name=\"twitter:data2\" content=\"2 minuuttia\" \/>\n<script type=\"application\/ld+json\" class=\"yoast-schema-graph\">{\"@context\":\"https:\\\/\\\/schema.org\",\"@graph\":[{\"@type\":\"Article\",\"@id\":\"https:\\\/\\\/sovittelu.com\\\/vertaissovittelu\\\/seuraava-avoin-resto-koulutus-syksylla-2024\\\/#article\",\"isPartOf\":{\"@id\":\"https:\\\/\\\/sovittelu.com\\\/vertaissovittelu\\\/seuraava-avoin-resto-koulutus-syksylla-2024\\\/\"},\"author\":{\"name\":\"Nina Huhtinen\",\"@id\":\"https:\\\/\\\/sovittelu.com\\\/vertaissovittelu\\\/#\\\/schema\\\/person\\\/7cf9dc57a10e1fba817a3f9f9cf56494\"},\"headline\":\"T\u00c4YNN\u00c4! Seuraava avoin RESTO-koulutus syksyll\u00e4 2024\",\"datePublished\":\"2024-04-15T06:44:08+00:00\",\"dateModified\":\"2025-12-17T08:56:55+00:00\",\"mainEntityOfPage\":{\"@id\":\"https:\\\/\\\/sovittelu.com\\\/vertaissovittelu\\\/seuraava-avoin-resto-koulutus-syksylla-2024\\\/\"},\"wordCount\":375,\"publisher\":{\"@id\":\"https:\\\/\\\/sovittelu.com\\\/vertaissovittelu\\\/#organization\"},\"image\":{\"@id\":\"https:\\\/\\\/sovittelu.com\\\/vertaissovittelu\\\/seuraava-avoin-resto-koulutus-syksylla-2024\\\/#primaryimage\"},\"thumbnailUrl\":\"https:\\\/\\\/sovittelu.com\\\/vertaissovittelu\\\/wp-content\\\/uploads\\\/2025\\\/09\\\/milla_sanalla_kuvailisit-verso_sanapilvi.jpg\",\"keywords\":[\"2024\",\"RESTO\"],\"articleSection\":[\"Koulutus\",\"RESTO\"],\"inLanguage\":\"fi\"},{\"@type\":\"WebPage\",\"@id\":\"https:\\\/\\\/sovittelu.com\\\/vertaissovittelu\\\/seuraava-avoin-resto-koulutus-syksylla-2024\\\/\",\"url\":\"https:\\\/\\\/sovittelu.com\\\/vertaissovittelu\\\/seuraava-avoin-resto-koulutus-syksylla-2024\\\/\",\"name\":\"T\u00c4YNN\u00c4! Seuraava avoin RESTO-koulutus syksyll\u00e4 2024 | Verso\",\"isPartOf\":{\"@id\":\"https:\\\/\\\/sovittelu.com\\\/vertaissovittelu\\\/#website\"},\"primaryImageOfPage\":{\"@id\":\"https:\\\/\\\/sovittelu.com\\\/vertaissovittelu\\\/seuraava-avoin-resto-koulutus-syksylla-2024\\\/#primaryimage\"},\"image\":{\"@id\":\"https:\\\/\\\/sovittelu.com\\\/vertaissovittelu\\\/seuraava-avoin-resto-koulutus-syksylla-2024\\\/#primaryimage\"},\"thumbnailUrl\":\"https:\\\/\\\/sovittelu.com\\\/vertaissovittelu\\\/wp-content\\\/uploads\\\/2025\\\/09\\\/milla_sanalla_kuvailisit-verso_sanapilvi.jpg\",\"datePublished\":\"2024-04-15T06:44:08+00:00\",\"dateModified\":\"2025-12-17T08:56:55+00:00\",\"breadcrumb\":{\"@id\":\"https:\\\/\\\/sovittelu.com\\\/vertaissovittelu\\\/seuraava-avoin-resto-koulutus-syksylla-2024\\\/#breadcrumb\"},\"inLanguage\":\"fi\",\"potentialAction\":[{\"@type\":\"ReadAction\",\"target\":[\"https:\\\/\\\/sovittelu.com\\\/vertaissovittelu\\\/seuraava-avoin-resto-koulutus-syksylla-2024\\\/\"]}]},{\"@type\":\"ImageObject\",\"inLanguage\":\"fi\",\"@id\":\"https:\\\/\\\/sovittelu.com\\\/vertaissovittelu\\\/seuraava-avoin-resto-koulutus-syksylla-2024\\\/#primaryimage\",\"url\":\"https:\\\/\\\/sovittelu.com\\\/vertaissovittelu\\\/wp-content\\\/uploads\\\/2025\\\/09\\\/milla_sanalla_kuvailisit-verso_sanapilvi.jpg\",\"contentUrl\":\"https:\\\/\\\/sovittelu.com\\\/vertaissovittelu\\\/wp-content\\\/uploads\\\/2025\\\/09\\\/milla_sanalla_kuvailisit-verso_sanapilvi.jpg\",\"width\":800,\"height\":567,\"caption\":\"Versosanapilvi\"},{\"@type\":\"BreadcrumbList\",\"@id\":\"https:\\\/\\\/sovittelu.com\\\/vertaissovittelu\\\/seuraava-avoin-resto-koulutus-syksylla-2024\\\/#breadcrumb\",\"itemListElement\":[{\"@type\":\"ListItem\",\"position\":1,\"name\":\"Etusivu\",\"item\":\"https:\\\/\\\/sovittelu.com\\\/vertaissovittelu\\\/\"},{\"@type\":\"ListItem\",\"position\":2,\"name\":\"T\u00c4YNN\u00c4! Seuraava avoin RESTO-koulutus syksyll\u00e4 2024\"}]},{\"@type\":\"WebSite\",\"@id\":\"https:\\\/\\\/sovittelu.com\\\/vertaissovittelu\\\/#website\",\"url\":\"https:\\\/\\\/sovittelu.com\\\/vertaissovittelu\\\/\",\"name\":\"VERSO-ohjelma\",\"description\":\"Vertaissovitteluohjelma\",\"publisher\":{\"@id\":\"https:\\\/\\\/sovittelu.com\\\/vertaissovittelu\\\/#organization\"},\"potentialAction\":[{\"@type\":\"SearchAction\",\"target\":{\"@type\":\"EntryPoint\",\"urlTemplate\":\"https:\\\/\\\/sovittelu.com\\\/vertaissovittelu\\\/?s={search_term_string}\"},\"query-input\":{\"@type\":\"PropertyValueSpecification\",\"valueRequired\":true,\"valueName\":\"search_term_string\"}}],\"inLanguage\":\"fi\"},{\"@type\":\"Organization\",\"@id\":\"https:\\\/\\\/sovittelu.com\\\/vertaissovittelu\\\/#organization\",\"name\":\"VERSO-ohjelma\",\"url\":\"https:\\\/\\\/sovittelu.com\\\/vertaissovittelu\\\/\",\"logo\":{\"@type\":\"ImageObject\",\"inLanguage\":\"fi\",\"@id\":\"https:\\\/\\\/sovittelu.com\\\/vertaissovittelu\\\/#\\\/schema\\\/logo\\\/image\\\/\",\"url\":\"https:\\\/\\\/sovittelu.com\\\/vertaissovittelu\\\/wp-content\\\/uploads\\\/2026\\\/01\\\/verso_ikoni_512x512px.png\",\"contentUrl\":\"https:\\\/\\\/sovittelu.com\\\/vertaissovittelu\\\/wp-content\\\/uploads\\\/2026\\\/01\\\/verso_ikoni_512x512px.png\",\"width\":512,\"height\":512,\"caption\":\"VERSO-ohjelma\"},\"image\":{\"@id\":\"https:\\\/\\\/sovittelu.com\\\/vertaissovittelu\\\/#\\\/schema\\\/logo\\\/image\\\/\"},\"sameAs\":[\"https:\\\/\\\/www.facebook.com\\\/VERSOsovittelu\",\"https:\\\/\\\/www.instagram.com\\\/verso_sovittelu\\\/\"]},{\"@type\":\"Person\",\"@id\":\"https:\\\/\\\/sovittelu.com\\\/vertaissovittelu\\\/#\\\/schema\\\/person\\\/7cf9dc57a10e1fba817a3f9f9cf56494\",\"name\":\"Nina Huhtinen\",\"url\":\"https:\\\/\\\/sovittelu.com\\\/vertaissovittelu\\\/author\\\/nina\\\/\"}]}<\/script>\n<!-- \/ Yoast SEO plugin. -->","yoast_head_json":{"title":"T\u00c4YNN\u00c4! Seuraava avoin RESTO-koulutus syksyll\u00e4 2024 | Verso","robots":{"index":"index","follow":"follow","max-snippet":"max-snippet:-1","max-image-preview":"max-image-preview:large","max-video-preview":"max-video-preview:-1"},"canonical":"https:\/\/sovittelu.com\/vertaissovittelu\/seuraava-avoin-resto-koulutus-syksylla-2024\/","og_locale":"fi_FI","og_type":"article","og_title":"T\u00c4YNN\u00c4! Seuraava avoin RESTO-koulutus syksyll\u00e4 2024 | Verso","og_description":"P\u00e4ivitys 22.5.: T\u00e4m\u00e4 koulutusryhm\u00e4 on t\u00e4yttynyt. Voit seurata tietoa tulevista avoimista RESTO-koulutuksista kotisivuiltamme tai tiedustella tarjousta tilauskoulutuksesta. Lue lis\u00e4\u00e4 RESTO-koulutussivulta! Seuraava avoin RESTO-koulutusryhm\u00e4 alkaa elokuussa 2024 ja et\u00e4toteutukseen p\u00e4\u00e4set helposti mukaan eri puolilta Suomea! Restoratiivinen&nbsp;&nbsp;ja sovitteleva yhteis\u00f6 (tuttavallisemmin RESTO -koulutus) tuottaa osallistujille tiedon ja taidon restoratiivisen l\u00e4hestymistavan ja sovittelun toteuttamiseen omassa ty\u00f6ss\u00e4\u00e4n ja erilaisissa konfliktitilanteissa....","og_url":"https:\/\/sovittelu.com\/vertaissovittelu\/seuraava-avoin-resto-koulutus-syksylla-2024\/","og_site_name":"Verso","article_publisher":"https:\/\/www.facebook.com\/VERSOsovittelu","article_published_time":"2024-04-15T06:44:08+00:00","article_modified_time":"2025-12-17T08:56:55+00:00","og_image":[{"width":800,"height":567,"url":"https:\/\/sovittelu.com\/vertaissovittelu\/wp-content\/uploads\/2025\/09\/milla_sanalla_kuvailisit-verso_sanapilvi.jpg","type":"image\/jpeg"}],"author":"Nina Huhtinen","twitter_card":"summary_large_image","twitter_misc":{"Kirjoittanut":"Nina Huhtinen","Arvioitu lukuaika":"2 minuuttia"},"schema":{"@context":"https:\/\/schema.org","@graph":[{"@type":"Article","@id":"https:\/\/sovittelu.com\/vertaissovittelu\/seuraava-avoin-resto-koulutus-syksylla-2024\/#article","isPartOf":{"@id":"https:\/\/sovittelu.com\/vertaissovittelu\/seuraava-avoin-resto-koulutus-syksylla-2024\/"},"author":{"name":"Nina Huhtinen","@id":"https:\/\/sovittelu.com\/vertaissovittelu\/#\/schema\/person\/7cf9dc57a10e1fba817a3f9f9cf56494"},"headline":"T\u00c4YNN\u00c4! Seuraava avoin RESTO-koulutus syksyll\u00e4 2024","datePublished":"2024-04-15T06:44:08+00:00","dateModified":"2025-12-17T08:56:55+00:00","mainEntityOfPage":{"@id":"https:\/\/sovittelu.com\/vertaissovittelu\/seuraava-avoin-resto-koulutus-syksylla-2024\/"},"wordCount":375,"publisher":{"@id":"https:\/\/sovittelu.com\/vertaissovittelu\/#organization"},"image":{"@id":"https:\/\/sovittelu.com\/vertaissovittelu\/seuraava-avoin-resto-koulutus-syksylla-2024\/#primaryimage"},"thumbnailUrl":"https:\/\/sovittelu.com\/vertaissovittelu\/wp-content\/uploads\/2025\/09\/milla_sanalla_kuvailisit-verso_sanapilvi.jpg","keywords":["2024","RESTO"],"articleSection":["Koulutus","RESTO"],"inLanguage":"fi"},{"@type":"WebPage","@id":"https:\/\/sovittelu.com\/vertaissovittelu\/seuraava-avoin-resto-koulutus-syksylla-2024\/","url":"https:\/\/sovittelu.com\/vertaissovittelu\/seuraava-avoin-resto-koulutus-syksylla-2024\/","name":"T\u00c4YNN\u00c4! Seuraava avoin RESTO-koulutus syksyll\u00e4 2024 | Verso","isPartOf":{"@id":"https:\/\/sovittelu.com\/vertaissovittelu\/#website"},"primaryImageOfPage":{"@id":"https:\/\/sovittelu.com\/vertaissovittelu\/seuraava-avoin-resto-koulutus-syksylla-2024\/#primaryimage"},"image":{"@id":"https:\/\/sovittelu.com\/vertaissovittelu\/seuraava-avoin-resto-koulutus-syksylla-2024\/#primaryimage"},"thumbnailUrl":"https:\/\/sovittelu.com\/vertaissovittelu\/wp-content\/uploads\/2025\/09\/milla_sanalla_kuvailisit-verso_sanapilvi.jpg","datePublished":"2024-04-15T06:44:08+00:00","dateModified":"2025-12-17T08:56:55+00:00","breadcrumb":{"@id":"https:\/\/sovittelu.com\/vertaissovittelu\/seuraava-avoin-resto-koulutus-syksylla-2024\/#breadcrumb"},"inLanguage":"fi","potentialAction":[{"@type":"ReadAction","target":["https:\/\/sovittelu.com\/vertaissovittelu\/seuraava-avoin-resto-koulutus-syksylla-2024\/"]}]},{"@type":"ImageObject","inLanguage":"fi","@id":"https:\/\/sovittelu.com\/vertaissovittelu\/seuraava-avoin-resto-koulutus-syksylla-2024\/#primaryimage","url":"https:\/\/sovittelu.com\/vertaissovittelu\/wp-content\/uploads\/2025\/09\/milla_sanalla_kuvailisit-verso_sanapilvi.jpg","contentUrl":"https:\/\/sovittelu.com\/vertaissovittelu\/wp-content\/uploads\/2025\/09\/milla_sanalla_kuvailisit-verso_sanapilvi.jpg","width":800,"height":567,"caption":"Versosanapilvi"},{"@type":"BreadcrumbList","@id":"https:\/\/sovittelu.com\/vertaissovittelu\/seuraava-avoin-resto-koulutus-syksylla-2024\/#breadcrumb","itemListElement":[{"@type":"ListItem","position":1,"name":"Etusivu","item":"https:\/\/sovittelu.com\/vertaissovittelu\/"},{"@type":"ListItem","position":2,"name":"T\u00c4YNN\u00c4! Seuraava avoin RESTO-koulutus syksyll\u00e4 2024"}]},{"@type":"WebSite","@id":"https:\/\/sovittelu.com\/vertaissovittelu\/#website","url":"https:\/\/sovittelu.com\/vertaissovittelu\/","name":"VERSO-ohjelma","description":"Vertaissovitteluohjelma","publisher":{"@id":"https:\/\/sovittelu.com\/vertaissovittelu\/#organization"},"potentialAction":[{"@type":"SearchAction","target":{"@type":"EntryPoint","urlTemplate":"https:\/\/sovittelu.com\/vertaissovittelu\/?s={search_term_string}"},"query-input":{"@type":"PropertyValueSpecification","valueRequired":true,"valueName":"search_term_string"}}],"inLanguage":"fi"},{"@type":"Organization","@id":"https:\/\/sovittelu.com\/vertaissovittelu\/#organization","name":"VERSO-ohjelma","url":"https:\/\/sovittelu.com\/vertaissovittelu\/","logo":{"@type":"ImageObject","inLanguage":"fi","@id":"https:\/\/sovittelu.com\/vertaissovittelu\/#\/schema\/logo\/image\/","url":"https:\/\/sovittelu.com\/vertaissovittelu\/wp-content\/uploads\/2026\/01\/verso_ikoni_512x512px.png","contentUrl":"https:\/\/sovittelu.com\/vertaissovittelu\/wp-content\/uploads\/2026\/01\/verso_ikoni_512x512px.png","width":512,"height":512,"caption":"VERSO-ohjelma"},"image":{"@id":"https:\/\/sovittelu.com\/vertaissovittelu\/#\/schema\/logo\/image\/"},"sameAs":["https:\/\/www.facebook.com\/VERSOsovittelu","https:\/\/www.instagram.com\/verso_sovittelu\/"]},{"@type":"Person","@id":"https:\/\/sovittelu.com\/vertaissovittelu\/#\/schema\/person\/7cf9dc57a10e1fba817a3f9f9cf56494","name":"Nina Huhtinen","url":"https:\/\/sovittelu.com\/vertaissovittelu\/author\/nina\/"}]}},"_links":{"self":[{"href":"https:\/\/sovittelu.com\/vertaissovittelu\/wp-json\/wp\/v2\/posts\/3972","targetHints":{"allow":["GET"]}}],"collection":[{"href":"https:\/\/sovittelu.com\/vertaissovittelu\/wp-json\/wp\/v2\/posts"}],"about":[{"href":"https:\/\/sovittelu.com\/vertaissovittelu\/wp-json\/wp\/v2\/types\/post"}],"author":[{"embeddable":true,"href":"https:\/\/sovittelu.com\/vertaissovittelu\/wp-json\/wp\/v2\/users\/14"}],"replies":[{"embeddable":true,"href":"https:\/\/sovittelu.com\/vertaissovittelu\/wp-json\/wp\/v2\/comments?post=3972"}],"version-history":[{"count":0,"href":"https:\/\/sovittelu.com\/vertaissovittelu\/wp-json\/wp\/v2\/posts\/3972\/revisions"}],"wp:attachment":[{"href":"https:\/\/sovittelu.com\/vertaissovittelu\/wp-json\/wp\/v2\/media?parent=3972"}],"wp:term":[{"taxonomy":"category","embeddable":true,"href":"https:\/\/sovittelu.com\/vertaissovittelu\/wp-json\/wp\/v2\/categories?post=3972"},{"taxonomy":"post_tag","embeddable":true,"href":"https:\/\/sovittelu.com\/vertaissovittelu\/wp-json\/wp\/v2\/tags?post=3972"}],"curies":[{"name":"wp","href":"https:\/\/api.w.org\/{rel}","templated":true}]}}