{"id":17263,"date":"2026-08-31T13:13:17","date_gmt":"2026-08-31T10:13:17","guid":{"rendered":"https:\/\/sovittelu.com\/vertaissovittelu\/?p=17263"},"modified":"2026-08-31T13:13:19","modified_gmt":"2026-08-31T10:13:19","slug":"sovittelun-olohuone-keskiviikkona-2-9-2026-klo-16-00-17-30","status":"publish","type":"post","link":"https:\/\/sovittelu.com\/vertaissovittelu\/sovittelun-olohuone-keskiviikkona-2-9-2026-klo-16-00-17-30\/","title":{"rendered":"Sovittelun\u00a0Olohuone\u00a0keskiviikkona 2.9.2026 klo 16.00\u201317.30\u00a0"},"content":{"rendered":"\n<p class=\"wp-block-paragraph\">Taustayhdistyksemme Suomen sovittelufoorumi ry:n j\u00e4rjest\u00e4m\u00e4 Sovittelun olohuone tulee taas t\u00e4ll\u00e4 viikolla! <br><br>Seuraavan kerran tapaamme\u00a0Olohuoneessa keskiviikkona 2.9. klo 16.00\u201317.30. Tuolloin puhumme teko\u00e4lyst\u00e4: tekno-filosofi ja\u00a0Sovittelujournalistien yhdistys Sopiva ry:n puheenjohtaja Jarno Alastalo tulee puhumaan siit\u00e4, miten teko\u00e4lyn yleistyminen vaikuttaa ihmisten v\u00e4lisiin suhteisiin ja yhdess\u00e4 el\u00e4miseen. Jarno pohtii my\u00f6s laajemmin sit\u00e4, miten voimme vaikuttaa siihen, mihin suuntaan teko\u00e4ly meit\u00e4 yhteiskuntana vie. Jarnon ajatteluun voi halutessaan tutustua jo etuk\u00e4teen h\u00e4nen talvella ilmestyneen kirjansa \u201dMusta laatikko \u2013 teko\u00e4lytt\u00f6myyden ajan alku\u201d avulla: \u00a0<a href=\"https:\/\/www.sttinfo.fi\/tiedote\/71755318\/jarno-alastalon-teos-musta-laatikko-pohtii-tekoalya-ja-tulevaisuuden-ihmista?publisherId=64608824&amp;lang=fi\"><u>https:\/\/www.sttinfo.fi\/tiedote\/71755318\/jarno-alastalon-teos-musta-laatikko-pohtii-tekoalya-ja-tulevaisuuden-ihmista?publisherId=64608824&amp;lang=fi<\/u><\/a><\/p>\n\n\n\n<p class=\"wp-block-paragraph\">Linkki syyskuun&nbsp;Olohuoneeseen:&nbsp;<a href=\"https:\/\/us06web.zoom.us\/j\/83030906482\"><u>https:\/\/us06web.zoom.us\/j\/83030906482<\/u><\/a><\/p>\n\n\n\n<p class=\"wp-block-paragraph\"><strong><em>Mik\u00e4&nbsp;Olohuone<\/em><\/strong><em>:&nbsp;Olohuone-tapaamiset ovat&nbsp;<\/em><a href=\"http:\/\/www.sovittelu.com\/\"><em><u>Suomen&nbsp;Sovittelufoorumi ry:n (SSF ry)<\/u><\/em><\/a><em>&nbsp;j\u00e4rjest\u00e4mi\u00e4 maksuttomia et\u00e4tapaamisia eri alojen sovittelijoille sek\u00e4&nbsp;sovitteluun liittyvist\u00e4 teemoista laajasti kiinnostuneille. Tapaamiskutsut l\u00e4htev\u00e4t SSF:n j\u00e4senille. Tapaamisissa kuullaan alustuspuheenvuoroja ja keskustellaan yhdess\u00e4 erilaisista teemoista, opitaan uutta toisiltamme sek\u00e4 vaihdetaan kuulumisia ja kokemuksia.<\/em><\/p>\n\n\n\n<p class=\"wp-block-paragraph\">Jatkossa saat tiedon Olohuone-tapaamisista varmiten <a href=\"https:\/\/sovittelu.com\/liity-jaseneksi\/\">liittym\u00e4ll\u00e4 yhdistyksen j\u00e4seneksi<\/a> tai seuraamalla <a href=\"https:\/\/fi.linkedin.com\/company\/suomen-sovittelufoorumi-ssf?trk=public_post_feed-actor-name\">LinkedIn-sivua<\/a>!<\/p>\n\n\n\n<p class=\"wp-block-paragraph\"><\/p>\n","protected":false},"excerpt":{"rendered":"<p>Taustayhdistyksemme Suomen sovittelufoorumi ry:n j\u00e4rjest\u00e4m\u00e4 Sovittelun olohuone tulee taas t\u00e4ll\u00e4 viikolla! Seuraavan kerran tapaamme\u00a0Olohuoneessa keskiviikkona 2.9. klo 16.00\u201317.30. Tuolloin puhumme teko\u00e4lyst\u00e4: tekno-filosofi ja\u00a0Sovittelujournalistien yhdistys Sopiva ry:n puheenjohtaja Jarno Alastalo tulee puhumaan siit\u00e4, miten teko\u00e4lyn yleistyminen vaikuttaa ihmisten v\u00e4lisiin suhteisiin ja yhdess\u00e4 el\u00e4miseen. Jarno pohtii my\u00f6s laajemmin sit\u00e4, miten voimme vaikuttaa siihen, mihin suuntaan teko\u00e4ly meit\u00e4&#8230;<\/p>\n","protected":false},"author":14,"featured_media":0,"comment_status":"closed","ping_status":"open","sticky":false,"template":"","format":"standard","meta":{"_kad_post_transparent":"","_kad_post_title":"","_kad_post_layout":"","_kad_post_sidebar_id":"","_kad_post_content_style":"","_kad_post_vertical_padding":"","_kad_post_feature":"","_kad_post_feature_position":"","_kad_post_header":false,"_kad_post_footer":false,"_kad_post_classname":"","footnotes":""},"categories":[1],"tags":[1024,1022,1025,1021,958,217],"class_list":["post-17263","post","type-post","status-publish","format-standard","hentry","category-yleinen","tag-etatilaisuus","tag-jarno-alastalo","tag-sopiva-ry","tag-sovittelujournalismi","tag-sovittelun-olohuone","tag-suomen-sovittelufoorumi-ry"],"yoast_head":"<!-- This site is optimized with the Yoast SEO plugin v28.4 - https:\/\/yoast.com\/product\/yoast-seo-wordpress\/ -->\n<title>Sovittelun\u00a0Olohuone\u00a0keskiviikkona 2.9.2026 klo 16.00\u201317.30\u00a0 | Verso<\/title>\n<meta name=\"robots\" content=\"index, follow, max-snippet:-1, max-image-preview:large, max-video-preview:-1\" \/>\n<link rel=\"canonical\" href=\"https:\/\/sovittelu.com\/vertaissovittelu\/sovittelun-olohuone-keskiviikkona-2-9-2026-klo-16-00-17-30\/\" \/>\n<meta property=\"og:locale\" content=\"fi_FI\" \/>\n<meta property=\"og:type\" content=\"article\" \/>\n<meta property=\"og:title\" content=\"Sovittelun\u00a0Olohuone\u00a0keskiviikkona 2.9.2026 klo 16.00\u201317.30\u00a0 | Verso\" \/>\n<meta property=\"og:description\" content=\"Taustayhdistyksemme Suomen sovittelufoorumi ry:n j\u00e4rjest\u00e4m\u00e4 Sovittelun olohuone tulee taas t\u00e4ll\u00e4 viikolla! Seuraavan kerran tapaamme\u00a0Olohuoneessa keskiviikkona 2.9. klo 16.00\u201317.30. Tuolloin puhumme teko\u00e4lyst\u00e4: tekno-filosofi ja\u00a0Sovittelujournalistien yhdistys Sopiva ry:n puheenjohtaja Jarno Alastalo tulee puhumaan siit\u00e4, miten teko\u00e4lyn yleistyminen vaikuttaa ihmisten v\u00e4lisiin suhteisiin ja yhdess\u00e4 el\u00e4miseen. Jarno pohtii my\u00f6s laajemmin sit\u00e4, miten voimme vaikuttaa siihen, mihin suuntaan teko\u00e4ly meit\u00e4...\" \/>\n<meta property=\"og:url\" content=\"https:\/\/sovittelu.com\/vertaissovittelu\/sovittelun-olohuone-keskiviikkona-2-9-2026-klo-16-00-17-30\/\" \/>\n<meta property=\"og:site_name\" content=\"Verso\" \/>\n<meta property=\"article:publisher\" content=\"https:\/\/www.facebook.com\/VERSOsovittelu\" \/>\n<meta property=\"article:published_time\" content=\"2026-08-31T10:13:17+00:00\" \/>\n<meta property=\"article:modified_time\" content=\"2026-08-31T10:13:19+00:00\" \/>\n<meta property=\"og:image\" content=\"https:\/\/sovittelu.com\/vertaissovittelu\/wp-content\/uploads\/2025\/12\/verso-ohjelma_1200x675px.jpg\" \/>\n\t<meta property=\"og:image:width\" content=\"1200\" \/>\n\t<meta property=\"og:image:height\" content=\"675\" \/>\n\t<meta property=\"og:image:type\" content=\"image\/jpeg\" \/>\n<meta name=\"author\" content=\"Nina Huhtinen\" \/>\n<meta name=\"twitter:card\" content=\"summary_large_image\" \/>\n<meta name=\"twitter:label1\" content=\"Kirjoittanut\" \/>\n\t<meta name=\"twitter:data1\" content=\"Nina Huhtinen\" \/>\n\t<meta name=\"twitter:label2\" content=\"Arvioitu lukuaika\" \/>\n\t<meta name=\"twitter:data2\" content=\"1 minuutti\" \/>\n<script type=\"application\/ld+json\" class=\"yoast-schema-graph\">{\"@context\":\"https:\\\/\\\/schema.org\",\"@graph\":[{\"@type\":\"Article\",\"@id\":\"https:\\\/\\\/sovittelu.com\\\/vertaissovittelu\\\/sovittelun-olohuone-keskiviikkona-2-9-2026-klo-16-00-17-30\\\/#article\",\"isPartOf\":{\"@id\":\"https:\\\/\\\/sovittelu.com\\\/vertaissovittelu\\\/sovittelun-olohuone-keskiviikkona-2-9-2026-klo-16-00-17-30\\\/\"},\"author\":{\"name\":\"Nina Huhtinen\",\"@id\":\"https:\\\/\\\/sovittelu.com\\\/vertaissovittelu\\\/#\\\/schema\\\/person\\\/7cf9dc57a10e1fba817a3f9f9cf56494\"},\"headline\":\"Sovittelun\u00a0Olohuone\u00a0keskiviikkona 2.9.2026 klo 16.00\u201317.30\u00a0\",\"datePublished\":\"2026-08-31T10:13:17+00:00\",\"dateModified\":\"2026-08-31T10:13:19+00:00\",\"mainEntityOfPage\":{\"@id\":\"https:\\\/\\\/sovittelu.com\\\/vertaissovittelu\\\/sovittelun-olohuone-keskiviikkona-2-9-2026-klo-16-00-17-30\\\/\"},\"wordCount\":182,\"publisher\":{\"@id\":\"https:\\\/\\\/sovittelu.com\\\/vertaissovittelu\\\/#organization\"},\"keywords\":[\"et\u00e4tilaisuus\",\"Jarno Alastalo\",\"Sopiva ry\",\"sovittelujournalismi\",\"sovittelun olohuone\",\"Suomen sovittelufoorumi ry\"],\"inLanguage\":\"fi\"},{\"@type\":\"WebPage\",\"@id\":\"https:\\\/\\\/sovittelu.com\\\/vertaissovittelu\\\/sovittelun-olohuone-keskiviikkona-2-9-2026-klo-16-00-17-30\\\/\",\"url\":\"https:\\\/\\\/sovittelu.com\\\/vertaissovittelu\\\/sovittelun-olohuone-keskiviikkona-2-9-2026-klo-16-00-17-30\\\/\",\"name\":\"Sovittelun\u00a0Olohuone\u00a0keskiviikkona 2.9.2026 klo 16.00\u201317.30\u00a0 | Verso\",\"isPartOf\":{\"@id\":\"https:\\\/\\\/sovittelu.com\\\/vertaissovittelu\\\/#website\"},\"datePublished\":\"2026-08-31T10:13:17+00:00\",\"dateModified\":\"2026-08-31T10:13:19+00:00\",\"breadcrumb\":{\"@id\":\"https:\\\/\\\/sovittelu.com\\\/vertaissovittelu\\\/sovittelun-olohuone-keskiviikkona-2-9-2026-klo-16-00-17-30\\\/#breadcrumb\"},\"inLanguage\":\"fi\",\"potentialAction\":[{\"@type\":\"ReadAction\",\"target\":[\"https:\\\/\\\/sovittelu.com\\\/vertaissovittelu\\\/sovittelun-olohuone-keskiviikkona-2-9-2026-klo-16-00-17-30\\\/\"]}]},{\"@type\":\"BreadcrumbList\",\"@id\":\"https:\\\/\\\/sovittelu.com\\\/vertaissovittelu\\\/sovittelun-olohuone-keskiviikkona-2-9-2026-klo-16-00-17-30\\\/#breadcrumb\",\"itemListElement\":[{\"@type\":\"ListItem\",\"position\":1,\"name\":\"Etusivu\",\"item\":\"https:\\\/\\\/sovittelu.com\\\/vertaissovittelu\\\/\"},{\"@type\":\"ListItem\",\"position\":2,\"name\":\"Sovittelun\u00a0Olohuone\u00a0keskiviikkona 2.9.2026 klo 16.00\u201317.30\u00a0\"}]},{\"@type\":\"WebSite\",\"@id\":\"https:\\\/\\\/sovittelu.com\\\/vertaissovittelu\\\/#website\",\"url\":\"https:\\\/\\\/sovittelu.com\\\/vertaissovittelu\\\/\",\"name\":\"VERSO-ohjelma\",\"description\":\"Vertaissovitteluohjelma\",\"publisher\":{\"@id\":\"https:\\\/\\\/sovittelu.com\\\/vertaissovittelu\\\/#organization\"},\"potentialAction\":[{\"@type\":\"SearchAction\",\"target\":{\"@type\":\"EntryPoint\",\"urlTemplate\":\"https:\\\/\\\/sovittelu.com\\\/vertaissovittelu\\\/?s={search_term_string}\"},\"query-input\":{\"@type\":\"PropertyValueSpecification\",\"valueRequired\":true,\"valueName\":\"search_term_string\"}}],\"inLanguage\":\"fi\"},{\"@type\":\"Organization\",\"@id\":\"https:\\\/\\\/sovittelu.com\\\/vertaissovittelu\\\/#organization\",\"name\":\"VERSO-ohjelma\",\"url\":\"https:\\\/\\\/sovittelu.com\\\/vertaissovittelu\\\/\",\"logo\":{\"@type\":\"ImageObject\",\"inLanguage\":\"fi\",\"@id\":\"https:\\\/\\\/sovittelu.com\\\/vertaissovittelu\\\/#\\\/schema\\\/logo\\\/image\\\/\",\"url\":\"https:\\\/\\\/sovittelu.com\\\/vertaissovittelu\\\/wp-content\\\/uploads\\\/2026\\\/01\\\/verso_ikoni_512x512px.png\",\"contentUrl\":\"https:\\\/\\\/sovittelu.com\\\/vertaissovittelu\\\/wp-content\\\/uploads\\\/2026\\\/01\\\/verso_ikoni_512x512px.png\",\"width\":512,\"height\":512,\"caption\":\"VERSO-ohjelma\"},\"image\":{\"@id\":\"https:\\\/\\\/sovittelu.com\\\/vertaissovittelu\\\/#\\\/schema\\\/logo\\\/image\\\/\"},\"sameAs\":[\"https:\\\/\\\/www.facebook.com\\\/VERSOsovittelu\",\"https:\\\/\\\/www.instagram.com\\\/verso_sovittelu\\\/\"]},{\"@type\":\"Person\",\"@id\":\"https:\\\/\\\/sovittelu.com\\\/vertaissovittelu\\\/#\\\/schema\\\/person\\\/7cf9dc57a10e1fba817a3f9f9cf56494\",\"name\":\"Nina Huhtinen\",\"url\":\"https:\\\/\\\/sovittelu.com\\\/vertaissovittelu\\\/author\\\/nina\\\/\"}]}<\/script>\n<!-- \/ Yoast SEO plugin. -->","yoast_head_json":{"title":"Sovittelun\u00a0Olohuone\u00a0keskiviikkona 2.9.2026 klo 16.00\u201317.30\u00a0 | Verso","robots":{"index":"index","follow":"follow","max-snippet":"max-snippet:-1","max-image-preview":"max-image-preview:large","max-video-preview":"max-video-preview:-1"},"canonical":"https:\/\/sovittelu.com\/vertaissovittelu\/sovittelun-olohuone-keskiviikkona-2-9-2026-klo-16-00-17-30\/","og_locale":"fi_FI","og_type":"article","og_title":"Sovittelun\u00a0Olohuone\u00a0keskiviikkona 2.9.2026 klo 16.00\u201317.30\u00a0 | Verso","og_description":"Taustayhdistyksemme Suomen sovittelufoorumi ry:n j\u00e4rjest\u00e4m\u00e4 Sovittelun olohuone tulee taas t\u00e4ll\u00e4 viikolla! Seuraavan kerran tapaamme\u00a0Olohuoneessa keskiviikkona 2.9. klo 16.00\u201317.30. Tuolloin puhumme teko\u00e4lyst\u00e4: tekno-filosofi ja\u00a0Sovittelujournalistien yhdistys Sopiva ry:n puheenjohtaja Jarno Alastalo tulee puhumaan siit\u00e4, miten teko\u00e4lyn yleistyminen vaikuttaa ihmisten v\u00e4lisiin suhteisiin ja yhdess\u00e4 el\u00e4miseen. Jarno pohtii my\u00f6s laajemmin sit\u00e4, miten voimme vaikuttaa siihen, mihin suuntaan teko\u00e4ly meit\u00e4...","og_url":"https:\/\/sovittelu.com\/vertaissovittelu\/sovittelun-olohuone-keskiviikkona-2-9-2026-klo-16-00-17-30\/","og_site_name":"Verso","article_publisher":"https:\/\/www.facebook.com\/VERSOsovittelu","article_published_time":"2026-08-31T10:13:17+00:00","article_modified_time":"2026-08-31T10:13:19+00:00","og_image":[{"width":1200,"height":675,"url":"https:\/\/sovittelu.com\/vertaissovittelu\/wp-content\/uploads\/2025\/12\/verso-ohjelma_1200x675px.jpg","type":"image\/jpeg"}],"author":"Nina Huhtinen","twitter_card":"summary_large_image","twitter_misc":{"Kirjoittanut":"Nina Huhtinen","Arvioitu lukuaika":"1 minuutti"},"schema":{"@context":"https:\/\/schema.org","@graph":[{"@type":"Article","@id":"https:\/\/sovittelu.com\/vertaissovittelu\/sovittelun-olohuone-keskiviikkona-2-9-2026-klo-16-00-17-30\/#article","isPartOf":{"@id":"https:\/\/sovittelu.com\/vertaissovittelu\/sovittelun-olohuone-keskiviikkona-2-9-2026-klo-16-00-17-30\/"},"author":{"name":"Nina Huhtinen","@id":"https:\/\/sovittelu.com\/vertaissovittelu\/#\/schema\/person\/7cf9dc57a10e1fba817a3f9f9cf56494"},"headline":"Sovittelun\u00a0Olohuone\u00a0keskiviikkona 2.9.2026 klo 16.00\u201317.30\u00a0","datePublished":"2026-08-31T10:13:17+00:00","dateModified":"2026-08-31T10:13:19+00:00","mainEntityOfPage":{"@id":"https:\/\/sovittelu.com\/vertaissovittelu\/sovittelun-olohuone-keskiviikkona-2-9-2026-klo-16-00-17-30\/"},"wordCount":182,"publisher":{"@id":"https:\/\/sovittelu.com\/vertaissovittelu\/#organization"},"keywords":["et\u00e4tilaisuus","Jarno Alastalo","Sopiva ry","sovittelujournalismi","sovittelun olohuone","Suomen sovittelufoorumi ry"],"inLanguage":"fi"},{"@type":"WebPage","@id":"https:\/\/sovittelu.com\/vertaissovittelu\/sovittelun-olohuone-keskiviikkona-2-9-2026-klo-16-00-17-30\/","url":"https:\/\/sovittelu.com\/vertaissovittelu\/sovittelun-olohuone-keskiviikkona-2-9-2026-klo-16-00-17-30\/","name":"Sovittelun\u00a0Olohuone\u00a0keskiviikkona 2.9.2026 klo 16.00\u201317.30\u00a0 | Verso","isPartOf":{"@id":"https:\/\/sovittelu.com\/vertaissovittelu\/#website"},"datePublished":"2026-08-31T10:13:17+00:00","dateModified":"2026-08-31T10:13:19+00:00","breadcrumb":{"@id":"https:\/\/sovittelu.com\/vertaissovittelu\/sovittelun-olohuone-keskiviikkona-2-9-2026-klo-16-00-17-30\/#breadcrumb"},"inLanguage":"fi","potentialAction":[{"@type":"ReadAction","target":["https:\/\/sovittelu.com\/vertaissovittelu\/sovittelun-olohuone-keskiviikkona-2-9-2026-klo-16-00-17-30\/"]}]},{"@type":"BreadcrumbList","@id":"https:\/\/sovittelu.com\/vertaissovittelu\/sovittelun-olohuone-keskiviikkona-2-9-2026-klo-16-00-17-30\/#breadcrumb","itemListElement":[{"@type":"ListItem","position":1,"name":"Etusivu","item":"https:\/\/sovittelu.com\/vertaissovittelu\/"},{"@type":"ListItem","position":2,"name":"Sovittelun\u00a0Olohuone\u00a0keskiviikkona 2.9.2026 klo 16.00\u201317.30\u00a0"}]},{"@type":"WebSite","@id":"https:\/\/sovittelu.com\/vertaissovittelu\/#website","url":"https:\/\/sovittelu.com\/vertaissovittelu\/","name":"VERSO-ohjelma","description":"Vertaissovitteluohjelma","publisher":{"@id":"https:\/\/sovittelu.com\/vertaissovittelu\/#organization"},"potentialAction":[{"@type":"SearchAction","target":{"@type":"EntryPoint","urlTemplate":"https:\/\/sovittelu.com\/vertaissovittelu\/?s={search_term_string}"},"query-input":{"@type":"PropertyValueSpecification","valueRequired":true,"valueName":"search_term_string"}}],"inLanguage":"fi"},{"@type":"Organization","@id":"https:\/\/sovittelu.com\/vertaissovittelu\/#organization","name":"VERSO-ohjelma","url":"https:\/\/sovittelu.com\/vertaissovittelu\/","logo":{"@type":"ImageObject","inLanguage":"fi","@id":"https:\/\/sovittelu.com\/vertaissovittelu\/#\/schema\/logo\/image\/","url":"https:\/\/sovittelu.com\/vertaissovittelu\/wp-content\/uploads\/2026\/01\/verso_ikoni_512x512px.png","contentUrl":"https:\/\/sovittelu.com\/vertaissovittelu\/wp-content\/uploads\/2026\/01\/verso_ikoni_512x512px.png","width":512,"height":512,"caption":"VERSO-ohjelma"},"image":{"@id":"https:\/\/sovittelu.com\/vertaissovittelu\/#\/schema\/logo\/image\/"},"sameAs":["https:\/\/www.facebook.com\/VERSOsovittelu","https:\/\/www.instagram.com\/verso_sovittelu\/"]},{"@type":"Person","@id":"https:\/\/sovittelu.com\/vertaissovittelu\/#\/schema\/person\/7cf9dc57a10e1fba817a3f9f9cf56494","name":"Nina Huhtinen","url":"https:\/\/sovittelu.com\/vertaissovittelu\/author\/nina\/"}]}},"_links":{"self":[{"href":"https:\/\/sovittelu.com\/vertaissovittelu\/wp-json\/wp\/v2\/posts\/17263","targetHints":{"allow":["GET"]}}],"collection":[{"href":"https:\/\/sovittelu.com\/vertaissovittelu\/wp-json\/wp\/v2\/posts"}],"about":[{"href":"https:\/\/sovittelu.com\/vertaissovittelu\/wp-json\/wp\/v2\/types\/post"}],"author":[{"embeddable":true,"href":"https:\/\/sovittelu.com\/vertaissovittelu\/wp-json\/wp\/v2\/users\/14"}],"replies":[{"embeddable":true,"href":"https:\/\/sovittelu.com\/vertaissovittelu\/wp-json\/wp\/v2\/comments?post=17263"}],"version-history":[{"count":1,"href":"https:\/\/sovittelu.com\/vertaissovittelu\/wp-json\/wp\/v2\/posts\/17263\/revisions"}],"predecessor-version":[{"id":17264,"href":"https:\/\/sovittelu.com\/vertaissovittelu\/wp-json\/wp\/v2\/posts\/17263\/revisions\/17264"}],"wp:attachment":[{"href":"https:\/\/sovittelu.com\/vertaissovittelu\/wp-json\/wp\/v2\/media?parent=17263"}],"wp:term":[{"taxonomy":"category","embeddable":true,"href":"https:\/\/sovittelu.com\/vertaissovittelu\/wp-json\/wp\/v2\/categories?post=17263"},{"taxonomy":"post_tag","embeddable":true,"href":"https:\/\/sovittelu.com\/vertaissovittelu\/wp-json\/wp\/v2\/tags?post=17263"}],"curies":[{"name":"wp","href":"https:\/\/api.w.org\/{rel}","templated":true}]}}