{"id":17042,"date":"2026-03-06T13:09:33","date_gmt":"2026-03-06T11:09:33","guid":{"rendered":"https:\/\/sovittelu.com\/vertaissovittelu\/?p=17042"},"modified":"2026-03-30T13:03:47","modified_gmt":"2026-03-30T10:03:47","slug":"avoin-resto-restoratiivinen-ja-sovitteleva-yhteiso-etakoulutus-syksylla","status":"publish","type":"post","link":"https:\/\/sovittelu.com\/vertaissovittelu\/avoin-resto-restoratiivinen-ja-sovitteleva-yhteiso-etakoulutus-syksylla\/","title":{"rendered":"Avoin RESTO \u2013 Restoratiivinen ja sovitteleva yhteis\u00f6 et\u00e4koulutus syksyll\u00e4"},"content":{"rendered":"\n<p>Restoratiivinen&nbsp;&nbsp;ja sovitteleva yhteis\u00f6 (tuttavallisemmin RESTO-koulutus) tuottaa osallistujille tiedon ja taidon restoratiivisen l\u00e4hestymistavan ja sovittelun toteuttamiseen omassa ty\u00f6ss\u00e4\u00e4n ja erilaisissa konfliktitilanteissa. Koulutus on k\u00e4yt\u00e4nn\u00f6nl\u00e4heist\u00e4 ja yhteistoiminnallista. Koulutuksessa jaetaan tarpeellinen k\u00e4yt\u00e4nn\u00f6n ty\u00f6skentelyyn liittyv\u00e4 materiaali, jota kukin voi hy\u00f6dynt\u00e4\u00e4 jatkossa omassa yhteis\u00f6ss\u00e4\u00e4n haluamallaan tavalla. Koulutuksen jaksojen sis\u00e4ll\u00f6n painotukset syntyv\u00e4t osallistujien oivallusten, kokemusten ja keskustelujen pohjalta, joten jokainen ryhm\u00e4 luo oman kurssinsa.&nbsp;<\/p>\n\n\n\n<p><strong>HUOM!<\/strong>&nbsp;Vahva suosituksemme on, ett\u00e4 kustakin oppimisyhteis\u00f6st\u00e4 koulutukseen osallistuu 2-4 henkil\u00f6st\u00f6n edustajaa. N\u00e4in saadaan tehokkaammin viety\u00e4 restoratiivista l\u00e4hestymistapaa omaan yhteis\u00f6\u00f6n ja sovitteluja voidaan tarvittaessa toteuttaa ty\u00f6parina.<\/p>\n\n\n\n<p>Koulutus on luonteeltaan prosessi, joka edellytt\u00e4\u00e4 l\u00e4sn\u00e4oloa kaikilla jaksoilla. Koulutuksen p\u00e4\u00e4ttyess\u00e4 osallistujalla on ymm\u00e4rrys restoratiivisesta ajattelutavasta, osallisuudesta ja kohtaamista. Osallistuja osaa my\u00f6s hy\u00f6dynt\u00e4\u00e4 restoratiivisen sovittelun prosessia arjen konfliktitilanteissa.<\/p>\n\n\n<style>.kb-image17042_1e3090-a9.kb-image-is-ratio-size, .kb-image17042_1e3090-a9 .kb-image-is-ratio-size{max-width:500px;width:100%;}.wp-block-kadence-column > .kt-inside-inner-col > .kb-image17042_1e3090-a9.kb-image-is-ratio-size, .wp-block-kadence-column > .kt-inside-inner-col > .kb-image17042_1e3090-a9 .kb-image-is-ratio-size{align-self:unset;}.kb-image17042_1e3090-a9{max-width:500px;}.image-is-svg.kb-image17042_1e3090-a9{-webkit-flex:0 1 100%;flex:0 1 100%;}.image-is-svg.kb-image17042_1e3090-a9 img{width:100%;}.kb-image17042_1e3090-a9 .kb-image-has-overlay:after{opacity:0.3;}<\/style>\n<figure class=\"wp-block-kadence-image kb-image17042_1e3090-a9 size-full\"><img loading=\"lazy\" decoding=\"async\" width=\"800\" height=\"567\" src=\"https:\/\/sovittelu.com\/vertaissovittelu\/wp-content\/uploads\/2025\/09\/milla_sanalla_kuvailisit-verso_sanapilvi.jpg\" alt=\"Versosanapilvi\" class=\"kb-img wp-image-13251\" srcset=\"https:\/\/sovittelu.com\/vertaissovittelu\/wp-content\/uploads\/2025\/09\/milla_sanalla_kuvailisit-verso_sanapilvi.jpg 800w, https:\/\/sovittelu.com\/vertaissovittelu\/wp-content\/uploads\/2025\/09\/milla_sanalla_kuvailisit-verso_sanapilvi-500x354.jpg 500w, https:\/\/sovittelu.com\/vertaissovittelu\/wp-content\/uploads\/2025\/09\/milla_sanalla_kuvailisit-verso_sanapilvi-768x544.jpg 768w\" sizes=\"auto, (max-width: 800px) 100vw, 800px\" \/><\/figure>\n\n\n\n<p><strong>Kohderyhm\u00e4:<\/strong><\/p>\n\n\n\n<p>Koulutus on kohdennettu kasvatus- ja opetuskent\u00e4ll\u00e4 virassa\/toimessa oleville p\u00e4iv\u00e4kotien, koulujen ja oppilaitosten henkil\u00f6st\u00f6lle.&nbsp;<strong>Olet tervetullut mukaan mist\u00e4p\u00e4in Suomea tahansa!<\/strong><\/p>\n\n\n\n<p><strong>Koulutuksen aikataulua ja rakenne:<\/strong><\/p>\n\n\n\n<ol class=\"wp-block-list\">\n<li>jakso&nbsp;(ma-ti) 21.\u2013 22.9.2026 (Restoratiiviset piirit, restoratiivisen yhteis\u00f6n rakentuminen)<\/li>\n\n\n\n<li>jakso&nbsp;(to-pe) 29. \u2013 30.10.2026 (Restoratiivisen sovittelijan rooli ja sovittelun prosessi, sovitteluharjoituksia)<\/li>\n\n\n\n<li>jakso&nbsp;(ma) 30.11.2026 (Restoratiivisuus haastavissa tilanteissa, sovitteluharjoitukset jatkuvat)<\/li>\n<\/ol>\n\n\n\n<p>Ty\u00f6skentelemme koulutusp\u00e4ivisin et\u00e4alustalla klo 9-15 pit\u00e4en lounastauon n. klo 11:30-12:30 ja lyhyemm\u00e4t tauot aamu- ja iltap\u00e4iv\u00e4ll\u00e4.<\/p>\n\n\n\n<p><strong>Koulutus toteutuu kokonaan et\u00e4toteutuksena Zoom-alustalla<\/strong>,&nbsp;<strong>koulutukseen sis\u00e4ltyv\u00e4t fyysiset sovittelumateriaalit postitetaan osallistujille.<\/strong><\/p>\n\n\n\n<p><strong>Hinta<\/strong>: 280\u20ac\/osallistuja (alv 0%, voittoa tavoittelematon yhdistys).<\/p>\n\n\n\n<p><strong>Koulutuskieli:<\/strong>&nbsp;T\u00e4m\u00e4 koulutusryhm\u00e4 toteutuu suomeksi, mutta kouluttaja k\u00e4ytt\u00e4\u00e4 sujuvasti my\u00f6s englannin kielt\u00e4 ja koulutusmateriaalia l\u00f6ytyy my\u00f6s ruotsiksi ja englanniksi. Jos osallistuminen suomeksi tai et\u00e4yhteydell\u00e4 mietitytt\u00e4\u00e4, voit konsultoida kouluttajaa etuk\u00e4teen puhelimitse&nbsp;<strong>Nina \/ 040&nbsp;826 7776<\/strong>.<\/p>\n\n\n\n<p><strong>Kouluttaja:\u00a0<\/strong>Kouluttajana VERSO-ohjelman kouluttaja, sovittelija Nina Huhtinen (YtM, LAT).<\/p>\n\n\n\n<p><strong>Ilmoittautuminen:\u00a0<\/strong>Ilmoittaudu mukaan l\u00e4hett\u00e4m\u00e4ll\u00e4 nimesi, tittelisi ja yksikk\u00f6si tiedot sek\u00e4 laskutustiedot s\u00e4hk\u00f6postitse kouluttajalle nina.huhtinen@sovittelu.com. Huolehdithan, ett\u00e4 kaikki pyydetyt tiedot l\u00f6ytyv\u00e4t ilmoittautumisviestist\u00e4si.<\/p>\n\n\n\n<p><strong>HUOM!\u00a0<\/strong>Ilmoittautumalla mukaan sitoudut osallistumaan koulutukseen kokonaisuudessaan. Koulutus on luonteeltaan prosessi, joka edellytt\u00e4\u00e4 kokoaikaista l\u00e4sn\u00e4oloa kaikilla jaksoilla. L\u00e4ht\u00f6kohtaisesti sis\u00e4lt\u00f6jen korvaaminen ei ole mahdollista. Mik\u00e4li sinulla kuitenkin on jokin pakollinen meno, neuvottelethan siit\u00e4 etuk\u00e4teen kouluttajan kanssa. Jos ette viel\u00e4 tied\u00e4 osallistuvien henkil\u00f6iden tietoja, voitte my\u00f6s varata alustavat koulutuspaikat l\u00e4hett\u00e4m\u00e4ll\u00e4 s\u00e4hk\u00f6postia osoitteeseen nina.huhtinen@sovittelu.com. Osallistujia on mahdollista vaihtaa tarpeenne mukaan aina koulutuksen 1. jaksoon asti.<\/p>\n\n\n\n<p>Ilmoittautumistietoja k\u00e4ytet\u00e4\u00e4n kurssin osallistujatiedon kokoamiseen, laskutukseen ja kurssikirjeiden l\u00e4hett\u00e4miseen osallistujille. RESTO-koulutukseen osallistuvien tieto tallentuu my\u00f6s &nbsp;rekisteriimme, lis\u00e4tietoja voit lukea tietosuojaselosteestamme:&nbsp;https:\/\/sovittelu.com\/tietosuojaseloste\/<br><br>Lue lis\u00e4\u00e4 koulutuksesta&nbsp;<a href=\"https:\/\/sovittelu.com\/vertaissovittelu\/koulutusta\/\" target=\"_blank\" rel=\"noreferrer noopener\">Koulutusta-sivultamme!<\/a><\/p>\n\n\n\n<p><strong>Et\u00e4koulutuksestamme sanottua:<\/strong><br><br>&#8221;Et\u00e4p\u00e4iv\u00e4t olivat ihania. Nautin et\u00e4ty\u00f6skentelyst\u00e4 kotona sek\u00e4 koulutuksen rytmitys oli todella hyv\u00e4. Sen j\u00e4lkeen on ollut joka kerta virke\u00e4 olo. Aihe todella t\u00e4rke\u00e4 ja nyt vain miettim\u00e4\u00e4n, miten se saadaan toimimaan meid\u00e4n ty\u00f6arjessa.&#8221;<br><br>&#8221;Koulutus oli toteutettu et\u00e4n\u00e4 todella hyvin, koska kamerat olivat p\u00e4\u00e4ll\u00e4 ja pienryhm\u00e4harjoitteita paljon.&#8221;<br><br>&#8221;V\u00e4h\u00e4n j\u00e4nnitti l\u00e4hikoulutuksen sijaan osallistua et\u00e4koulutukseen, mutta t\u00e4m\u00e4 olikin toimivaksi mietitty ja hyvin toteutettu!&#8221;<\/p>\n\n\n\n<p>Sitaatit nimett\u00f6m\u00e4st\u00e4 koulutuspalautteesta nostettuja kommentteja vuodelta 2025.<\/p>\n","protected":false},"excerpt":{"rendered":"<p>Restoratiivinen&nbsp;&nbsp;ja sovitteleva yhteis\u00f6 (tuttavallisemmin RESTO-koulutus) tuottaa osallistujille tiedon ja taidon restoratiivisen l\u00e4hestymistavan ja sovittelun toteuttamiseen omassa ty\u00f6ss\u00e4\u00e4n ja erilaisissa konfliktitilanteissa. Koulutus on k\u00e4yt\u00e4nn\u00f6nl\u00e4heist\u00e4 ja yhteistoiminnallista. Koulutuksessa jaetaan tarpeellinen k\u00e4yt\u00e4nn\u00f6n ty\u00f6skentelyyn liittyv\u00e4 materiaali, jota kukin voi hy\u00f6dynt\u00e4\u00e4 jatkossa omassa yhteis\u00f6ss\u00e4\u00e4n haluamallaan tavalla. Koulutuksen jaksojen sis\u00e4ll\u00f6n painotukset syntyv\u00e4t osallistujien oivallusten, kokemusten ja keskustelujen pohjalta, joten jokainen ryhm\u00e4&#8230;<\/p>\n","protected":false},"author":14,"featured_media":0,"comment_status":"closed","ping_status":"open","sticky":false,"template":"","format":"standard","meta":{"_kad_post_transparent":"","_kad_post_title":"","_kad_post_layout":"","_kad_post_sidebar_id":"","_kad_post_content_style":"","_kad_post_vertical_padding":"","_kad_post_feature":"","_kad_post_feature_position":"","_kad_post_header":false,"_kad_post_footer":false,"_kad_post_classname":"","footnotes":""},"categories":[1],"tags":[948,183,133,40,947,951,950,43,920],"class_list":["post-17042","post","type-post","status-publish","format-standard","hentry","category-yleinen","tag-aikuisjohtoinen-sovittelu","tag-avoin","tag-etakoulutus","tag-resto","tag-restoratiivinen-koulutus","tag-sovittelijaksi","tag-tarvetietoisuus","tag-toimintakulttuuri","tag-yhteisosovittelu"],"yoast_head":"<!-- This site is optimized with the Yoast SEO plugin v27.4 - https:\/\/yoast.com\/product\/yoast-seo-wordpress\/ -->\n<title>Avoin RESTO \u2013 Restoratiivinen ja sovitteleva yhteis\u00f6 et\u00e4koulutus syksyll\u00e4 | Verso<\/title>\n<meta name=\"robots\" content=\"index, follow, max-snippet:-1, max-image-preview:large, max-video-preview:-1\" \/>\n<link rel=\"canonical\" href=\"https:\/\/sovittelu.com\/vertaissovittelu\/avoin-resto-restoratiivinen-ja-sovitteleva-yhteiso-etakoulutus-syksylla\/\" \/>\n<meta property=\"og:locale\" content=\"fi_FI\" \/>\n<meta property=\"og:type\" content=\"article\" \/>\n<meta property=\"og:title\" content=\"Avoin RESTO \u2013 Restoratiivinen ja sovitteleva yhteis\u00f6 et\u00e4koulutus syksyll\u00e4 | Verso\" \/>\n<meta property=\"og:description\" content=\"Restoratiivinen&nbsp;&nbsp;ja sovitteleva yhteis\u00f6 (tuttavallisemmin RESTO-koulutus) tuottaa osallistujille tiedon ja taidon restoratiivisen l\u00e4hestymistavan ja sovittelun toteuttamiseen omassa ty\u00f6ss\u00e4\u00e4n ja erilaisissa konfliktitilanteissa. Koulutus on k\u00e4yt\u00e4nn\u00f6nl\u00e4heist\u00e4 ja yhteistoiminnallista. Koulutuksessa jaetaan tarpeellinen k\u00e4yt\u00e4nn\u00f6n ty\u00f6skentelyyn liittyv\u00e4 materiaali, jota kukin voi hy\u00f6dynt\u00e4\u00e4 jatkossa omassa yhteis\u00f6ss\u00e4\u00e4n haluamallaan tavalla. Koulutuksen jaksojen sis\u00e4ll\u00f6n painotukset syntyv\u00e4t osallistujien oivallusten, kokemusten ja keskustelujen pohjalta, joten jokainen ryhm\u00e4...\" \/>\n<meta property=\"og:url\" content=\"https:\/\/sovittelu.com\/vertaissovittelu\/avoin-resto-restoratiivinen-ja-sovitteleva-yhteiso-etakoulutus-syksylla\/\" \/>\n<meta property=\"og:site_name\" content=\"Verso\" \/>\n<meta property=\"article:publisher\" content=\"https:\/\/www.facebook.com\/VERSOsovittelu\" \/>\n<meta property=\"article:published_time\" content=\"2026-03-06T11:09:33+00:00\" \/>\n<meta property=\"article:modified_time\" content=\"2026-03-30T10:03:47+00:00\" \/>\n<meta property=\"og:image\" content=\"https:\/\/sovittelu.com\/vertaissovittelu\/wp-content\/uploads\/2025\/09\/milla_sanalla_kuvailisit-verso_sanapilvi.jpg\" \/>\n\t<meta property=\"og:image:width\" content=\"800\" \/>\n\t<meta property=\"og:image:height\" content=\"567\" \/>\n\t<meta property=\"og:image:type\" content=\"image\/jpeg\" \/>\n<meta name=\"author\" content=\"Nina Huhtinen\" \/>\n<meta name=\"twitter:card\" content=\"summary_large_image\" \/>\n<meta name=\"twitter:label1\" content=\"Kirjoittanut\" \/>\n\t<meta name=\"twitter:data1\" content=\"Nina Huhtinen\" \/>\n\t<meta name=\"twitter:label2\" content=\"Arvioitu lukuaika\" \/>\n\t<meta name=\"twitter:data2\" content=\"3 minuuttia\" \/>\n<script type=\"application\/ld+json\" class=\"yoast-schema-graph\">{\"@context\":\"https:\\\/\\\/schema.org\",\"@graph\":[{\"@type\":\"Article\",\"@id\":\"https:\\\/\\\/sovittelu.com\\\/vertaissovittelu\\\/avoin-resto-restoratiivinen-ja-sovitteleva-yhteiso-etakoulutus-syksylla\\\/#article\",\"isPartOf\":{\"@id\":\"https:\\\/\\\/sovittelu.com\\\/vertaissovittelu\\\/avoin-resto-restoratiivinen-ja-sovitteleva-yhteiso-etakoulutus-syksylla\\\/\"},\"author\":{\"name\":\"Nina Huhtinen\",\"@id\":\"https:\\\/\\\/sovittelu.com\\\/vertaissovittelu\\\/#\\\/schema\\\/person\\\/7cf9dc57a10e1fba817a3f9f9cf56494\"},\"headline\":\"Avoin RESTO \u2013 Restoratiivinen ja sovitteleva yhteis\u00f6 et\u00e4koulutus syksyll\u00e4\",\"datePublished\":\"2026-03-06T11:09:33+00:00\",\"dateModified\":\"2026-03-30T10:03:47+00:00\",\"mainEntityOfPage\":{\"@id\":\"https:\\\/\\\/sovittelu.com\\\/vertaissovittelu\\\/avoin-resto-restoratiivinen-ja-sovitteleva-yhteiso-etakoulutus-syksylla\\\/\"},\"wordCount\":549,\"publisher\":{\"@id\":\"https:\\\/\\\/sovittelu.com\\\/vertaissovittelu\\\/#organization\"},\"image\":{\"@id\":\"https:\\\/\\\/sovittelu.com\\\/vertaissovittelu\\\/avoin-resto-restoratiivinen-ja-sovitteleva-yhteiso-etakoulutus-syksylla\\\/#primaryimage\"},\"thumbnailUrl\":\"https:\\\/\\\/sovittelu.com\\\/vertaissovittelu\\\/wp-content\\\/uploads\\\/2025\\\/09\\\/milla_sanalla_kuvailisit-verso_sanapilvi.jpg\",\"keywords\":[\"aikuisjohtoinen sovittelu\",\"avoin\",\"et\u00e4koulutus\",\"RESTO\",\"restoratiivinen koulutus\",\"sovittelijaksi\",\"tarvetietoisuus\",\"toimintakulttuuri\",\"yhteis\u00f6sovittelu\"],\"inLanguage\":\"fi\"},{\"@type\":\"WebPage\",\"@id\":\"https:\\\/\\\/sovittelu.com\\\/vertaissovittelu\\\/avoin-resto-restoratiivinen-ja-sovitteleva-yhteiso-etakoulutus-syksylla\\\/\",\"url\":\"https:\\\/\\\/sovittelu.com\\\/vertaissovittelu\\\/avoin-resto-restoratiivinen-ja-sovitteleva-yhteiso-etakoulutus-syksylla\\\/\",\"name\":\"Avoin RESTO \u2013 Restoratiivinen ja sovitteleva yhteis\u00f6 et\u00e4koulutus syksyll\u00e4 | Verso\",\"isPartOf\":{\"@id\":\"https:\\\/\\\/sovittelu.com\\\/vertaissovittelu\\\/#website\"},\"primaryImageOfPage\":{\"@id\":\"https:\\\/\\\/sovittelu.com\\\/vertaissovittelu\\\/avoin-resto-restoratiivinen-ja-sovitteleva-yhteiso-etakoulutus-syksylla\\\/#primaryimage\"},\"image\":{\"@id\":\"https:\\\/\\\/sovittelu.com\\\/vertaissovittelu\\\/avoin-resto-restoratiivinen-ja-sovitteleva-yhteiso-etakoulutus-syksylla\\\/#primaryimage\"},\"thumbnailUrl\":\"https:\\\/\\\/sovittelu.com\\\/vertaissovittelu\\\/wp-content\\\/uploads\\\/2025\\\/09\\\/milla_sanalla_kuvailisit-verso_sanapilvi.jpg\",\"datePublished\":\"2026-03-06T11:09:33+00:00\",\"dateModified\":\"2026-03-30T10:03:47+00:00\",\"breadcrumb\":{\"@id\":\"https:\\\/\\\/sovittelu.com\\\/vertaissovittelu\\\/avoin-resto-restoratiivinen-ja-sovitteleva-yhteiso-etakoulutus-syksylla\\\/#breadcrumb\"},\"inLanguage\":\"fi\",\"potentialAction\":[{\"@type\":\"ReadAction\",\"target\":[\"https:\\\/\\\/sovittelu.com\\\/vertaissovittelu\\\/avoin-resto-restoratiivinen-ja-sovitteleva-yhteiso-etakoulutus-syksylla\\\/\"]}]},{\"@type\":\"ImageObject\",\"inLanguage\":\"fi\",\"@id\":\"https:\\\/\\\/sovittelu.com\\\/vertaissovittelu\\\/avoin-resto-restoratiivinen-ja-sovitteleva-yhteiso-etakoulutus-syksylla\\\/#primaryimage\",\"url\":\"https:\\\/\\\/sovittelu.com\\\/vertaissovittelu\\\/wp-content\\\/uploads\\\/2025\\\/09\\\/milla_sanalla_kuvailisit-verso_sanapilvi.jpg\",\"contentUrl\":\"https:\\\/\\\/sovittelu.com\\\/vertaissovittelu\\\/wp-content\\\/uploads\\\/2025\\\/09\\\/milla_sanalla_kuvailisit-verso_sanapilvi.jpg\",\"width\":800,\"height\":567,\"caption\":\"Versosanapilvi\"},{\"@type\":\"BreadcrumbList\",\"@id\":\"https:\\\/\\\/sovittelu.com\\\/vertaissovittelu\\\/avoin-resto-restoratiivinen-ja-sovitteleva-yhteiso-etakoulutus-syksylla\\\/#breadcrumb\",\"itemListElement\":[{\"@type\":\"ListItem\",\"position\":1,\"name\":\"Etusivu\",\"item\":\"https:\\\/\\\/sovittelu.com\\\/vertaissovittelu\\\/\"},{\"@type\":\"ListItem\",\"position\":2,\"name\":\"Avoin RESTO \u2013 Restoratiivinen ja sovitteleva yhteis\u00f6 et\u00e4koulutus syksyll\u00e4\"}]},{\"@type\":\"WebSite\",\"@id\":\"https:\\\/\\\/sovittelu.com\\\/vertaissovittelu\\\/#website\",\"url\":\"https:\\\/\\\/sovittelu.com\\\/vertaissovittelu\\\/\",\"name\":\"VERSO-ohjelma\",\"description\":\"Vertaissovitteluohjelma\",\"publisher\":{\"@id\":\"https:\\\/\\\/sovittelu.com\\\/vertaissovittelu\\\/#organization\"},\"potentialAction\":[{\"@type\":\"SearchAction\",\"target\":{\"@type\":\"EntryPoint\",\"urlTemplate\":\"https:\\\/\\\/sovittelu.com\\\/vertaissovittelu\\\/?s={search_term_string}\"},\"query-input\":{\"@type\":\"PropertyValueSpecification\",\"valueRequired\":true,\"valueName\":\"search_term_string\"}}],\"inLanguage\":\"fi\"},{\"@type\":\"Organization\",\"@id\":\"https:\\\/\\\/sovittelu.com\\\/vertaissovittelu\\\/#organization\",\"name\":\"VERSO-ohjelma\",\"url\":\"https:\\\/\\\/sovittelu.com\\\/vertaissovittelu\\\/\",\"logo\":{\"@type\":\"ImageObject\",\"inLanguage\":\"fi\",\"@id\":\"https:\\\/\\\/sovittelu.com\\\/vertaissovittelu\\\/#\\\/schema\\\/logo\\\/image\\\/\",\"url\":\"https:\\\/\\\/sovittelu.com\\\/vertaissovittelu\\\/wp-content\\\/uploads\\\/2026\\\/01\\\/verso_ikoni_512x512px.png\",\"contentUrl\":\"https:\\\/\\\/sovittelu.com\\\/vertaissovittelu\\\/wp-content\\\/uploads\\\/2026\\\/01\\\/verso_ikoni_512x512px.png\",\"width\":512,\"height\":512,\"caption\":\"VERSO-ohjelma\"},\"image\":{\"@id\":\"https:\\\/\\\/sovittelu.com\\\/vertaissovittelu\\\/#\\\/schema\\\/logo\\\/image\\\/\"},\"sameAs\":[\"https:\\\/\\\/www.facebook.com\\\/VERSOsovittelu\",\"https:\\\/\\\/www.instagram.com\\\/verso_sovittelu\\\/\"]},{\"@type\":\"Person\",\"@id\":\"https:\\\/\\\/sovittelu.com\\\/vertaissovittelu\\\/#\\\/schema\\\/person\\\/7cf9dc57a10e1fba817a3f9f9cf56494\",\"name\":\"Nina Huhtinen\",\"url\":\"https:\\\/\\\/sovittelu.com\\\/vertaissovittelu\\\/author\\\/nina\\\/\"}]}<\/script>\n<!-- \/ Yoast SEO plugin. -->","yoast_head_json":{"title":"Avoin RESTO \u2013 Restoratiivinen ja sovitteleva yhteis\u00f6 et\u00e4koulutus syksyll\u00e4 | Verso","robots":{"index":"index","follow":"follow","max-snippet":"max-snippet:-1","max-image-preview":"max-image-preview:large","max-video-preview":"max-video-preview:-1"},"canonical":"https:\/\/sovittelu.com\/vertaissovittelu\/avoin-resto-restoratiivinen-ja-sovitteleva-yhteiso-etakoulutus-syksylla\/","og_locale":"fi_FI","og_type":"article","og_title":"Avoin RESTO \u2013 Restoratiivinen ja sovitteleva yhteis\u00f6 et\u00e4koulutus syksyll\u00e4 | Verso","og_description":"Restoratiivinen&nbsp;&nbsp;ja sovitteleva yhteis\u00f6 (tuttavallisemmin RESTO-koulutus) tuottaa osallistujille tiedon ja taidon restoratiivisen l\u00e4hestymistavan ja sovittelun toteuttamiseen omassa ty\u00f6ss\u00e4\u00e4n ja erilaisissa konfliktitilanteissa. Koulutus on k\u00e4yt\u00e4nn\u00f6nl\u00e4heist\u00e4 ja yhteistoiminnallista. Koulutuksessa jaetaan tarpeellinen k\u00e4yt\u00e4nn\u00f6n ty\u00f6skentelyyn liittyv\u00e4 materiaali, jota kukin voi hy\u00f6dynt\u00e4\u00e4 jatkossa omassa yhteis\u00f6ss\u00e4\u00e4n haluamallaan tavalla. Koulutuksen jaksojen sis\u00e4ll\u00f6n painotukset syntyv\u00e4t osallistujien oivallusten, kokemusten ja keskustelujen pohjalta, joten jokainen ryhm\u00e4...","og_url":"https:\/\/sovittelu.com\/vertaissovittelu\/avoin-resto-restoratiivinen-ja-sovitteleva-yhteiso-etakoulutus-syksylla\/","og_site_name":"Verso","article_publisher":"https:\/\/www.facebook.com\/VERSOsovittelu","article_published_time":"2026-03-06T11:09:33+00:00","article_modified_time":"2026-03-30T10:03:47+00:00","og_image":[{"width":800,"height":567,"url":"https:\/\/sovittelu.com\/vertaissovittelu\/wp-content\/uploads\/2025\/09\/milla_sanalla_kuvailisit-verso_sanapilvi.jpg","type":"image\/jpeg"}],"author":"Nina Huhtinen","twitter_card":"summary_large_image","twitter_misc":{"Kirjoittanut":"Nina Huhtinen","Arvioitu lukuaika":"3 minuuttia"},"schema":{"@context":"https:\/\/schema.org","@graph":[{"@type":"Article","@id":"https:\/\/sovittelu.com\/vertaissovittelu\/avoin-resto-restoratiivinen-ja-sovitteleva-yhteiso-etakoulutus-syksylla\/#article","isPartOf":{"@id":"https:\/\/sovittelu.com\/vertaissovittelu\/avoin-resto-restoratiivinen-ja-sovitteleva-yhteiso-etakoulutus-syksylla\/"},"author":{"name":"Nina Huhtinen","@id":"https:\/\/sovittelu.com\/vertaissovittelu\/#\/schema\/person\/7cf9dc57a10e1fba817a3f9f9cf56494"},"headline":"Avoin RESTO \u2013 Restoratiivinen ja sovitteleva yhteis\u00f6 et\u00e4koulutus syksyll\u00e4","datePublished":"2026-03-06T11:09:33+00:00","dateModified":"2026-03-30T10:03:47+00:00","mainEntityOfPage":{"@id":"https:\/\/sovittelu.com\/vertaissovittelu\/avoin-resto-restoratiivinen-ja-sovitteleva-yhteiso-etakoulutus-syksylla\/"},"wordCount":549,"publisher":{"@id":"https:\/\/sovittelu.com\/vertaissovittelu\/#organization"},"image":{"@id":"https:\/\/sovittelu.com\/vertaissovittelu\/avoin-resto-restoratiivinen-ja-sovitteleva-yhteiso-etakoulutus-syksylla\/#primaryimage"},"thumbnailUrl":"https:\/\/sovittelu.com\/vertaissovittelu\/wp-content\/uploads\/2025\/09\/milla_sanalla_kuvailisit-verso_sanapilvi.jpg","keywords":["aikuisjohtoinen sovittelu","avoin","et\u00e4koulutus","RESTO","restoratiivinen koulutus","sovittelijaksi","tarvetietoisuus","toimintakulttuuri","yhteis\u00f6sovittelu"],"inLanguage":"fi"},{"@type":"WebPage","@id":"https:\/\/sovittelu.com\/vertaissovittelu\/avoin-resto-restoratiivinen-ja-sovitteleva-yhteiso-etakoulutus-syksylla\/","url":"https:\/\/sovittelu.com\/vertaissovittelu\/avoin-resto-restoratiivinen-ja-sovitteleva-yhteiso-etakoulutus-syksylla\/","name":"Avoin RESTO \u2013 Restoratiivinen ja sovitteleva yhteis\u00f6 et\u00e4koulutus syksyll\u00e4 | Verso","isPartOf":{"@id":"https:\/\/sovittelu.com\/vertaissovittelu\/#website"},"primaryImageOfPage":{"@id":"https:\/\/sovittelu.com\/vertaissovittelu\/avoin-resto-restoratiivinen-ja-sovitteleva-yhteiso-etakoulutus-syksylla\/#primaryimage"},"image":{"@id":"https:\/\/sovittelu.com\/vertaissovittelu\/avoin-resto-restoratiivinen-ja-sovitteleva-yhteiso-etakoulutus-syksylla\/#primaryimage"},"thumbnailUrl":"https:\/\/sovittelu.com\/vertaissovittelu\/wp-content\/uploads\/2025\/09\/milla_sanalla_kuvailisit-verso_sanapilvi.jpg","datePublished":"2026-03-06T11:09:33+00:00","dateModified":"2026-03-30T10:03:47+00:00","breadcrumb":{"@id":"https:\/\/sovittelu.com\/vertaissovittelu\/avoin-resto-restoratiivinen-ja-sovitteleva-yhteiso-etakoulutus-syksylla\/#breadcrumb"},"inLanguage":"fi","potentialAction":[{"@type":"ReadAction","target":["https:\/\/sovittelu.com\/vertaissovittelu\/avoin-resto-restoratiivinen-ja-sovitteleva-yhteiso-etakoulutus-syksylla\/"]}]},{"@type":"ImageObject","inLanguage":"fi","@id":"https:\/\/sovittelu.com\/vertaissovittelu\/avoin-resto-restoratiivinen-ja-sovitteleva-yhteiso-etakoulutus-syksylla\/#primaryimage","url":"https:\/\/sovittelu.com\/vertaissovittelu\/wp-content\/uploads\/2025\/09\/milla_sanalla_kuvailisit-verso_sanapilvi.jpg","contentUrl":"https:\/\/sovittelu.com\/vertaissovittelu\/wp-content\/uploads\/2025\/09\/milla_sanalla_kuvailisit-verso_sanapilvi.jpg","width":800,"height":567,"caption":"Versosanapilvi"},{"@type":"BreadcrumbList","@id":"https:\/\/sovittelu.com\/vertaissovittelu\/avoin-resto-restoratiivinen-ja-sovitteleva-yhteiso-etakoulutus-syksylla\/#breadcrumb","itemListElement":[{"@type":"ListItem","position":1,"name":"Etusivu","item":"https:\/\/sovittelu.com\/vertaissovittelu\/"},{"@type":"ListItem","position":2,"name":"Avoin RESTO \u2013 Restoratiivinen ja sovitteleva yhteis\u00f6 et\u00e4koulutus syksyll\u00e4"}]},{"@type":"WebSite","@id":"https:\/\/sovittelu.com\/vertaissovittelu\/#website","url":"https:\/\/sovittelu.com\/vertaissovittelu\/","name":"VERSO-ohjelma","description":"Vertaissovitteluohjelma","publisher":{"@id":"https:\/\/sovittelu.com\/vertaissovittelu\/#organization"},"potentialAction":[{"@type":"SearchAction","target":{"@type":"EntryPoint","urlTemplate":"https:\/\/sovittelu.com\/vertaissovittelu\/?s={search_term_string}"},"query-input":{"@type":"PropertyValueSpecification","valueRequired":true,"valueName":"search_term_string"}}],"inLanguage":"fi"},{"@type":"Organization","@id":"https:\/\/sovittelu.com\/vertaissovittelu\/#organization","name":"VERSO-ohjelma","url":"https:\/\/sovittelu.com\/vertaissovittelu\/","logo":{"@type":"ImageObject","inLanguage":"fi","@id":"https:\/\/sovittelu.com\/vertaissovittelu\/#\/schema\/logo\/image\/","url":"https:\/\/sovittelu.com\/vertaissovittelu\/wp-content\/uploads\/2026\/01\/verso_ikoni_512x512px.png","contentUrl":"https:\/\/sovittelu.com\/vertaissovittelu\/wp-content\/uploads\/2026\/01\/verso_ikoni_512x512px.png","width":512,"height":512,"caption":"VERSO-ohjelma"},"image":{"@id":"https:\/\/sovittelu.com\/vertaissovittelu\/#\/schema\/logo\/image\/"},"sameAs":["https:\/\/www.facebook.com\/VERSOsovittelu","https:\/\/www.instagram.com\/verso_sovittelu\/"]},{"@type":"Person","@id":"https:\/\/sovittelu.com\/vertaissovittelu\/#\/schema\/person\/7cf9dc57a10e1fba817a3f9f9cf56494","name":"Nina Huhtinen","url":"https:\/\/sovittelu.com\/vertaissovittelu\/author\/nina\/"}]}},"_links":{"self":[{"href":"https:\/\/sovittelu.com\/vertaissovittelu\/wp-json\/wp\/v2\/posts\/17042","targetHints":{"allow":["GET"]}}],"collection":[{"href":"https:\/\/sovittelu.com\/vertaissovittelu\/wp-json\/wp\/v2\/posts"}],"about":[{"href":"https:\/\/sovittelu.com\/vertaissovittelu\/wp-json\/wp\/v2\/types\/post"}],"author":[{"embeddable":true,"href":"https:\/\/sovittelu.com\/vertaissovittelu\/wp-json\/wp\/v2\/users\/14"}],"replies":[{"embeddable":true,"href":"https:\/\/sovittelu.com\/vertaissovittelu\/wp-json\/wp\/v2\/comments?post=17042"}],"version-history":[{"count":2,"href":"https:\/\/sovittelu.com\/vertaissovittelu\/wp-json\/wp\/v2\/posts\/17042\/revisions"}],"predecessor-version":[{"id":17071,"href":"https:\/\/sovittelu.com\/vertaissovittelu\/wp-json\/wp\/v2\/posts\/17042\/revisions\/17071"}],"wp:attachment":[{"href":"https:\/\/sovittelu.com\/vertaissovittelu\/wp-json\/wp\/v2\/media?parent=17042"}],"wp:term":[{"taxonomy":"category","embeddable":true,"href":"https:\/\/sovittelu.com\/vertaissovittelu\/wp-json\/wp\/v2\/categories?post=17042"},{"taxonomy":"post_tag","embeddable":true,"href":"https:\/\/sovittelu.com\/vertaissovittelu\/wp-json\/wp\/v2\/tags?post=17042"}],"curies":[{"name":"wp","href":"https:\/\/api.w.org\/{rel}","templated":true}]}}