{"id":17022,"date":"2026-02-09T17:01:29","date_gmt":"2026-02-09T15:01:29","guid":{"rendered":"https:\/\/sovittelu.com\/vertaissovittelu\/?p=17022"},"modified":"2026-02-09T17:18:16","modified_gmt":"2026-02-09T15:18:16","slug":"osallistu-sovitteluaiheiseen-postivaihtoon-14-2-alkaen","status":"publish","type":"post","link":"https:\/\/sovittelu.com\/vertaissovittelu\/osallistu-sovitteluaiheiseen-postivaihtoon-14-2-alkaen\/","title":{"rendered":"Osallistu sovitteluaiheiseen postivaihtoon helmi-maaliskuussa!"},"content":{"rendered":"\n<figure class=\"wp-block-image size-large is-resized\"><img loading=\"lazy\" decoding=\"async\" width=\"724\" height=\"1024\" src=\"https:\/\/sovittelu.com\/vertaissovittelu\/wp-content\/uploads\/2026\/02\/VERSO-posti-3-724x1024.png\" alt=\"\" class=\"wp-image-17026\" style=\"aspect-ratio:0.7070267795834287;width:329px;height:auto\" srcset=\"https:\/\/sovittelu.com\/vertaissovittelu\/wp-content\/uploads\/2026\/02\/VERSO-posti-3-724x1024.png 724w, https:\/\/sovittelu.com\/vertaissovittelu\/wp-content\/uploads\/2026\/02\/VERSO-posti-3-353x500.png 353w, https:\/\/sovittelu.com\/vertaissovittelu\/wp-content\/uploads\/2026\/02\/VERSO-posti-3-768x1086.png 768w, https:\/\/sovittelu.com\/vertaissovittelu\/wp-content\/uploads\/2026\/02\/VERSO-posti-3-1086x1536.png 1086w, https:\/\/sovittelu.com\/vertaissovittelu\/wp-content\/uploads\/2026\/02\/VERSO-posti-3-1448x2048.png 1448w, https:\/\/sovittelu.com\/vertaissovittelu\/wp-content\/uploads\/2026\/02\/VERSO-posti-3-8x12.png 8w, https:\/\/sovittelu.com\/vertaissovittelu\/wp-content\/uploads\/2026\/02\/VERSO-posti-3.png 1587w\" sizes=\"auto, (max-width: 724px) 100vw, 724px\" \/><\/figure>\n\n\n\n<p>Muistatko viel\u00e4 entisajan kirjekaverit ja ketjukirjeet? Juhlavuotemme kunniaksi j\u00e4rjest\u00e4mme samassa hengess\u00e4 sovitteluaiheisen postivaihdon, mutta kirjepostin sijaan k\u00e4yt\u00e4mme s\u00e4hk\u00f6postia! <br><br><strong>Kenelle?<\/strong> Kaikille sovittelun parissa toimiville lapsille, nuorille ja ammattilaisille. Osallistua voitte porukalla tai yksin!<br><strong>Miten?<\/strong> <br>1. Ilmoittautukaa mukaan helmikuun 2026 aikana t\u00e4\u00e4ll\u00e4:<a href=\" https:\/\/forms.gle\/1dRPrjZwCAkvsTkKA\"> https:\/\/forms.gle\/1dRPrjZwCAkvsTkKA<\/a> Ilmoittautuessa voitte my\u00f6s ilmaista mahdolliset toiveet postin vastaanottajasta. <br>2. Saatte meilt\u00e4 vastaanottajan tiedot maaliskuussa ja teht\u00e4v\u00e4n\u00e4 on l\u00e4hett\u00e4\u00e4 juuri sellaista sovitteluaiheista postia kuin keksitte \u2013 se voi olla teksti\u00e4, kuvia tai mit\u00e4 vain s\u00e4hk\u00f6postiin sopivaa! Liit\u00e4 viestiin vastaanottajaksi my\u00f6s meid\u00e4t verso@sovittelu.com!<br>3. Saatte joltain toiselta osallistujalta postia samanlaisin ohjein maaliskuun aikana<br>4. Halutessanne voitte vastata saamaanne postiin ja jatkaa yhteydenpitoa! \u2764\ufe0f<br><strong>Milloin?<\/strong> Ilmoittautuminen on auki 28.2.2026 asti. Aikaa postin l\u00e4hett\u00e4miseen on 31.3.3036 asti.<br><strong>Miksi? <\/strong>Tarkoitus on juhlistaa ja jakaa etenkin lasten ja nuorten sovitteluty\u00f6n oivalluksia ja monia muotoja sek\u00e4 yhdist\u00e4\u00e4 ihmisi\u00e4 toisiinsa.<br><strong>Mit\u00e4 maksaa?<\/strong> Ei muuta kuin lomakkeen t\u00e4ytt\u00e4miseen ja s\u00e4hk\u00f6postin l\u00e4hett\u00e4miseen vaadittavan ajan ja vaivan! <br><strong>Muuta? <\/strong>Postia saa laatia osallistujien kotikielell\u00e4 tai muuten monikielisesti, kielitoiveita voi my\u00f6s kirjata lomakkeelle.<br><br><strong>Ootteko mukana?<\/strong> <strong>Pannaan hyv\u00e4 kiert\u00e4m\u00e4\u00e4n!<\/strong> \ud83d\udc8c\ud83d\udc4f<\/p>\n\n\n\n<p><\/p>\n","protected":false},"excerpt":{"rendered":"<p>Muistatko viel\u00e4 entisajan kirjekaverit ja ketjukirjeet? Juhlavuotemme kunniaksi j\u00e4rjest\u00e4mme samassa hengess\u00e4 sovitteluaiheisen postivaihdon, mutta kirjepostin sijaan k\u00e4yt\u00e4mme s\u00e4hk\u00f6postia! Kenelle? Kaikille sovittelun parissa toimiville lapsille, nuorille ja ammattilaisille. Osallistua voitte porukalla tai yksin!Miten? 1. Ilmoittautukaa mukaan helmikuun 2026 aikana t\u00e4\u00e4ll\u00e4: https:\/\/forms.gle\/1dRPrjZwCAkvsTkKA Ilmoittautuessa voitte my\u00f6s ilmaista mahdolliset toiveet postin vastaanottajasta. 2. Saatte meilt\u00e4 vastaanottajan tiedot maaliskuussa ja&#8230;<\/p>\n","protected":false},"author":14,"featured_media":0,"comment_status":"closed","ping_status":"open","sticky":false,"template":"","format":"standard","meta":{"_kad_post_transparent":"","_kad_post_title":"","_kad_post_layout":"","_kad_post_sidebar_id":"","_kad_post_content_style":"","_kad_post_vertical_padding":"","_kad_post_feature":"","_kad_post_feature_position":"","_kad_post_header":false,"_kad_post_footer":false,"_kad_post_classname":"","footnotes":""},"categories":[629,575,593,1],"tags":[222,193,938,939,934,933,25,940,937,935,73,936],"class_list":["post-17022","post","type-post","status-publish","format-standard","hentry","category-miniverso","category-resto","category-verso","category-yleinen","tag-222","tag-ilmainen","tag-ketjukirje","tag-maksuton","tag-postinvaihto","tag-postivaihto","tag-sovittelu","tag-sovitteluposti","tag-verso-oppilaat","tag-verso-posti","tag-yhteistyo","tag-ystavanpaiva"],"yoast_head":"<!-- This site is optimized with the Yoast SEO plugin v27.4 - https:\/\/yoast.com\/product\/yoast-seo-wordpress\/ -->\n<title>Osallistu sovitteluaiheiseen postivaihtoon helmi-maaliskuussa! | Verso<\/title>\n<meta name=\"robots\" content=\"index, follow, max-snippet:-1, max-image-preview:large, max-video-preview:-1\" \/>\n<link rel=\"canonical\" href=\"https:\/\/sovittelu.com\/vertaissovittelu\/osallistu-sovitteluaiheiseen-postivaihtoon-14-2-alkaen\/\" \/>\n<meta property=\"og:locale\" content=\"fi_FI\" \/>\n<meta property=\"og:type\" content=\"article\" \/>\n<meta property=\"og:title\" content=\"Osallistu sovitteluaiheiseen postivaihtoon helmi-maaliskuussa! | Verso\" \/>\n<meta property=\"og:description\" content=\"Muistatko viel\u00e4 entisajan kirjekaverit ja ketjukirjeet? Juhlavuotemme kunniaksi j\u00e4rjest\u00e4mme samassa hengess\u00e4 sovitteluaiheisen postivaihdon, mutta kirjepostin sijaan k\u00e4yt\u00e4mme s\u00e4hk\u00f6postia! Kenelle? Kaikille sovittelun parissa toimiville lapsille, nuorille ja ammattilaisille. Osallistua voitte porukalla tai yksin!Miten? 1. Ilmoittautukaa mukaan helmikuun 2026 aikana t\u00e4\u00e4ll\u00e4: https:\/\/forms.gle\/1dRPrjZwCAkvsTkKA Ilmoittautuessa voitte my\u00f6s ilmaista mahdolliset toiveet postin vastaanottajasta. 2. Saatte meilt\u00e4 vastaanottajan tiedot maaliskuussa ja...\" \/>\n<meta property=\"og:url\" content=\"https:\/\/sovittelu.com\/vertaissovittelu\/osallistu-sovitteluaiheiseen-postivaihtoon-14-2-alkaen\/\" \/>\n<meta property=\"og:site_name\" content=\"Verso\" \/>\n<meta property=\"article:publisher\" content=\"https:\/\/www.facebook.com\/VERSOsovittelu\" \/>\n<meta property=\"article:published_time\" content=\"2026-02-09T15:01:29+00:00\" \/>\n<meta property=\"article:modified_time\" content=\"2026-02-09T15:18:16+00:00\" \/>\n<meta property=\"og:image\" content=\"https:\/\/sovittelu.com\/vertaissovittelu\/wp-content\/uploads\/2026\/02\/VERSO-posti-3.png\" \/>\n\t<meta property=\"og:image:width\" content=\"1587\" \/>\n\t<meta property=\"og:image:height\" content=\"2245\" \/>\n\t<meta property=\"og:image:type\" content=\"image\/png\" \/>\n<meta name=\"author\" content=\"Nina Huhtinen\" \/>\n<meta name=\"twitter:card\" content=\"summary_large_image\" \/>\n<meta name=\"twitter:label1\" content=\"Kirjoittanut\" \/>\n\t<meta name=\"twitter:data1\" content=\"Nina Huhtinen\" \/>\n\t<meta name=\"twitter:label2\" content=\"Arvioitu lukuaika\" \/>\n\t<meta name=\"twitter:data2\" content=\"2 minuuttia\" \/>\n<script type=\"application\/ld+json\" class=\"yoast-schema-graph\">{\"@context\":\"https:\\\/\\\/schema.org\",\"@graph\":[{\"@type\":\"Article\",\"@id\":\"https:\\\/\\\/sovittelu.com\\\/vertaissovittelu\\\/osallistu-sovitteluaiheiseen-postivaihtoon-14-2-alkaen\\\/#article\",\"isPartOf\":{\"@id\":\"https:\\\/\\\/sovittelu.com\\\/vertaissovittelu\\\/osallistu-sovitteluaiheiseen-postivaihtoon-14-2-alkaen\\\/\"},\"author\":{\"name\":\"Nina Huhtinen\",\"@id\":\"https:\\\/\\\/sovittelu.com\\\/vertaissovittelu\\\/#\\\/schema\\\/person\\\/7cf9dc57a10e1fba817a3f9f9cf56494\"},\"headline\":\"Osallistu sovitteluaiheiseen postivaihtoon helmi-maaliskuussa!\",\"datePublished\":\"2026-02-09T15:01:29+00:00\",\"dateModified\":\"2026-02-09T15:18:16+00:00\",\"mainEntityOfPage\":{\"@id\":\"https:\\\/\\\/sovittelu.com\\\/vertaissovittelu\\\/osallistu-sovitteluaiheiseen-postivaihtoon-14-2-alkaen\\\/\"},\"wordCount\":193,\"publisher\":{\"@id\":\"https:\\\/\\\/sovittelu.com\\\/vertaissovittelu\\\/#organization\"},\"image\":{\"@id\":\"https:\\\/\\\/sovittelu.com\\\/vertaissovittelu\\\/osallistu-sovitteluaiheiseen-postivaihtoon-14-2-alkaen\\\/#primaryimage\"},\"thumbnailUrl\":\"https:\\\/\\\/sovittelu.com\\\/vertaissovittelu\\\/wp-content\\\/uploads\\\/2026\\\/02\\\/VERSO-posti-3-724x1024.png\",\"keywords\":[\"2026\",\"ilmainen\",\"ketjukirje\",\"maksuton\",\"postinvaihto\",\"postivaihto\",\"sovittelu\",\"sovitteluposti\",\"Verso-oppilaat\",\"VERSO-posti\",\"yhteisty\u00f6\",\"yst\u00e4v\u00e4np\u00e4iv\u00e4\"],\"articleSection\":[\"MiniVerso\",\"RESTO\",\"Verso\"],\"inLanguage\":\"fi\"},{\"@type\":\"WebPage\",\"@id\":\"https:\\\/\\\/sovittelu.com\\\/vertaissovittelu\\\/osallistu-sovitteluaiheiseen-postivaihtoon-14-2-alkaen\\\/\",\"url\":\"https:\\\/\\\/sovittelu.com\\\/vertaissovittelu\\\/osallistu-sovitteluaiheiseen-postivaihtoon-14-2-alkaen\\\/\",\"name\":\"Osallistu sovitteluaiheiseen postivaihtoon helmi-maaliskuussa! | Verso\",\"isPartOf\":{\"@id\":\"https:\\\/\\\/sovittelu.com\\\/vertaissovittelu\\\/#website\"},\"primaryImageOfPage\":{\"@id\":\"https:\\\/\\\/sovittelu.com\\\/vertaissovittelu\\\/osallistu-sovitteluaiheiseen-postivaihtoon-14-2-alkaen\\\/#primaryimage\"},\"image\":{\"@id\":\"https:\\\/\\\/sovittelu.com\\\/vertaissovittelu\\\/osallistu-sovitteluaiheiseen-postivaihtoon-14-2-alkaen\\\/#primaryimage\"},\"thumbnailUrl\":\"https:\\\/\\\/sovittelu.com\\\/vertaissovittelu\\\/wp-content\\\/uploads\\\/2026\\\/02\\\/VERSO-posti-3-724x1024.png\",\"datePublished\":\"2026-02-09T15:01:29+00:00\",\"dateModified\":\"2026-02-09T15:18:16+00:00\",\"breadcrumb\":{\"@id\":\"https:\\\/\\\/sovittelu.com\\\/vertaissovittelu\\\/osallistu-sovitteluaiheiseen-postivaihtoon-14-2-alkaen\\\/#breadcrumb\"},\"inLanguage\":\"fi\",\"potentialAction\":[{\"@type\":\"ReadAction\",\"target\":[\"https:\\\/\\\/sovittelu.com\\\/vertaissovittelu\\\/osallistu-sovitteluaiheiseen-postivaihtoon-14-2-alkaen\\\/\"]}]},{\"@type\":\"ImageObject\",\"inLanguage\":\"fi\",\"@id\":\"https:\\\/\\\/sovittelu.com\\\/vertaissovittelu\\\/osallistu-sovitteluaiheiseen-postivaihtoon-14-2-alkaen\\\/#primaryimage\",\"url\":\"https:\\\/\\\/sovittelu.com\\\/vertaissovittelu\\\/wp-content\\\/uploads\\\/2026\\\/02\\\/VERSO-posti-3.png\",\"contentUrl\":\"https:\\\/\\\/sovittelu.com\\\/vertaissovittelu\\\/wp-content\\\/uploads\\\/2026\\\/02\\\/VERSO-posti-3.png\",\"width\":1587,\"height\":2245},{\"@type\":\"BreadcrumbList\",\"@id\":\"https:\\\/\\\/sovittelu.com\\\/vertaissovittelu\\\/osallistu-sovitteluaiheiseen-postivaihtoon-14-2-alkaen\\\/#breadcrumb\",\"itemListElement\":[{\"@type\":\"ListItem\",\"position\":1,\"name\":\"Etusivu\",\"item\":\"https:\\\/\\\/sovittelu.com\\\/vertaissovittelu\\\/\"},{\"@type\":\"ListItem\",\"position\":2,\"name\":\"Osallistu sovitteluaiheiseen postivaihtoon helmi-maaliskuussa!\"}]},{\"@type\":\"WebSite\",\"@id\":\"https:\\\/\\\/sovittelu.com\\\/vertaissovittelu\\\/#website\",\"url\":\"https:\\\/\\\/sovittelu.com\\\/vertaissovittelu\\\/\",\"name\":\"VERSO-ohjelma\",\"description\":\"Vertaissovitteluohjelma\",\"publisher\":{\"@id\":\"https:\\\/\\\/sovittelu.com\\\/vertaissovittelu\\\/#organization\"},\"potentialAction\":[{\"@type\":\"SearchAction\",\"target\":{\"@type\":\"EntryPoint\",\"urlTemplate\":\"https:\\\/\\\/sovittelu.com\\\/vertaissovittelu\\\/?s={search_term_string}\"},\"query-input\":{\"@type\":\"PropertyValueSpecification\",\"valueRequired\":true,\"valueName\":\"search_term_string\"}}],\"inLanguage\":\"fi\"},{\"@type\":\"Organization\",\"@id\":\"https:\\\/\\\/sovittelu.com\\\/vertaissovittelu\\\/#organization\",\"name\":\"VERSO-ohjelma\",\"url\":\"https:\\\/\\\/sovittelu.com\\\/vertaissovittelu\\\/\",\"logo\":{\"@type\":\"ImageObject\",\"inLanguage\":\"fi\",\"@id\":\"https:\\\/\\\/sovittelu.com\\\/vertaissovittelu\\\/#\\\/schema\\\/logo\\\/image\\\/\",\"url\":\"https:\\\/\\\/sovittelu.com\\\/vertaissovittelu\\\/wp-content\\\/uploads\\\/2026\\\/01\\\/verso_ikoni_512x512px.png\",\"contentUrl\":\"https:\\\/\\\/sovittelu.com\\\/vertaissovittelu\\\/wp-content\\\/uploads\\\/2026\\\/01\\\/verso_ikoni_512x512px.png\",\"width\":512,\"height\":512,\"caption\":\"VERSO-ohjelma\"},\"image\":{\"@id\":\"https:\\\/\\\/sovittelu.com\\\/vertaissovittelu\\\/#\\\/schema\\\/logo\\\/image\\\/\"},\"sameAs\":[\"https:\\\/\\\/www.facebook.com\\\/VERSOsovittelu\",\"https:\\\/\\\/www.instagram.com\\\/verso_sovittelu\\\/\"]},{\"@type\":\"Person\",\"@id\":\"https:\\\/\\\/sovittelu.com\\\/vertaissovittelu\\\/#\\\/schema\\\/person\\\/7cf9dc57a10e1fba817a3f9f9cf56494\",\"name\":\"Nina Huhtinen\",\"url\":\"https:\\\/\\\/sovittelu.com\\\/vertaissovittelu\\\/author\\\/nina\\\/\"}]}<\/script>\n<!-- \/ Yoast SEO plugin. -->","yoast_head_json":{"title":"Osallistu sovitteluaiheiseen postivaihtoon helmi-maaliskuussa! | Verso","robots":{"index":"index","follow":"follow","max-snippet":"max-snippet:-1","max-image-preview":"max-image-preview:large","max-video-preview":"max-video-preview:-1"},"canonical":"https:\/\/sovittelu.com\/vertaissovittelu\/osallistu-sovitteluaiheiseen-postivaihtoon-14-2-alkaen\/","og_locale":"fi_FI","og_type":"article","og_title":"Osallistu sovitteluaiheiseen postivaihtoon helmi-maaliskuussa! | Verso","og_description":"Muistatko viel\u00e4 entisajan kirjekaverit ja ketjukirjeet? Juhlavuotemme kunniaksi j\u00e4rjest\u00e4mme samassa hengess\u00e4 sovitteluaiheisen postivaihdon, mutta kirjepostin sijaan k\u00e4yt\u00e4mme s\u00e4hk\u00f6postia! Kenelle? Kaikille sovittelun parissa toimiville lapsille, nuorille ja ammattilaisille. Osallistua voitte porukalla tai yksin!Miten? 1. Ilmoittautukaa mukaan helmikuun 2026 aikana t\u00e4\u00e4ll\u00e4: https:\/\/forms.gle\/1dRPrjZwCAkvsTkKA Ilmoittautuessa voitte my\u00f6s ilmaista mahdolliset toiveet postin vastaanottajasta. 2. Saatte meilt\u00e4 vastaanottajan tiedot maaliskuussa ja...","og_url":"https:\/\/sovittelu.com\/vertaissovittelu\/osallistu-sovitteluaiheiseen-postivaihtoon-14-2-alkaen\/","og_site_name":"Verso","article_publisher":"https:\/\/www.facebook.com\/VERSOsovittelu","article_published_time":"2026-02-09T15:01:29+00:00","article_modified_time":"2026-02-09T15:18:16+00:00","og_image":[{"width":1587,"height":2245,"url":"https:\/\/sovittelu.com\/vertaissovittelu\/wp-content\/uploads\/2026\/02\/VERSO-posti-3.png","type":"image\/png"}],"author":"Nina Huhtinen","twitter_card":"summary_large_image","twitter_misc":{"Kirjoittanut":"Nina Huhtinen","Arvioitu lukuaika":"2 minuuttia"},"schema":{"@context":"https:\/\/schema.org","@graph":[{"@type":"Article","@id":"https:\/\/sovittelu.com\/vertaissovittelu\/osallistu-sovitteluaiheiseen-postivaihtoon-14-2-alkaen\/#article","isPartOf":{"@id":"https:\/\/sovittelu.com\/vertaissovittelu\/osallistu-sovitteluaiheiseen-postivaihtoon-14-2-alkaen\/"},"author":{"name":"Nina Huhtinen","@id":"https:\/\/sovittelu.com\/vertaissovittelu\/#\/schema\/person\/7cf9dc57a10e1fba817a3f9f9cf56494"},"headline":"Osallistu sovitteluaiheiseen postivaihtoon helmi-maaliskuussa!","datePublished":"2026-02-09T15:01:29+00:00","dateModified":"2026-02-09T15:18:16+00:00","mainEntityOfPage":{"@id":"https:\/\/sovittelu.com\/vertaissovittelu\/osallistu-sovitteluaiheiseen-postivaihtoon-14-2-alkaen\/"},"wordCount":193,"publisher":{"@id":"https:\/\/sovittelu.com\/vertaissovittelu\/#organization"},"image":{"@id":"https:\/\/sovittelu.com\/vertaissovittelu\/osallistu-sovitteluaiheiseen-postivaihtoon-14-2-alkaen\/#primaryimage"},"thumbnailUrl":"https:\/\/sovittelu.com\/vertaissovittelu\/wp-content\/uploads\/2026\/02\/VERSO-posti-3-724x1024.png","keywords":["2026","ilmainen","ketjukirje","maksuton","postinvaihto","postivaihto","sovittelu","sovitteluposti","Verso-oppilaat","VERSO-posti","yhteisty\u00f6","yst\u00e4v\u00e4np\u00e4iv\u00e4"],"articleSection":["MiniVerso","RESTO","Verso"],"inLanguage":"fi"},{"@type":"WebPage","@id":"https:\/\/sovittelu.com\/vertaissovittelu\/osallistu-sovitteluaiheiseen-postivaihtoon-14-2-alkaen\/","url":"https:\/\/sovittelu.com\/vertaissovittelu\/osallistu-sovitteluaiheiseen-postivaihtoon-14-2-alkaen\/","name":"Osallistu sovitteluaiheiseen postivaihtoon helmi-maaliskuussa! | Verso","isPartOf":{"@id":"https:\/\/sovittelu.com\/vertaissovittelu\/#website"},"primaryImageOfPage":{"@id":"https:\/\/sovittelu.com\/vertaissovittelu\/osallistu-sovitteluaiheiseen-postivaihtoon-14-2-alkaen\/#primaryimage"},"image":{"@id":"https:\/\/sovittelu.com\/vertaissovittelu\/osallistu-sovitteluaiheiseen-postivaihtoon-14-2-alkaen\/#primaryimage"},"thumbnailUrl":"https:\/\/sovittelu.com\/vertaissovittelu\/wp-content\/uploads\/2026\/02\/VERSO-posti-3-724x1024.png","datePublished":"2026-02-09T15:01:29+00:00","dateModified":"2026-02-09T15:18:16+00:00","breadcrumb":{"@id":"https:\/\/sovittelu.com\/vertaissovittelu\/osallistu-sovitteluaiheiseen-postivaihtoon-14-2-alkaen\/#breadcrumb"},"inLanguage":"fi","potentialAction":[{"@type":"ReadAction","target":["https:\/\/sovittelu.com\/vertaissovittelu\/osallistu-sovitteluaiheiseen-postivaihtoon-14-2-alkaen\/"]}]},{"@type":"ImageObject","inLanguage":"fi","@id":"https:\/\/sovittelu.com\/vertaissovittelu\/osallistu-sovitteluaiheiseen-postivaihtoon-14-2-alkaen\/#primaryimage","url":"https:\/\/sovittelu.com\/vertaissovittelu\/wp-content\/uploads\/2026\/02\/VERSO-posti-3.png","contentUrl":"https:\/\/sovittelu.com\/vertaissovittelu\/wp-content\/uploads\/2026\/02\/VERSO-posti-3.png","width":1587,"height":2245},{"@type":"BreadcrumbList","@id":"https:\/\/sovittelu.com\/vertaissovittelu\/osallistu-sovitteluaiheiseen-postivaihtoon-14-2-alkaen\/#breadcrumb","itemListElement":[{"@type":"ListItem","position":1,"name":"Etusivu","item":"https:\/\/sovittelu.com\/vertaissovittelu\/"},{"@type":"ListItem","position":2,"name":"Osallistu sovitteluaiheiseen postivaihtoon helmi-maaliskuussa!"}]},{"@type":"WebSite","@id":"https:\/\/sovittelu.com\/vertaissovittelu\/#website","url":"https:\/\/sovittelu.com\/vertaissovittelu\/","name":"VERSO-ohjelma","description":"Vertaissovitteluohjelma","publisher":{"@id":"https:\/\/sovittelu.com\/vertaissovittelu\/#organization"},"potentialAction":[{"@type":"SearchAction","target":{"@type":"EntryPoint","urlTemplate":"https:\/\/sovittelu.com\/vertaissovittelu\/?s={search_term_string}"},"query-input":{"@type":"PropertyValueSpecification","valueRequired":true,"valueName":"search_term_string"}}],"inLanguage":"fi"},{"@type":"Organization","@id":"https:\/\/sovittelu.com\/vertaissovittelu\/#organization","name":"VERSO-ohjelma","url":"https:\/\/sovittelu.com\/vertaissovittelu\/","logo":{"@type":"ImageObject","inLanguage":"fi","@id":"https:\/\/sovittelu.com\/vertaissovittelu\/#\/schema\/logo\/image\/","url":"https:\/\/sovittelu.com\/vertaissovittelu\/wp-content\/uploads\/2026\/01\/verso_ikoni_512x512px.png","contentUrl":"https:\/\/sovittelu.com\/vertaissovittelu\/wp-content\/uploads\/2026\/01\/verso_ikoni_512x512px.png","width":512,"height":512,"caption":"VERSO-ohjelma"},"image":{"@id":"https:\/\/sovittelu.com\/vertaissovittelu\/#\/schema\/logo\/image\/"},"sameAs":["https:\/\/www.facebook.com\/VERSOsovittelu","https:\/\/www.instagram.com\/verso_sovittelu\/"]},{"@type":"Person","@id":"https:\/\/sovittelu.com\/vertaissovittelu\/#\/schema\/person\/7cf9dc57a10e1fba817a3f9f9cf56494","name":"Nina Huhtinen","url":"https:\/\/sovittelu.com\/vertaissovittelu\/author\/nina\/"}]}},"_links":{"self":[{"href":"https:\/\/sovittelu.com\/vertaissovittelu\/wp-json\/wp\/v2\/posts\/17022","targetHints":{"allow":["GET"]}}],"collection":[{"href":"https:\/\/sovittelu.com\/vertaissovittelu\/wp-json\/wp\/v2\/posts"}],"about":[{"href":"https:\/\/sovittelu.com\/vertaissovittelu\/wp-json\/wp\/v2\/types\/post"}],"author":[{"embeddable":true,"href":"https:\/\/sovittelu.com\/vertaissovittelu\/wp-json\/wp\/v2\/users\/14"}],"replies":[{"embeddable":true,"href":"https:\/\/sovittelu.com\/vertaissovittelu\/wp-json\/wp\/v2\/comments?post=17022"}],"version-history":[{"count":0,"href":"https:\/\/sovittelu.com\/vertaissovittelu\/wp-json\/wp\/v2\/posts\/17022\/revisions"}],"wp:attachment":[{"href":"https:\/\/sovittelu.com\/vertaissovittelu\/wp-json\/wp\/v2\/media?parent=17022"}],"wp:term":[{"taxonomy":"category","embeddable":true,"href":"https:\/\/sovittelu.com\/vertaissovittelu\/wp-json\/wp\/v2\/categories?post=17022"},{"taxonomy":"post_tag","embeddable":true,"href":"https:\/\/sovittelu.com\/vertaissovittelu\/wp-json\/wp\/v2\/tags?post=17022"}],"curies":[{"name":"wp","href":"https:\/\/api.w.org\/{rel}","templated":true}]}}