{"id":17012,"date":"2026-01-27T10:48:57","date_gmt":"2026-01-27T08:48:57","guid":{"rendered":"https:\/\/sovittelu.com\/vertaissovittelu\/?p=17012"},"modified":"2026-01-27T10:48:59","modified_gmt":"2026-01-27T08:48:59","slug":"uusien-verso-aikuisten-etakoulutus-ke-4-2-klo-14-15-1545","status":"publish","type":"post","link":"https:\/\/sovittelu.com\/vertaissovittelu\/uusien-verso-aikuisten-etakoulutus-ke-4-2-klo-14-15-1545\/","title":{"rendered":"Uusien Verso-aikuisten et\u00e4koulutus ke 4.2. klo 14.15-15:45"},"content":{"rendered":"\n<p>Tarjoamme et\u00e4koulutusta uusille Verso-aikuisille helmikuussa 2026!<\/p>\n\n\n\n<p>Parhaan perehdytyksen t\u00e4rke\u00e4\u00e4n rooliisi saat oman koulun tai oppilaitoksen sovittelutiimilt\u00e4. Jos olet uusi talossa tai kaipaat my\u00f6s koulutusta roolisi tueksi, niin seuraava mahis tulee vastaan jo helmikuussa! Hypp\u00e4\u00e4 mukaan maksuttomaan et\u00e4koulutukseen ke 4.2. klo 14:15-15:45 kouluttajiemme Ninan ja Mickin kanssa. <br><br><strong>Linkin ja materiaalit saat ilmoittautumalla etuk\u00e4teen nina.huhtinen@sovittelu.com<\/strong>!<\/p>\n\n\n<div class=\"wp-block-image\">\n<figure class=\"alignleft size-full is-resized\"><img loading=\"lazy\" decoding=\"async\" width=\"800\" height=\"643\" src=\"https:\/\/sovittelu.com\/vertaissovittelu\/wp-content\/uploads\/2025\/11\/verso_sydan_800x643px.jpg\" alt=\"Verson kaulanauhat aseteltuna syd\u00e4men muotoon.\" class=\"wp-image-13944\" style=\"aspect-ratio:1.2441981968846443;width:347px;height:auto\" srcset=\"https:\/\/sovittelu.com\/vertaissovittelu\/wp-content\/uploads\/2025\/11\/verso_sydan_800x643px.jpg 800w, https:\/\/sovittelu.com\/vertaissovittelu\/wp-content\/uploads\/2025\/11\/verso_sydan_800x643px-500x402.jpg 500w, https:\/\/sovittelu.com\/vertaissovittelu\/wp-content\/uploads\/2025\/11\/verso_sydan_800x643px-768x617.jpg 768w\" sizes=\"auto, (max-width: 800px) 100vw, 800px\" \/><\/figure>\n<\/div>","protected":false},"excerpt":{"rendered":"<p>Tarjoamme et\u00e4koulutusta uusille Verso-aikuisille helmikuussa 2026! Parhaan perehdytyksen t\u00e4rke\u00e4\u00e4n rooliisi saat oman koulun tai oppilaitoksen sovittelutiimilt\u00e4. Jos olet uusi talossa tai kaipaat my\u00f6s koulutusta roolisi tueksi, niin seuraava mahis tulee vastaan jo helmikuussa! Hypp\u00e4\u00e4 mukaan maksuttomaan et\u00e4koulutukseen ke 4.2. klo 14:15-15:45 kouluttajiemme Ninan ja Mickin kanssa. Linkin ja materiaalit saat ilmoittautumalla etuk\u00e4teen nina.huhtinen@sovittelu.com!<\/p>\n","protected":false},"author":14,"featured_media":0,"comment_status":"closed","ping_status":"open","sticky":false,"template":"","format":"standard","meta":{"_kad_post_transparent":"","_kad_post_title":"","_kad_post_layout":"","_kad_post_sidebar_id":"","_kad_post_content_style":"","_kad_post_vertical_padding":"","_kad_post_feature":"","_kad_post_feature_position":"","_kad_post_header":false,"_kad_post_footer":false,"_kad_post_classname":"","footnotes":""},"categories":[3,593,1],"tags":[222,133,26,931,932,87,929,930],"class_list":["post-17012","post","type-post","status-publish","format-standard","hentry","category-koulutus","category-verso","category-yleinen","tag-222","tag-etakoulutus","tag-koulutus","tag-perehdytys","tag-sovitteluohjaaja","tag-verso","tag-verso-aikuinen","tag-verso-ohjaaja"],"yoast_head":"<!-- This site is optimized with the Yoast SEO plugin v27.4 - https:\/\/yoast.com\/product\/yoast-seo-wordpress\/ -->\n<title>Uusien Verso-aikuisten et\u00e4koulutus ke 4.2. klo 14.15-15:45 | Verso<\/title>\n<meta name=\"robots\" content=\"index, follow, max-snippet:-1, max-image-preview:large, max-video-preview:-1\" \/>\n<link rel=\"canonical\" href=\"https:\/\/sovittelu.com\/vertaissovittelu\/uusien-verso-aikuisten-etakoulutus-ke-4-2-klo-14-15-1545\/\" \/>\n<meta property=\"og:locale\" content=\"fi_FI\" \/>\n<meta property=\"og:type\" content=\"article\" \/>\n<meta property=\"og:title\" content=\"Uusien Verso-aikuisten et\u00e4koulutus ke 4.2. klo 14.15-15:45 | Verso\" \/>\n<meta property=\"og:description\" content=\"Tarjoamme et\u00e4koulutusta uusille Verso-aikuisille helmikuussa 2026! Parhaan perehdytyksen t\u00e4rke\u00e4\u00e4n rooliisi saat oman koulun tai oppilaitoksen sovittelutiimilt\u00e4. Jos olet uusi talossa tai kaipaat my\u00f6s koulutusta roolisi tueksi, niin seuraava mahis tulee vastaan jo helmikuussa! Hypp\u00e4\u00e4 mukaan maksuttomaan et\u00e4koulutukseen ke 4.2. klo 14:15-15:45 kouluttajiemme Ninan ja Mickin kanssa. Linkin ja materiaalit saat ilmoittautumalla etuk\u00e4teen nina.huhtinen@sovittelu.com!\" \/>\n<meta property=\"og:url\" content=\"https:\/\/sovittelu.com\/vertaissovittelu\/uusien-verso-aikuisten-etakoulutus-ke-4-2-klo-14-15-1545\/\" \/>\n<meta property=\"og:site_name\" content=\"Verso\" \/>\n<meta property=\"article:publisher\" content=\"https:\/\/www.facebook.com\/VERSOsovittelu\" \/>\n<meta property=\"article:published_time\" content=\"2026-01-27T08:48:57+00:00\" \/>\n<meta property=\"article:modified_time\" content=\"2026-01-27T08:48:59+00:00\" \/>\n<meta property=\"og:image\" content=\"https:\/\/sovittelu.com\/vertaissovittelu\/wp-content\/uploads\/2025\/11\/verso_sydan_800x643px.jpg\" \/>\n\t<meta property=\"og:image:width\" content=\"800\" \/>\n\t<meta property=\"og:image:height\" content=\"643\" \/>\n\t<meta property=\"og:image:type\" content=\"image\/jpeg\" \/>\n<meta name=\"author\" content=\"Nina Huhtinen\" \/>\n<meta name=\"twitter:card\" content=\"summary_large_image\" \/>\n<meta name=\"twitter:label1\" content=\"Kirjoittanut\" \/>\n\t<meta name=\"twitter:data1\" content=\"Nina Huhtinen\" \/>\n\t<meta name=\"twitter:label2\" content=\"Arvioitu lukuaika\" \/>\n\t<meta name=\"twitter:data2\" content=\"1 minuutti\" \/>\n<script type=\"application\/ld+json\" class=\"yoast-schema-graph\">{\"@context\":\"https:\\\/\\\/schema.org\",\"@graph\":[{\"@type\":\"Article\",\"@id\":\"https:\\\/\\\/sovittelu.com\\\/vertaissovittelu\\\/uusien-verso-aikuisten-etakoulutus-ke-4-2-klo-14-15-1545\\\/#article\",\"isPartOf\":{\"@id\":\"https:\\\/\\\/sovittelu.com\\\/vertaissovittelu\\\/uusien-verso-aikuisten-etakoulutus-ke-4-2-klo-14-15-1545\\\/\"},\"author\":{\"name\":\"Nina Huhtinen\",\"@id\":\"https:\\\/\\\/sovittelu.com\\\/vertaissovittelu\\\/#\\\/schema\\\/person\\\/7cf9dc57a10e1fba817a3f9f9cf56494\"},\"headline\":\"Uusien Verso-aikuisten et\u00e4koulutus ke 4.2. klo 14.15-15:45\",\"datePublished\":\"2026-01-27T08:48:57+00:00\",\"dateModified\":\"2026-01-27T08:48:59+00:00\",\"mainEntityOfPage\":{\"@id\":\"https:\\\/\\\/sovittelu.com\\\/vertaissovittelu\\\/uusien-verso-aikuisten-etakoulutus-ke-4-2-klo-14-15-1545\\\/\"},\"wordCount\":67,\"publisher\":{\"@id\":\"https:\\\/\\\/sovittelu.com\\\/vertaissovittelu\\\/#organization\"},\"image\":{\"@id\":\"https:\\\/\\\/sovittelu.com\\\/vertaissovittelu\\\/uusien-verso-aikuisten-etakoulutus-ke-4-2-klo-14-15-1545\\\/#primaryimage\"},\"thumbnailUrl\":\"https:\\\/\\\/sovittelu.com\\\/vertaissovittelu\\\/wp-content\\\/uploads\\\/2025\\\/11\\\/verso_sydan_800x643px.jpg\",\"keywords\":[\"2026\",\"et\u00e4koulutus\",\"koulutus\",\"perehdytys\",\"sovitteluohjaaja\",\"verso\",\"Verso-aikuinen\",\"Verso-ohjaaja\"],\"articleSection\":[\"Koulutus\",\"Verso\"],\"inLanguage\":\"fi\"},{\"@type\":\"WebPage\",\"@id\":\"https:\\\/\\\/sovittelu.com\\\/vertaissovittelu\\\/uusien-verso-aikuisten-etakoulutus-ke-4-2-klo-14-15-1545\\\/\",\"url\":\"https:\\\/\\\/sovittelu.com\\\/vertaissovittelu\\\/uusien-verso-aikuisten-etakoulutus-ke-4-2-klo-14-15-1545\\\/\",\"name\":\"Uusien Verso-aikuisten et\u00e4koulutus ke 4.2. klo 14.15-15:45 | Verso\",\"isPartOf\":{\"@id\":\"https:\\\/\\\/sovittelu.com\\\/vertaissovittelu\\\/#website\"},\"primaryImageOfPage\":{\"@id\":\"https:\\\/\\\/sovittelu.com\\\/vertaissovittelu\\\/uusien-verso-aikuisten-etakoulutus-ke-4-2-klo-14-15-1545\\\/#primaryimage\"},\"image\":{\"@id\":\"https:\\\/\\\/sovittelu.com\\\/vertaissovittelu\\\/uusien-verso-aikuisten-etakoulutus-ke-4-2-klo-14-15-1545\\\/#primaryimage\"},\"thumbnailUrl\":\"https:\\\/\\\/sovittelu.com\\\/vertaissovittelu\\\/wp-content\\\/uploads\\\/2025\\\/11\\\/verso_sydan_800x643px.jpg\",\"datePublished\":\"2026-01-27T08:48:57+00:00\",\"dateModified\":\"2026-01-27T08:48:59+00:00\",\"breadcrumb\":{\"@id\":\"https:\\\/\\\/sovittelu.com\\\/vertaissovittelu\\\/uusien-verso-aikuisten-etakoulutus-ke-4-2-klo-14-15-1545\\\/#breadcrumb\"},\"inLanguage\":\"fi\",\"potentialAction\":[{\"@type\":\"ReadAction\",\"target\":[\"https:\\\/\\\/sovittelu.com\\\/vertaissovittelu\\\/uusien-verso-aikuisten-etakoulutus-ke-4-2-klo-14-15-1545\\\/\"]}]},{\"@type\":\"ImageObject\",\"inLanguage\":\"fi\",\"@id\":\"https:\\\/\\\/sovittelu.com\\\/vertaissovittelu\\\/uusien-verso-aikuisten-etakoulutus-ke-4-2-klo-14-15-1545\\\/#primaryimage\",\"url\":\"\",\"contentUrl\":\"\"},{\"@type\":\"BreadcrumbList\",\"@id\":\"https:\\\/\\\/sovittelu.com\\\/vertaissovittelu\\\/uusien-verso-aikuisten-etakoulutus-ke-4-2-klo-14-15-1545\\\/#breadcrumb\",\"itemListElement\":[{\"@type\":\"ListItem\",\"position\":1,\"name\":\"Etusivu\",\"item\":\"https:\\\/\\\/sovittelu.com\\\/vertaissovittelu\\\/\"},{\"@type\":\"ListItem\",\"position\":2,\"name\":\"Uusien Verso-aikuisten et\u00e4koulutus ke 4.2. klo 14.15-15:45\"}]},{\"@type\":\"WebSite\",\"@id\":\"https:\\\/\\\/sovittelu.com\\\/vertaissovittelu\\\/#website\",\"url\":\"https:\\\/\\\/sovittelu.com\\\/vertaissovittelu\\\/\",\"name\":\"VERSO-ohjelma\",\"description\":\"Vertaissovitteluohjelma\",\"publisher\":{\"@id\":\"https:\\\/\\\/sovittelu.com\\\/vertaissovittelu\\\/#organization\"},\"potentialAction\":[{\"@type\":\"SearchAction\",\"target\":{\"@type\":\"EntryPoint\",\"urlTemplate\":\"https:\\\/\\\/sovittelu.com\\\/vertaissovittelu\\\/?s={search_term_string}\"},\"query-input\":{\"@type\":\"PropertyValueSpecification\",\"valueRequired\":true,\"valueName\":\"search_term_string\"}}],\"inLanguage\":\"fi\"},{\"@type\":\"Organization\",\"@id\":\"https:\\\/\\\/sovittelu.com\\\/vertaissovittelu\\\/#organization\",\"name\":\"VERSO-ohjelma\",\"url\":\"https:\\\/\\\/sovittelu.com\\\/vertaissovittelu\\\/\",\"logo\":{\"@type\":\"ImageObject\",\"inLanguage\":\"fi\",\"@id\":\"https:\\\/\\\/sovittelu.com\\\/vertaissovittelu\\\/#\\\/schema\\\/logo\\\/image\\\/\",\"url\":\"https:\\\/\\\/sovittelu.com\\\/vertaissovittelu\\\/wp-content\\\/uploads\\\/2026\\\/01\\\/verso_ikoni_512x512px.png\",\"contentUrl\":\"https:\\\/\\\/sovittelu.com\\\/vertaissovittelu\\\/wp-content\\\/uploads\\\/2026\\\/01\\\/verso_ikoni_512x512px.png\",\"width\":512,\"height\":512,\"caption\":\"VERSO-ohjelma\"},\"image\":{\"@id\":\"https:\\\/\\\/sovittelu.com\\\/vertaissovittelu\\\/#\\\/schema\\\/logo\\\/image\\\/\"},\"sameAs\":[\"https:\\\/\\\/www.facebook.com\\\/VERSOsovittelu\",\"https:\\\/\\\/www.instagram.com\\\/verso_sovittelu\\\/\"]},{\"@type\":\"Person\",\"@id\":\"https:\\\/\\\/sovittelu.com\\\/vertaissovittelu\\\/#\\\/schema\\\/person\\\/7cf9dc57a10e1fba817a3f9f9cf56494\",\"name\":\"Nina Huhtinen\",\"url\":\"https:\\\/\\\/sovittelu.com\\\/vertaissovittelu\\\/author\\\/nina\\\/\"}]}<\/script>\n<!-- \/ Yoast SEO plugin. -->","yoast_head_json":{"title":"Uusien Verso-aikuisten et\u00e4koulutus ke 4.2. klo 14.15-15:45 | Verso","robots":{"index":"index","follow":"follow","max-snippet":"max-snippet:-1","max-image-preview":"max-image-preview:large","max-video-preview":"max-video-preview:-1"},"canonical":"https:\/\/sovittelu.com\/vertaissovittelu\/uusien-verso-aikuisten-etakoulutus-ke-4-2-klo-14-15-1545\/","og_locale":"fi_FI","og_type":"article","og_title":"Uusien Verso-aikuisten et\u00e4koulutus ke 4.2. klo 14.15-15:45 | Verso","og_description":"Tarjoamme et\u00e4koulutusta uusille Verso-aikuisille helmikuussa 2026! Parhaan perehdytyksen t\u00e4rke\u00e4\u00e4n rooliisi saat oman koulun tai oppilaitoksen sovittelutiimilt\u00e4. Jos olet uusi talossa tai kaipaat my\u00f6s koulutusta roolisi tueksi, niin seuraava mahis tulee vastaan jo helmikuussa! Hypp\u00e4\u00e4 mukaan maksuttomaan et\u00e4koulutukseen ke 4.2. klo 14:15-15:45 kouluttajiemme Ninan ja Mickin kanssa. Linkin ja materiaalit saat ilmoittautumalla etuk\u00e4teen nina.huhtinen@sovittelu.com!","og_url":"https:\/\/sovittelu.com\/vertaissovittelu\/uusien-verso-aikuisten-etakoulutus-ke-4-2-klo-14-15-1545\/","og_site_name":"Verso","article_publisher":"https:\/\/www.facebook.com\/VERSOsovittelu","article_published_time":"2026-01-27T08:48:57+00:00","article_modified_time":"2026-01-27T08:48:59+00:00","og_image":[{"width":800,"height":643,"url":"https:\/\/sovittelu.com\/vertaissovittelu\/wp-content\/uploads\/2025\/11\/verso_sydan_800x643px.jpg","type":"image\/jpeg"}],"author":"Nina Huhtinen","twitter_card":"summary_large_image","twitter_misc":{"Kirjoittanut":"Nina Huhtinen","Arvioitu lukuaika":"1 minuutti"},"schema":{"@context":"https:\/\/schema.org","@graph":[{"@type":"Article","@id":"https:\/\/sovittelu.com\/vertaissovittelu\/uusien-verso-aikuisten-etakoulutus-ke-4-2-klo-14-15-1545\/#article","isPartOf":{"@id":"https:\/\/sovittelu.com\/vertaissovittelu\/uusien-verso-aikuisten-etakoulutus-ke-4-2-klo-14-15-1545\/"},"author":{"name":"Nina Huhtinen","@id":"https:\/\/sovittelu.com\/vertaissovittelu\/#\/schema\/person\/7cf9dc57a10e1fba817a3f9f9cf56494"},"headline":"Uusien Verso-aikuisten et\u00e4koulutus ke 4.2. klo 14.15-15:45","datePublished":"2026-01-27T08:48:57+00:00","dateModified":"2026-01-27T08:48:59+00:00","mainEntityOfPage":{"@id":"https:\/\/sovittelu.com\/vertaissovittelu\/uusien-verso-aikuisten-etakoulutus-ke-4-2-klo-14-15-1545\/"},"wordCount":67,"publisher":{"@id":"https:\/\/sovittelu.com\/vertaissovittelu\/#organization"},"image":{"@id":"https:\/\/sovittelu.com\/vertaissovittelu\/uusien-verso-aikuisten-etakoulutus-ke-4-2-klo-14-15-1545\/#primaryimage"},"thumbnailUrl":"https:\/\/sovittelu.com\/vertaissovittelu\/wp-content\/uploads\/2025\/11\/verso_sydan_800x643px.jpg","keywords":["2026","et\u00e4koulutus","koulutus","perehdytys","sovitteluohjaaja","verso","Verso-aikuinen","Verso-ohjaaja"],"articleSection":["Koulutus","Verso"],"inLanguage":"fi"},{"@type":"WebPage","@id":"https:\/\/sovittelu.com\/vertaissovittelu\/uusien-verso-aikuisten-etakoulutus-ke-4-2-klo-14-15-1545\/","url":"https:\/\/sovittelu.com\/vertaissovittelu\/uusien-verso-aikuisten-etakoulutus-ke-4-2-klo-14-15-1545\/","name":"Uusien Verso-aikuisten et\u00e4koulutus ke 4.2. klo 14.15-15:45 | Verso","isPartOf":{"@id":"https:\/\/sovittelu.com\/vertaissovittelu\/#website"},"primaryImageOfPage":{"@id":"https:\/\/sovittelu.com\/vertaissovittelu\/uusien-verso-aikuisten-etakoulutus-ke-4-2-klo-14-15-1545\/#primaryimage"},"image":{"@id":"https:\/\/sovittelu.com\/vertaissovittelu\/uusien-verso-aikuisten-etakoulutus-ke-4-2-klo-14-15-1545\/#primaryimage"},"thumbnailUrl":"https:\/\/sovittelu.com\/vertaissovittelu\/wp-content\/uploads\/2025\/11\/verso_sydan_800x643px.jpg","datePublished":"2026-01-27T08:48:57+00:00","dateModified":"2026-01-27T08:48:59+00:00","breadcrumb":{"@id":"https:\/\/sovittelu.com\/vertaissovittelu\/uusien-verso-aikuisten-etakoulutus-ke-4-2-klo-14-15-1545\/#breadcrumb"},"inLanguage":"fi","potentialAction":[{"@type":"ReadAction","target":["https:\/\/sovittelu.com\/vertaissovittelu\/uusien-verso-aikuisten-etakoulutus-ke-4-2-klo-14-15-1545\/"]}]},{"@type":"ImageObject","inLanguage":"fi","@id":"https:\/\/sovittelu.com\/vertaissovittelu\/uusien-verso-aikuisten-etakoulutus-ke-4-2-klo-14-15-1545\/#primaryimage","url":"","contentUrl":""},{"@type":"BreadcrumbList","@id":"https:\/\/sovittelu.com\/vertaissovittelu\/uusien-verso-aikuisten-etakoulutus-ke-4-2-klo-14-15-1545\/#breadcrumb","itemListElement":[{"@type":"ListItem","position":1,"name":"Etusivu","item":"https:\/\/sovittelu.com\/vertaissovittelu\/"},{"@type":"ListItem","position":2,"name":"Uusien Verso-aikuisten et\u00e4koulutus ke 4.2. klo 14.15-15:45"}]},{"@type":"WebSite","@id":"https:\/\/sovittelu.com\/vertaissovittelu\/#website","url":"https:\/\/sovittelu.com\/vertaissovittelu\/","name":"VERSO-ohjelma","description":"Vertaissovitteluohjelma","publisher":{"@id":"https:\/\/sovittelu.com\/vertaissovittelu\/#organization"},"potentialAction":[{"@type":"SearchAction","target":{"@type":"EntryPoint","urlTemplate":"https:\/\/sovittelu.com\/vertaissovittelu\/?s={search_term_string}"},"query-input":{"@type":"PropertyValueSpecification","valueRequired":true,"valueName":"search_term_string"}}],"inLanguage":"fi"},{"@type":"Organization","@id":"https:\/\/sovittelu.com\/vertaissovittelu\/#organization","name":"VERSO-ohjelma","url":"https:\/\/sovittelu.com\/vertaissovittelu\/","logo":{"@type":"ImageObject","inLanguage":"fi","@id":"https:\/\/sovittelu.com\/vertaissovittelu\/#\/schema\/logo\/image\/","url":"https:\/\/sovittelu.com\/vertaissovittelu\/wp-content\/uploads\/2026\/01\/verso_ikoni_512x512px.png","contentUrl":"https:\/\/sovittelu.com\/vertaissovittelu\/wp-content\/uploads\/2026\/01\/verso_ikoni_512x512px.png","width":512,"height":512,"caption":"VERSO-ohjelma"},"image":{"@id":"https:\/\/sovittelu.com\/vertaissovittelu\/#\/schema\/logo\/image\/"},"sameAs":["https:\/\/www.facebook.com\/VERSOsovittelu","https:\/\/www.instagram.com\/verso_sovittelu\/"]},{"@type":"Person","@id":"https:\/\/sovittelu.com\/vertaissovittelu\/#\/schema\/person\/7cf9dc57a10e1fba817a3f9f9cf56494","name":"Nina Huhtinen","url":"https:\/\/sovittelu.com\/vertaissovittelu\/author\/nina\/"}]}},"_links":{"self":[{"href":"https:\/\/sovittelu.com\/vertaissovittelu\/wp-json\/wp\/v2\/posts\/17012","targetHints":{"allow":["GET"]}}],"collection":[{"href":"https:\/\/sovittelu.com\/vertaissovittelu\/wp-json\/wp\/v2\/posts"}],"about":[{"href":"https:\/\/sovittelu.com\/vertaissovittelu\/wp-json\/wp\/v2\/types\/post"}],"author":[{"embeddable":true,"href":"https:\/\/sovittelu.com\/vertaissovittelu\/wp-json\/wp\/v2\/users\/14"}],"replies":[{"embeddable":true,"href":"https:\/\/sovittelu.com\/vertaissovittelu\/wp-json\/wp\/v2\/comments?post=17012"}],"version-history":[{"count":0,"href":"https:\/\/sovittelu.com\/vertaissovittelu\/wp-json\/wp\/v2\/posts\/17012\/revisions"}],"wp:attachment":[{"href":"https:\/\/sovittelu.com\/vertaissovittelu\/wp-json\/wp\/v2\/media?parent=17012"}],"wp:term":[{"taxonomy":"category","embeddable":true,"href":"https:\/\/sovittelu.com\/vertaissovittelu\/wp-json\/wp\/v2\/categories?post=17012"},{"taxonomy":"post_tag","embeddable":true,"href":"https:\/\/sovittelu.com\/vertaissovittelu\/wp-json\/wp\/v2\/tags?post=17012"}],"curies":[{"name":"wp","href":"https:\/\/api.w.org\/{rel}","templated":true}]}}