{"id":4834,"date":"2025-03-07T10:29:49","date_gmt":"2025-03-07T08:29:49","guid":{"rendered":"https:\/\/sovittelu.com\/vertaissovittelu\/?p=4834"},"modified":"2025-12-17T10:43:50","modified_gmt":"2025-12-17T08:43:50","slug":"medlarnas-dagar-20-21-5-i-tammerfors-aterupprattelse-medling-och-social-fred","status":"publish","type":"post","link":"https:\/\/sovittelu.com\/vertaissovittelu\/sv\/sovittelijapaivat-20-21-5-tampereella-restoratiivisuus-sovittelu-ja-yhteiskuntarauha\/","title":{"rendered":"Medlingsdagarna 20-21 maj i Tammerfors: reparativ r\u00e4ttvisa, medling och social fred"},"content":{"rendered":"<p><strong>V\u00e4lkommen till Medborgardagarna 2025 i Tammerfors!<\/strong><\/p>\n\n\n\n<p>Dagarna kommer att utforska utmanande, tysta och synliga fenomen i samh\u00e4llet och den roll som medling och andra \u00e5teruppr\u00e4ttande metoder spelar f\u00f6r att hj\u00e4lpa individer och samh\u00e4llen att hantera sp\u00e4nningar, konflikter och brott. Det tv\u00e5 dagar l\u00e5nga evenemanget kommer att inneh\u00e5lla huvudtal, interaktiva paneldiskussioner, ett brett utbud av workshops och m\u00f6jligheter till diskussion och n\u00e4tverkande.<\/p>\n\n\n\n<p>Temat f\u00f6r Medlingsdagarna 2025 kommer inte bara att involvera medlingsf\u00e4ltet utan ocks\u00e5 andra akt\u00f6rer i samh\u00e4llet vars verksamhet och beslutsfattande \u00e4r relaterade till aspekter av social fred (t.ex. social- och h\u00e4lsosektorn, offentliga myndigheter, f\u00f6retr\u00e4dare f\u00f6r icke-statliga organisationer). Medlingsdagarna kommer att ge ett nytt perspektiv, s\u00e4rskilt f\u00f6r offentliga akt\u00f6rer vars arbete \u00e4r relaterat till familjers och ungdomars v\u00e4lbefinnande. Dessutom kommer polarisering, f\u00f6r\u00e4ndringar i arbetslivet och de aktuella behoven av samh\u00e4llsmedling att vara viktiga teman.<\/p>\n\n\n\n<p>I workshopparna kommer experter att presentera sitt arbete, sina resultat och erfarenheter i fr\u00e5gor som hantering av hatbrott, v\u00e5ld bland ungdomar i skolor och p\u00e5 gator och torg, v\u00e4lbefinnande och god praxis i arbetsgemenskaper, medlingens roll i samh\u00e4llstrauma, digital dialog i arbetsgemenskaper, efterv\u00e5rd f\u00f6r allvarliga brott och reparativa tj\u00e4nster i relationer.<\/p>\n\n\n\n<p><strong>Tid: <\/strong>Tis 20.5. kl. 8.30 - Ons 21.5. kl. 15.15<\/p>\n\n\n\n<p><strong>Plats: <\/strong>Tammerfors universitet, Centralcampus, P\u00e4\u00e4talo (Kalevantie 4)<\/p>\n\n\n\n<p><strong>Registrerings- och deltagaravgift: <\/strong>Deltagaravgiften \u00e4r 70 euro. Anvisningar om hur du betalar anm\u00e4lningsavgiften finns p\u00e5 anm\u00e4lningsblanketten.<\/p>\n\n\n\n<p>Anm\u00e4l dig till mediatordagarna genom att fylla i anm\u00e4lningsformul\u00e4ret h\u00e4r: <a href=\"https:\/\/www.sovittelijapaivat.fi\/ilmoittautuminen-2025\/\" target=\"_blank\" rel=\"noreferrer noopener\">https:\/\/www.sovittelijapaivat.fi\/ilmoittautuminen-2025\/<\/a><\/p>\n\n\n\n<p>Du kan ocks\u00e5 komma \u00e5t registreringsformul\u00e4ret med hj\u00e4lp av QR-koden nedan.<\/p>\n\n\n\n<figure class=\"wp-block-image size-full\"><img loading=\"lazy\" decoding=\"async\" width=\"190\" height=\"174\" src=\"https:\/\/sovittelu.com\/vertaissovittelu\/wp-content\/uploads\/2025\/03\/qr-koodi.jpg\" alt=\"\" class=\"wp-image-13220\"\/><\/figure>\n\n\n\n<p><strong>Program: <\/strong>F\u00f6r ett mer detaljerat program, bes\u00f6k evenemangets webbplats&nbsp;<a rel=\"noreferrer noopener\" href=\"http:\/\/www.sovittelijapaivat.fi\" target=\"_blank\">www.sovittelijapaivat.fi<\/a><\/p>\n\n\n\n<p><strong>OBS! Det kostnadsfria f\u00f6rseminariet \u201dRestorativeness and Social Peace\u201d, som \u00e4r \u00f6ppet f\u00f6r alla intresserade, kommer att \u00e4ga rum p\u00e5 Teams arbetsplattform torsdagen den 8 maj kl. 14.00-15.30.<\/strong> Du kan ansluta genom att klicka p\u00e5 Teams-l\u00e4nken nedan under \u201dG\u00e5 med i m\u00f6tet nu\u201d eller genom att ange ditt m\u00f6tes-ID och l\u00f6senord i Teams-appen. Sammankallande \u00e4r Jens Gellin, koordinator f\u00f6r medlardagarna \/ jens@gellin.fi<\/p>\n\n\n\n<p><strong>Microsoft Teams<\/strong>\u00a0<a href=\"https:\/\/aka.ms\/JoinTeamsMeeting?omkt=fi-FI\" target=\"_blank\" rel=\"noreferrer noopener\">Beh\u00f6ver du hj\u00e4lp?<\/a><\/p>\n\n\n\n<p><a href=\"https:\/\/teams.microsoft.com\/l\/meetup-join\/19%3ameeting_ODVjOGY1NDctOGE4NC00NzcwLWE5ZjgtMGE1YjI5ZTRmZTFj%40thread.v2\/0?context=%7b%22Tid%22%3a%22454660ed-91bb-4afc-9fa8-2644ac452980%22%2c%22Oid%22%3a%226d44f367-ccad-4213-b871-637683cf2ed5%22%7d\" target=\"_blank\" rel=\"noreferrer noopener\"><strong>Delta i m\u00f6tet nu<\/strong><\/a><\/p>\n\n\n\n<p>M\u00f6tes-ID: 355 761 275 426<\/p>\n\n\n\n<p>Identifieringskod: sy7kd39q<\/p>\n\n\n\n<figure class=\"wp-block-image size-full is-resized\"><img loading=\"lazy\" decoding=\"async\" width=\"1024\" height=\"1024\" src=\"https:\/\/sovittelu.com\/vertaissovittelu\/wp-content\/uploads\/2025\/03\/restoratiivisuus_ja_yhteiskuntarauha-1024x1024-1.jpg\" alt=\"\" class=\"wp-image-13221\" style=\"width:331px;height:331px\" srcset=\"https:\/\/sovittelu.com\/vertaissovittelu\/wp-content\/uploads\/2025\/03\/restoratiivisuus_ja_yhteiskuntarauha-1024x1024-1.jpg 1024w, https:\/\/sovittelu.com\/vertaissovittelu\/wp-content\/uploads\/2025\/03\/restoratiivisuus_ja_yhteiskuntarauha-1024x1024-1-500x500.jpg 500w, https:\/\/sovittelu.com\/vertaissovittelu\/wp-content\/uploads\/2025\/03\/restoratiivisuus_ja_yhteiskuntarauha-1024x1024-1-768x768.jpg 768w\" sizes=\"auto, (max-width: 1024px) 100vw, 1024px\" \/><\/figure>\n\n\n\n<p><strong>F\u00f6r mer information:<\/strong><\/p>\n\n\n\n<p>Jens Gellin, Mediator Days Coordinator, jens@gellin.fi<\/p>\n\n\n\n<p>Saija J\u00e4rvinen, r\u00e5dgivare, justitieministeriet, saija.jarvinen@gov.fi<\/p>\n\n\n\n<p>Ilona Rimpil\u00e4, specialist, Institutet f\u00f6r h\u00e4lsa och v\u00e4lf\u00e4rd, ilona.rimpila@thl.fi<\/p>\n\n\n\n<p>I samarbete med:<\/p>\n\n\n\n<p>Institutet f\u00f6r h\u00e4lsa och v\u00e4lf\u00e4rd, Justitieministeriet, R\u00e5det f\u00f6r brottsf\u00f6rebyggande, Finlands Medlingsforum, MAP Finland, Aseman Lapset ry, Onni-Inno ok<\/p>","protected":false},"excerpt":{"rendered":"<p>V\u00e4lkommen till Medlingsdagarna 2025 i Tammerfors! Dagarna kommer att utforska utmanande, tysta och synliga fenomen i samh\u00e4llet och den roll som medling och andra \u00e5terst\u00e4llande metoder har f\u00f6r att hj\u00e4lpa individer och samh\u00e4llen att hantera olika sp\u00e4nningar, konflikter och brott. Under de tv\u00e5 dagarna h\u00e5lls huvudtal, interaktiva paneldiskussioner, ett brett utbud av workshops samt m\u00f6jligheter till diskussion och n\u00e4tverkande. Temat f\u00f6r Medlingsdagarna 2025 kommer inte bara att involvera medlingsf\u00e4ltet utan \u00e4ven andra akt\u00f6rer i samh\u00e4llet,...<\/p>","protected":false},"author":14,"featured_media":0,"comment_status":"closed","ping_status":"closed","sticky":false,"template":"","format":"standard","meta":{"_kad_post_transparent":"","_kad_post_title":"","_kad_post_layout":"","_kad_post_sidebar_id":"","_kad_post_content_style":"","_kad_post_vertical_padding":"","_kad_post_feature":"","_kad_post_feature_position":"","_kad_post_header":false,"_kad_post_footer":false,"_kad_post_classname":"","footnotes":""},"categories":[1],"tags":[200,214,206,41,148,25,207],"class_list":["post-4834","post","type-post","status-publish","format-standard","hentry","category-yleinen","tag-200","tag-esiseminaari","tag-konferenssi","tag-restoratiivisuus","tag-sovittelijapaivat","tag-sovittelu","tag-yhteiskuntarauha"],"yoast_head":"<!-- This site is optimized with the Yoast SEO plugin v27.4 - https:\/\/yoast.com\/product\/yoast-seo-wordpress\/ -->\n<title>Sovittelijap\u00e4iv\u00e4t 20.-21.5. Tampereella: Restoratiivisuus, sovittelu ja yhteiskuntarauha | Verso<\/title>\n<meta name=\"robots\" content=\"index, follow, max-snippet:-1, max-image-preview:large, max-video-preview:-1\" \/>\n<link rel=\"canonical\" href=\"https:\/\/sovittelu.com\/vertaissovittelu\/sv\/medlarnas-dagar-20-21-5-i-tammerfors-aterupprattelse-medling-och-social-fred\/\" \/>\n<meta property=\"og:locale\" content=\"sv_SE\" \/>\n<meta property=\"og:type\" content=\"article\" \/>\n<meta property=\"og:title\" content=\"Sovittelijap\u00e4iv\u00e4t 20.-21.5. Tampereella: Restoratiivisuus, sovittelu ja yhteiskuntarauha | Verso\" \/>\n<meta property=\"og:description\" content=\"Tervetuloa Sovittelijap\u00e4iville 2025 Tampereelle! P\u00e4ivien aikana tarkastellaan yhteiskunnan haastavia, hiljaisia ja n\u00e4kyvi\u00e4 ilmi\u00f6it\u00e4 sek\u00e4 sovittelun ett\u00e4 muiden restoratiivisten menettelyjen merkityst\u00e4, kun autetaan yksil\u00f6it\u00e4 ja yhteis\u00f6j\u00e4 erilaisten j\u00e4nnitteiden, konfliktien ja rikosten k\u00e4sittelyss\u00e4.&nbsp;Kaksip\u00e4iv\u00e4isen tapahtuman ohjelmaan kuuluu alustuspuheenvuoroja, dialogisia paneelikeskusteluja, monipuolisia ty\u00f6pajoja ja mahdollisuuksia keskusteluun ja verkostoitumiseen. Sovittelijap\u00e4ivien 2025 teema tuo mukaan sovittelun kent\u00e4n lis\u00e4ksi muita yhteiskunnan toimijoita,...\" \/>\n<meta property=\"og:url\" content=\"https:\/\/sovittelu.com\/vertaissovittelu\/sv\/medlarnas-dagar-20-21-5-i-tammerfors-aterupprattelse-medling-och-social-fred\/\" \/>\n<meta property=\"og:site_name\" content=\"Verso\" \/>\n<meta property=\"article:publisher\" content=\"https:\/\/www.facebook.com\/VERSOsovittelu\" \/>\n<meta property=\"article:published_time\" content=\"2025-03-07T08:29:49+00:00\" \/>\n<meta property=\"article:modified_time\" content=\"2025-12-17T08:43:50+00:00\" \/>\n<meta property=\"og:image\" content=\"https:\/\/sovittelu.com\/vertaissovittelu\/wp-content\/uploads\/2025\/03\/qr-koodi.jpg\" \/>\n\t<meta property=\"og:image:width\" content=\"190\" \/>\n\t<meta property=\"og:image:height\" content=\"174\" \/>\n\t<meta property=\"og:image:type\" content=\"image\/jpeg\" \/>\n<meta name=\"author\" content=\"Nina Huhtinen\" \/>\n<meta name=\"twitter:card\" content=\"summary_large_image\" \/>\n<meta name=\"twitter:label1\" content=\"Skriven av\" \/>\n\t<meta name=\"twitter:data1\" content=\"Nina Huhtinen\" \/>\n\t<meta name=\"twitter:label2\" content=\"Ber\u00e4knad l\u00e4stid\" \/>\n\t<meta name=\"twitter:data2\" content=\"3 minuter\" \/>\n<script type=\"application\/ld+json\" class=\"yoast-schema-graph\">{\"@context\":\"https:\\\/\\\/schema.org\",\"@graph\":[{\"@type\":\"Article\",\"@id\":\"https:\\\/\\\/sovittelu.com\\\/vertaissovittelu\\\/sovittelijapaivat-20-21-5-tampereella-restoratiivisuus-sovittelu-ja-yhteiskuntarauha\\\/#article\",\"isPartOf\":{\"@id\":\"https:\\\/\\\/sovittelu.com\\\/vertaissovittelu\\\/sovittelijapaivat-20-21-5-tampereella-restoratiivisuus-sovittelu-ja-yhteiskuntarauha\\\/\"},\"author\":{\"name\":\"Nina Huhtinen\",\"@id\":\"https:\\\/\\\/sovittelu.com\\\/vertaissovittelu\\\/#\\\/schema\\\/person\\\/7cf9dc57a10e1fba817a3f9f9cf56494\"},\"headline\":\"Sovittelijap\u00e4iv\u00e4t 20.-21.5. Tampereella: Restoratiivisuus, sovittelu ja yhteiskuntarauha\",\"datePublished\":\"2025-03-07T08:29:49+00:00\",\"dateModified\":\"2025-12-17T08:43:50+00:00\",\"mainEntityOfPage\":{\"@id\":\"https:\\\/\\\/sovittelu.com\\\/vertaissovittelu\\\/sovittelijapaivat-20-21-5-tampereella-restoratiivisuus-sovittelu-ja-yhteiskuntarauha\\\/\"},\"wordCount\":361,\"publisher\":{\"@id\":\"https:\\\/\\\/sovittelu.com\\\/vertaissovittelu\\\/#organization\"},\"image\":{\"@id\":\"https:\\\/\\\/sovittelu.com\\\/vertaissovittelu\\\/sovittelijapaivat-20-21-5-tampereella-restoratiivisuus-sovittelu-ja-yhteiskuntarauha\\\/#primaryimage\"},\"thumbnailUrl\":\"https:\\\/\\\/sovittelu.com\\\/vertaissovittelu\\\/wp-content\\\/uploads\\\/2025\\\/03\\\/qr-koodi.jpg\",\"keywords\":[\"2025\",\"esiseminaari\",\"konferenssi\",\"restoratiivisuus\",\"Sovittelijap\u00e4iv\u00e4t\",\"sovittelu\",\"yhteiskuntarauha\"],\"articleSection\":[\"Yleinen\"],\"inLanguage\":\"sv-SE\"},{\"@type\":\"WebPage\",\"@id\":\"https:\\\/\\\/sovittelu.com\\\/vertaissovittelu\\\/sovittelijapaivat-20-21-5-tampereella-restoratiivisuus-sovittelu-ja-yhteiskuntarauha\\\/\",\"url\":\"https:\\\/\\\/sovittelu.com\\\/vertaissovittelu\\\/sovittelijapaivat-20-21-5-tampereella-restoratiivisuus-sovittelu-ja-yhteiskuntarauha\\\/\",\"name\":\"Sovittelijap\u00e4iv\u00e4t 20.-21.5. Tampereella: Restoratiivisuus, sovittelu ja yhteiskuntarauha | Verso\",\"isPartOf\":{\"@id\":\"https:\\\/\\\/sovittelu.com\\\/vertaissovittelu\\\/#website\"},\"primaryImageOfPage\":{\"@id\":\"https:\\\/\\\/sovittelu.com\\\/vertaissovittelu\\\/sovittelijapaivat-20-21-5-tampereella-restoratiivisuus-sovittelu-ja-yhteiskuntarauha\\\/#primaryimage\"},\"image\":{\"@id\":\"https:\\\/\\\/sovittelu.com\\\/vertaissovittelu\\\/sovittelijapaivat-20-21-5-tampereella-restoratiivisuus-sovittelu-ja-yhteiskuntarauha\\\/#primaryimage\"},\"thumbnailUrl\":\"https:\\\/\\\/sovittelu.com\\\/vertaissovittelu\\\/wp-content\\\/uploads\\\/2025\\\/03\\\/qr-koodi.jpg\",\"datePublished\":\"2025-03-07T08:29:49+00:00\",\"dateModified\":\"2025-12-17T08:43:50+00:00\",\"breadcrumb\":{\"@id\":\"https:\\\/\\\/sovittelu.com\\\/vertaissovittelu\\\/sovittelijapaivat-20-21-5-tampereella-restoratiivisuus-sovittelu-ja-yhteiskuntarauha\\\/#breadcrumb\"},\"inLanguage\":\"sv-SE\",\"potentialAction\":[{\"@type\":\"ReadAction\",\"target\":[\"https:\\\/\\\/sovittelu.com\\\/vertaissovittelu\\\/sovittelijapaivat-20-21-5-tampereella-restoratiivisuus-sovittelu-ja-yhteiskuntarauha\\\/\"]}]},{\"@type\":\"ImageObject\",\"inLanguage\":\"sv-SE\",\"@id\":\"https:\\\/\\\/sovittelu.com\\\/vertaissovittelu\\\/sovittelijapaivat-20-21-5-tampereella-restoratiivisuus-sovittelu-ja-yhteiskuntarauha\\\/#primaryimage\",\"url\":\"https:\\\/\\\/sovittelu.com\\\/vertaissovittelu\\\/wp-content\\\/uploads\\\/2025\\\/03\\\/qr-koodi.jpg\",\"contentUrl\":\"https:\\\/\\\/sovittelu.com\\\/vertaissovittelu\\\/wp-content\\\/uploads\\\/2025\\\/03\\\/qr-koodi.jpg\"},{\"@type\":\"BreadcrumbList\",\"@id\":\"https:\\\/\\\/sovittelu.com\\\/vertaissovittelu\\\/sovittelijapaivat-20-21-5-tampereella-restoratiivisuus-sovittelu-ja-yhteiskuntarauha\\\/#breadcrumb\",\"itemListElement\":[{\"@type\":\"ListItem\",\"position\":1,\"name\":\"Etusivu\",\"item\":\"https:\\\/\\\/sovittelu.com\\\/vertaissovittelu\\\/\"},{\"@type\":\"ListItem\",\"position\":2,\"name\":\"Sovittelijap\u00e4iv\u00e4t 20.-21.5. Tampereella: Restoratiivisuus, sovittelu ja yhteiskuntarauha\"}]},{\"@type\":\"WebSite\",\"@id\":\"https:\\\/\\\/sovittelu.com\\\/vertaissovittelu\\\/#website\",\"url\":\"https:\\\/\\\/sovittelu.com\\\/vertaissovittelu\\\/\",\"name\":\"VERSO-ohjelma\",\"description\":\"Vertaissovitteluohjelma\",\"publisher\":{\"@id\":\"https:\\\/\\\/sovittelu.com\\\/vertaissovittelu\\\/#organization\"},\"potentialAction\":[{\"@type\":\"SearchAction\",\"target\":{\"@type\":\"EntryPoint\",\"urlTemplate\":\"https:\\\/\\\/sovittelu.com\\\/vertaissovittelu\\\/?s={search_term_string}\"},\"query-input\":{\"@type\":\"PropertyValueSpecification\",\"valueRequired\":true,\"valueName\":\"search_term_string\"}}],\"inLanguage\":\"sv-SE\"},{\"@type\":\"Organization\",\"@id\":\"https:\\\/\\\/sovittelu.com\\\/vertaissovittelu\\\/#organization\",\"name\":\"VERSO-ohjelma\",\"url\":\"https:\\\/\\\/sovittelu.com\\\/vertaissovittelu\\\/\",\"logo\":{\"@type\":\"ImageObject\",\"inLanguage\":\"sv-SE\",\"@id\":\"https:\\\/\\\/sovittelu.com\\\/vertaissovittelu\\\/#\\\/schema\\\/logo\\\/image\\\/\",\"url\":\"https:\\\/\\\/sovittelu.com\\\/vertaissovittelu\\\/wp-content\\\/uploads\\\/2026\\\/01\\\/verso_ikoni_512x512px.png\",\"contentUrl\":\"https:\\\/\\\/sovittelu.com\\\/vertaissovittelu\\\/wp-content\\\/uploads\\\/2026\\\/01\\\/verso_ikoni_512x512px.png\",\"width\":512,\"height\":512,\"caption\":\"VERSO-ohjelma\"},\"image\":{\"@id\":\"https:\\\/\\\/sovittelu.com\\\/vertaissovittelu\\\/#\\\/schema\\\/logo\\\/image\\\/\"},\"sameAs\":[\"https:\\\/\\\/www.facebook.com\\\/VERSOsovittelu\",\"https:\\\/\\\/www.instagram.com\\\/verso_sovittelu\\\/\"]},{\"@type\":\"Person\",\"@id\":\"https:\\\/\\\/sovittelu.com\\\/vertaissovittelu\\\/#\\\/schema\\\/person\\\/7cf9dc57a10e1fba817a3f9f9cf56494\",\"name\":\"Nina Huhtinen\",\"url\":\"https:\\\/\\\/sovittelu.com\\\/vertaissovittelu\\\/sv\\\/author\\\/nina\\\/\"}]}<\/script>\n<!-- \/ Yoast SEO plugin. -->","yoast_head_json":{"title":"Mediators Days 20-21 maj i Tammerfors: reparativ r\u00e4ttvisa, medling och social fred | Verso","robots":{"index":"index","follow":"follow","max-snippet":"max-snippet:-1","max-image-preview":"max-image-preview:large","max-video-preview":"max-video-preview:-1"},"canonical":"https:\/\/sovittelu.com\/vertaissovittelu\/sv\/medlarnas-dagar-20-21-5-i-tammerfors-aterupprattelse-medling-och-social-fred\/","og_locale":"sv_SE","og_type":"article","og_title":"Sovittelijap\u00e4iv\u00e4t 20.-21.5. Tampereella: Restoratiivisuus, sovittelu ja yhteiskuntarauha | Verso","og_description":"Tervetuloa Sovittelijap\u00e4iville 2025 Tampereelle! P\u00e4ivien aikana tarkastellaan yhteiskunnan haastavia, hiljaisia ja n\u00e4kyvi\u00e4 ilmi\u00f6it\u00e4 sek\u00e4 sovittelun ett\u00e4 muiden restoratiivisten menettelyjen merkityst\u00e4, kun autetaan yksil\u00f6it\u00e4 ja yhteis\u00f6j\u00e4 erilaisten j\u00e4nnitteiden, konfliktien ja rikosten k\u00e4sittelyss\u00e4.&nbsp;Kaksip\u00e4iv\u00e4isen tapahtuman ohjelmaan kuuluu alustuspuheenvuoroja, dialogisia paneelikeskusteluja, monipuolisia ty\u00f6pajoja ja mahdollisuuksia keskusteluun ja verkostoitumiseen. Sovittelijap\u00e4ivien 2025 teema tuo mukaan sovittelun kent\u00e4n lis\u00e4ksi muita yhteiskunnan toimijoita,...","og_url":"https:\/\/sovittelu.com\/vertaissovittelu\/sv\/medlarnas-dagar-20-21-5-i-tammerfors-aterupprattelse-medling-och-social-fred\/","og_site_name":"Verso","article_publisher":"https:\/\/www.facebook.com\/VERSOsovittelu","article_published_time":"2025-03-07T08:29:49+00:00","article_modified_time":"2025-12-17T08:43:50+00:00","og_image":[{"width":190,"height":174,"url":"https:\/\/sovittelu.com\/vertaissovittelu\/wp-content\/uploads\/2025\/03\/qr-koodi.jpg","type":"image\/jpeg"}],"author":"Nina Huhtinen","twitter_card":"summary_large_image","twitter_misc":{"Skriven av":"Nina Huhtinen","Ber\u00e4knad l\u00e4stid":"3 minuter"},"schema":{"@context":"https:\/\/schema.org","@graph":[{"@type":"Article","@id":"https:\/\/sovittelu.com\/vertaissovittelu\/sovittelijapaivat-20-21-5-tampereella-restoratiivisuus-sovittelu-ja-yhteiskuntarauha\/#article","isPartOf":{"@id":"https:\/\/sovittelu.com\/vertaissovittelu\/sovittelijapaivat-20-21-5-tampereella-restoratiivisuus-sovittelu-ja-yhteiskuntarauha\/"},"author":{"name":"Nina Huhtinen","@id":"https:\/\/sovittelu.com\/vertaissovittelu\/#\/schema\/person\/7cf9dc57a10e1fba817a3f9f9cf56494"},"headline":"Sovittelijap\u00e4iv\u00e4t 20.-21.5. Tampereella: Restoratiivisuus, sovittelu ja yhteiskuntarauha","datePublished":"2025-03-07T08:29:49+00:00","dateModified":"2025-12-17T08:43:50+00:00","mainEntityOfPage":{"@id":"https:\/\/sovittelu.com\/vertaissovittelu\/sovittelijapaivat-20-21-5-tampereella-restoratiivisuus-sovittelu-ja-yhteiskuntarauha\/"},"wordCount":361,"publisher":{"@id":"https:\/\/sovittelu.com\/vertaissovittelu\/#organization"},"image":{"@id":"https:\/\/sovittelu.com\/vertaissovittelu\/sovittelijapaivat-20-21-5-tampereella-restoratiivisuus-sovittelu-ja-yhteiskuntarauha\/#primaryimage"},"thumbnailUrl":"https:\/\/sovittelu.com\/vertaissovittelu\/wp-content\/uploads\/2025\/03\/qr-koodi.jpg","keywords":["2025","esiseminaari","konferenssi","restoratiivisuus","Sovittelijap\u00e4iv\u00e4t","sovittelu","yhteiskuntarauha"],"articleSection":["Yleinen"],"inLanguage":"sv-SE"},{"@type":"WebPage","@id":"https:\/\/sovittelu.com\/vertaissovittelu\/sovittelijapaivat-20-21-5-tampereella-restoratiivisuus-sovittelu-ja-yhteiskuntarauha\/","url":"https:\/\/sovittelu.com\/vertaissovittelu\/sovittelijapaivat-20-21-5-tampereella-restoratiivisuus-sovittelu-ja-yhteiskuntarauha\/","name":"Mediators Days 20-21 maj i Tammerfors: reparativ r\u00e4ttvisa, medling och social fred | Verso","isPartOf":{"@id":"https:\/\/sovittelu.com\/vertaissovittelu\/#website"},"primaryImageOfPage":{"@id":"https:\/\/sovittelu.com\/vertaissovittelu\/sovittelijapaivat-20-21-5-tampereella-restoratiivisuus-sovittelu-ja-yhteiskuntarauha\/#primaryimage"},"image":{"@id":"https:\/\/sovittelu.com\/vertaissovittelu\/sovittelijapaivat-20-21-5-tampereella-restoratiivisuus-sovittelu-ja-yhteiskuntarauha\/#primaryimage"},"thumbnailUrl":"https:\/\/sovittelu.com\/vertaissovittelu\/wp-content\/uploads\/2025\/03\/qr-koodi.jpg","datePublished":"2025-03-07T08:29:49+00:00","dateModified":"2025-12-17T08:43:50+00:00","breadcrumb":{"@id":"https:\/\/sovittelu.com\/vertaissovittelu\/sovittelijapaivat-20-21-5-tampereella-restoratiivisuus-sovittelu-ja-yhteiskuntarauha\/#breadcrumb"},"inLanguage":"sv-SE","potentialAction":[{"@type":"ReadAction","target":["https:\/\/sovittelu.com\/vertaissovittelu\/sovittelijapaivat-20-21-5-tampereella-restoratiivisuus-sovittelu-ja-yhteiskuntarauha\/"]}]},{"@type":"ImageObject","inLanguage":"sv-SE","@id":"https:\/\/sovittelu.com\/vertaissovittelu\/sovittelijapaivat-20-21-5-tampereella-restoratiivisuus-sovittelu-ja-yhteiskuntarauha\/#primaryimage","url":"https:\/\/sovittelu.com\/vertaissovittelu\/wp-content\/uploads\/2025\/03\/qr-koodi.jpg","contentUrl":"https:\/\/sovittelu.com\/vertaissovittelu\/wp-content\/uploads\/2025\/03\/qr-koodi.jpg"},{"@type":"BreadcrumbList","@id":"https:\/\/sovittelu.com\/vertaissovittelu\/sovittelijapaivat-20-21-5-tampereella-restoratiivisuus-sovittelu-ja-yhteiskuntarauha\/#breadcrumb","itemListElement":[{"@type":"ListItem","position":1,"name":"Etusivu","item":"https:\/\/sovittelu.com\/vertaissovittelu\/"},{"@type":"ListItem","position":2,"name":"Sovittelijap\u00e4iv\u00e4t 20.-21.5. Tampereella: Restoratiivisuus, sovittelu ja yhteiskuntarauha"}]},{"@type":"WebSite","@id":"https:\/\/sovittelu.com\/vertaissovittelu\/#website","url":"https:\/\/sovittelu.com\/vertaissovittelu\/","name":"VERSO-programmet","description":"Program f\u00f6r kamratmedling","publisher":{"@id":"https:\/\/sovittelu.com\/vertaissovittelu\/#organization"},"potentialAction":[{"@type":"SearchAction","target":{"@type":"EntryPoint","urlTemplate":"https:\/\/sovittelu.com\/vertaissovittelu\/?s={search_term_string}"},"query-input":{"@type":"PropertyValueSpecification","valueRequired":true,"valueName":"search_term_string"}}],"inLanguage":"sv-SE"},{"@type":"Organization","@id":"https:\/\/sovittelu.com\/vertaissovittelu\/#organization","name":"VERSO-programmet","url":"https:\/\/sovittelu.com\/vertaissovittelu\/","logo":{"@type":"ImageObject","inLanguage":"sv-SE","@id":"https:\/\/sovittelu.com\/vertaissovittelu\/#\/schema\/logo\/image\/","url":"https:\/\/sovittelu.com\/vertaissovittelu\/wp-content\/uploads\/2026\/01\/verso_ikoni_512x512px.png","contentUrl":"https:\/\/sovittelu.com\/vertaissovittelu\/wp-content\/uploads\/2026\/01\/verso_ikoni_512x512px.png","width":512,"height":512,"caption":"VERSO-ohjelma"},"image":{"@id":"https:\/\/sovittelu.com\/vertaissovittelu\/#\/schema\/logo\/image\/"},"sameAs":["https:\/\/www.facebook.com\/VERSOsovittelu","https:\/\/www.instagram.com\/verso_sovittelu\/"]},{"@type":"Person","@id":"https:\/\/sovittelu.com\/vertaissovittelu\/#\/schema\/person\/7cf9dc57a10e1fba817a3f9f9cf56494","name":"Nina Huhtinen","url":"https:\/\/sovittelu.com\/vertaissovittelu\/sv\/author\/nina\/"}]}},"_links":{"self":[{"href":"https:\/\/sovittelu.com\/vertaissovittelu\/sv\/wp-json\/wp\/v2\/posts\/4834","targetHints":{"allow":["GET"]}}],"collection":[{"href":"https:\/\/sovittelu.com\/vertaissovittelu\/sv\/wp-json\/wp\/v2\/posts"}],"about":[{"href":"https:\/\/sovittelu.com\/vertaissovittelu\/sv\/wp-json\/wp\/v2\/types\/post"}],"author":[{"embeddable":true,"href":"https:\/\/sovittelu.com\/vertaissovittelu\/sv\/wp-json\/wp\/v2\/users\/14"}],"replies":[{"embeddable":true,"href":"https:\/\/sovittelu.com\/vertaissovittelu\/sv\/wp-json\/wp\/v2\/comments?post=4834"}],"version-history":[{"count":0,"href":"https:\/\/sovittelu.com\/vertaissovittelu\/sv\/wp-json\/wp\/v2\/posts\/4834\/revisions"}],"wp:attachment":[{"href":"https:\/\/sovittelu.com\/vertaissovittelu\/sv\/wp-json\/wp\/v2\/media?parent=4834"}],"wp:term":[{"taxonomy":"category","embeddable":true,"href":"https:\/\/sovittelu.com\/vertaissovittelu\/sv\/wp-json\/wp\/v2\/categories?post=4834"},{"taxonomy":"post_tag","embeddable":true,"href":"https:\/\/sovittelu.com\/vertaissovittelu\/sv\/wp-json\/wp\/v2\/tags?post=4834"}],"curies":[{"name":"wp","href":"https:\/\/api.w.org\/{rel}","templated":true}]}}