{"id":4808,"date":"2025-02-03T13:40:06","date_gmt":"2025-02-03T11:40:06","guid":{"rendered":"https:\/\/sovittelu.com\/vertaissovittelu\/?p=4808"},"modified":"2025-11-23T21:59:19","modified_gmt":"2025-11-23T19:59:19","slug":"janne-johansson-verso-programdirektor-versos-tradition-av-val-mot-framtiden","status":"publish","type":"post","link":"https:\/\/sovittelu.com\/vertaissovittelu\/sv\/janne-johansson-verso-ohjelman-ohjelmajohtajaksi-verson-perinteita-vaalien-kohti-tulevaisuutta\/","title":{"rendered":"Janne Johansson som VERSO-programchef: \u201dFostrar VERSO:s tradition mot framtiden\u201d"},"content":{"rendered":"<figure class=\"wp-block-image size-large is-resized\"><img loading=\"lazy\" decoding=\"async\" width=\"768\" height=\"1024\" src=\"https:\/\/sovittelu.com\/vertaissovittelu\/wp-content\/uploads\/2025\/11\/jj-768x1024.jpg\" alt=\"\" class=\"wp-image-9748\" style=\"aspect-ratio:1;object-fit:cover;width:244px;height:auto\" srcset=\"https:\/\/sovittelu.com\/vertaissovittelu\/wp-content\/uploads\/2025\/11\/jj-768x1024.jpg 768w, https:\/\/sovittelu.com\/vertaissovittelu\/wp-content\/uploads\/2025\/11\/jj-375x500.jpg 375w, https:\/\/sovittelu.com\/vertaissovittelu\/wp-content\/uploads\/2025\/11\/jj.jpg 900w\" sizes=\"auto, (max-width: 768px) 100vw, 768px\" \/><\/figure>\n\n\n\n<p>Jag b\u00f6rjade som programchef f\u00f6r VERSO-programmet i b\u00f6rjan av 2025. Det h\u00e4r \u00e4r ett historiskt \u00f6gonblick f\u00f6r programmet, eftersom dess grundare, utvecklare och forskare Maija Gellin l\u00e4mnar det efter en banbrytande karri\u00e4r p\u00e5 n\u00e4stan 25 \u00e5r. Hon kommer nu att forts\u00e4tta att arbeta med reparativa metoder och medling i en annan roll - i sin v\u00e4lf\u00f6rtj\u00e4nta pension.<\/p>\n\n\n\n<p>I det h\u00e4r l\u00e4get skulle man kunna s\u00e4ga att \u201ddet finns stora st\u00f6vlar att fylla\u201d. I sj\u00e4lva verket kan ingen fylla Maijas st\u00f6vlar. Ingen har n\u00e5gonsin haft ett s\u00e5dant h\u00e4r jobb tidigare. Maija har skapat en helt ny modell f\u00f6r utbildningsbranschen genom att erbjuda barn och ungdomar och de yrkesgrupper som arbetar med dem verktyg f\u00f6r vardagliga situationer som ger m\u00e4nsklig n\u00e4rvaro och st\u00f6d f\u00f6r utveckling.<\/p>\n\n\n\n<p>Denna modell st\u00f6der inl\u00e4rning och ut\u00f6vande av dessa f\u00e4rdigheter tillsammans med hela samh\u00e4llet och v\u00e4rdes\u00e4tter alla samh\u00e4llsmedlemmar och deras f\u00f6rm\u00e5gor. Den lyfter fram konflikter som ett verktyg f\u00f6r samh\u00e4llets v\u00e4lbefinnande och g\u00f6r det m\u00f6jligt att hantera dessa situationer p\u00e5 ett positivt s\u00e4tt och l\u00e4ra sig av dem genom medling. Unik. Ut\u00f6ver modellen har Maija ocks\u00e5 lyckats bygga upp en stark kultur f\u00f6r reparativt arbete inom programmet.<\/p>\n\n\n\n<p>Naturligtvis \u00e4r den h\u00e4r typen av arbete inte en individuell insats. Under \u00e5rens lopp har det utf\u00f6rts av ett v\u00e4xande antal h\u00e4ngivna och passionerade m\u00e4nniskor. M\u00e5nga har rest en bit p\u00e5 v\u00e4gen, delat med sig av sin expertis och l\u00e4mnat sina egna unika och v\u00e4rdefulla sp\u00e5r i VERSOs historia. Det \u00e4r denna l\u00e5nga historia som g\u00f6r VERSO till en s\u00e5 speciell plats att arbeta p\u00e5.<\/p>\n\n\n\n<p>Den nuvarande VERSO-personalen \u00e4r en del av denna helhet, som har byggts upp och f\u00f6rfinats under \u00e5rens lopp. I dag \u00e4r vi ett synnerligen erfaret och kompetent team: vi har tillsammans mer \u00e4n 73 \u00e5rs erfarenhet av att arbeta med VERSO-programmet! V\u00e5r fr\u00e4msta f\u00f6renande faktor \u00e4r en stark \u00f6nskan att fr\u00e4mja barns r\u00e4ttigheter och att st\u00f6dja det v\u00e4rdefulla arbete som utf\u00f6rs inom utbildning och fortbildning.<\/p>\n\n\n\n<p>De viktigaste akt\u00f6rerna i VERSO-programmet \u00e4r m\u00e4nniskorna p\u00e5 f\u00e4ltet. Barnen, ungdomarna och de vuxna som tillsammans p\u00e5 m\u00e5nga olika s\u00e4tt fr\u00e4mjar goda m\u00f6ten i vardagen och bygger upp en \u00e5teruppr\u00e4ttande kultur och medling inom sm\u00e5barnspedagogiken och i skolorna. Det \u00e4r ett privilegium att f\u00e5 arbeta med er och att f\u00e5 bygga en b\u00e4ttre v\u00e4rld.<\/p>\n\n\n\n<p>Jag anser att programchefens roll - ut\u00f6ver den praktiska ledningen - \u00e4r att se till att den restorativa arbetskultur som byggts upp och v\u00e5rdats under \u00e5ren i programmet uppr\u00e4tth\u00e5lls. Denna kultur bygger p\u00e5 att man l\u00e5ter allas potential komma fram i en respektfull och uppskattande gemenskap, b\u00e5de i goda tider och mitt i konflikter. Det \u00e4r just denna kultur som VERSO-programmet syftar till att f\u00f6rst\u00e4rka i de enheter vi utbildar. Vi kommer att forts\u00e4tta att h\u00e5lla ut och utveckla detta arbete med samma entusiasm och engagemang som programmet har visat under 25 \u00e5r. Det \u00e4r vad vi g\u00f6r!<\/p>\n\n\n\n<p>Janne Johansson<\/p>\n\n\n\n<p>Programchef, VERSO-programmet<\/p>","protected":false},"excerpt":{"rendered":"<p>Jag b\u00f6rjade som programchef f\u00f6r VERSO-programmet i b\u00f6rjan av 2025. Det h\u00e4r \u00e4r ett historiskt \u00f6gonblick f\u00f6r programmet, eftersom dess grundare, utvecklare och forskare Maija Gellin l\u00e4mnar det efter en banbrytande karri\u00e4r p\u00e5 n\u00e4stan 25 \u00e5r. Hon kommer nu att forts\u00e4tta arbeta med reparativa metoder och medling i en annan roll - i sin v\u00e4lf\u00f6rtj\u00e4nta pension. Vid det h\u00e4r laget skulle man kunna s\u00e4ga att \u201ddet finns stora st\u00f6vlar att fylla\u201d. Faktum \u00e4r att Maijas st\u00f6vlar inte \u00e4r...<\/p>","protected":false},"author":7,"featured_media":0,"comment_status":"closed","ping_status":"closed","sticky":false,"template":"","format":"standard","meta":{"_kad_post_transparent":"","_kad_post_title":"","_kad_post_layout":"","_kad_post_sidebar_id":"","_kad_post_content_style":"","_kad_post_vertical_padding":"","_kad_post_feature":"","_kad_post_feature_position":"","_kad_post_header":false,"_kad_post_footer":false,"_kad_post_classname":"","footnotes":""},"categories":[1],"tags":[202,44,201,41,25,87,96],"class_list":["post-4808","post","type-post","status-publish","format-standard","hentry","category-yleinen","tag-janne-johansson","tag-maija-gellin","tag-ohjelmajohtaja","tag-restoratiivisuus","tag-sovittelu","tag-verso","tag-verso-ohjelma"],"yoast_head":"<!-- This site is optimized with the Yoast SEO plugin v27.5 - https:\/\/yoast.com\/product\/yoast-seo-wordpress\/ -->\n<title>Janne Johansson VERSO-ohjelman ohjelmajohtajaksi: \u201dVerson perinteit\u00e4 vaalien kohti tulevaisuutta\u201d | Verso<\/title>\n<meta name=\"robots\" content=\"index, follow, max-snippet:-1, max-image-preview:large, max-video-preview:-1\" \/>\n<link rel=\"canonical\" href=\"https:\/\/sovittelu.com\/vertaissovittelu\/sv\/janne-johansson-verso-programdirektor-versos-tradition-av-val-mot-framtiden\/\" \/>\n<meta property=\"og:locale\" content=\"sv_SE\" \/>\n<meta property=\"og:type\" content=\"article\" \/>\n<meta property=\"og:title\" content=\"Janne Johansson VERSO-ohjelman ohjelmajohtajaksi: \u201dVerson perinteit\u00e4 vaalien kohti tulevaisuutta\u201d | Verso\" \/>\n<meta property=\"og:description\" content=\"Aloitin VERSO-ohjelman ohjelmajohtajana vuoden 2025 alusta. Hetki on ohjelmalle historiallinen, sill\u00e4 ohjelman perustaja, kehitt\u00e4j\u00e4 ja tutkija Maija Gellin j\u00e4tti teht\u00e4v\u00e4n l\u00e4hes 25 vuoden uraauurtavan ty\u00f6rupeaman p\u00e4\u00e4tteeksi. H\u00e4n saa nyt jatkaa restoratiivisen l\u00e4hestymistavan ja sovittelun parissa eri roolista k\u00e4sin \u2013 hyvin ansaituilla el\u00e4kep\u00e4ivill\u00e4\u00e4n. T\u00e4ss\u00e4 kohdassa voisi todeta, ett\u00e4 \u201dj\u00e4i isot saappaat t\u00e4ytett\u00e4viksi\u201d. Tosiasiassa Maijan saappaita ei...\" \/>\n<meta property=\"og:url\" content=\"https:\/\/sovittelu.com\/vertaissovittelu\/sv\/janne-johansson-verso-programdirektor-versos-tradition-av-val-mot-framtiden\/\" \/>\n<meta property=\"og:site_name\" content=\"Verso\" \/>\n<meta property=\"article:publisher\" content=\"https:\/\/www.facebook.com\/VERSOsovittelu\" \/>\n<meta property=\"article:published_time\" content=\"2025-02-03T11:40:06+00:00\" \/>\n<meta property=\"article:modified_time\" content=\"2025-11-23T19:59:19+00:00\" \/>\n<meta property=\"og:image\" content=\"https:\/\/sovittelu.com\/vertaissovittelu\/wp-content\/uploads\/2025\/11\/jj.jpg\" \/>\n\t<meta property=\"og:image:width\" content=\"900\" \/>\n\t<meta property=\"og:image:height\" content=\"1200\" \/>\n\t<meta property=\"og:image:type\" content=\"image\/jpeg\" \/>\n<meta name=\"author\" content=\"Janne Johansson\" \/>\n<meta name=\"twitter:card\" content=\"summary_large_image\" \/>\n<meta name=\"twitter:label1\" content=\"Skriven av\" \/>\n\t<meta name=\"twitter:data1\" content=\"Janne Johansson\" \/>\n\t<meta name=\"twitter:label2\" content=\"Ber\u00e4knad l\u00e4stid\" \/>\n\t<meta name=\"twitter:data2\" content=\"3 minuter\" \/>\n<script type=\"application\/ld+json\" class=\"yoast-schema-graph\">{\"@context\":\"https:\\\/\\\/schema.org\",\"@graph\":[{\"@type\":\"Article\",\"@id\":\"https:\\\/\\\/sovittelu.com\\\/vertaissovittelu\\\/janne-johansson-verso-ohjelman-ohjelmajohtajaksi-verson-perinteita-vaalien-kohti-tulevaisuutta\\\/#article\",\"isPartOf\":{\"@id\":\"https:\\\/\\\/sovittelu.com\\\/vertaissovittelu\\\/janne-johansson-verso-ohjelman-ohjelmajohtajaksi-verson-perinteita-vaalien-kohti-tulevaisuutta\\\/\"},\"author\":{\"name\":\"Janne Johansson\",\"@id\":\"https:\\\/\\\/sovittelu.com\\\/vertaissovittelu\\\/#\\\/schema\\\/person\\\/be71eed9c767e02a2177516f2dcbb1b8\"},\"headline\":\"Janne Johansson VERSO-ohjelman ohjelmajohtajaksi: \u201dVerson perinteit\u00e4 vaalien kohti tulevaisuutta\u201d\",\"datePublished\":\"2025-02-03T11:40:06+00:00\",\"dateModified\":\"2025-11-23T19:59:19+00:00\",\"mainEntityOfPage\":{\"@id\":\"https:\\\/\\\/sovittelu.com\\\/vertaissovittelu\\\/janne-johansson-verso-ohjelman-ohjelmajohtajaksi-verson-perinteita-vaalien-kohti-tulevaisuutta\\\/\"},\"wordCount\":458,\"publisher\":{\"@id\":\"https:\\\/\\\/sovittelu.com\\\/vertaissovittelu\\\/#organization\"},\"image\":{\"@id\":\"https:\\\/\\\/sovittelu.com\\\/vertaissovittelu\\\/janne-johansson-verso-ohjelman-ohjelmajohtajaksi-verson-perinteita-vaalien-kohti-tulevaisuutta\\\/#primaryimage\"},\"thumbnailUrl\":\"https:\\\/\\\/sovittelu.com\\\/vertaissovittelu\\\/wp-content\\\/uploads\\\/2025\\\/11\\\/jj-768x1024.jpg\",\"keywords\":[\"janne johansson\",\"maija gellin\",\"ohjelmajohtaja\",\"restoratiivisuus\",\"sovittelu\",\"verso\",\"VERSO-ohjelma\"],\"articleSection\":[\"Yleinen\"],\"inLanguage\":\"sv-SE\"},{\"@type\":\"WebPage\",\"@id\":\"https:\\\/\\\/sovittelu.com\\\/vertaissovittelu\\\/janne-johansson-verso-ohjelman-ohjelmajohtajaksi-verson-perinteita-vaalien-kohti-tulevaisuutta\\\/\",\"url\":\"https:\\\/\\\/sovittelu.com\\\/vertaissovittelu\\\/janne-johansson-verso-ohjelman-ohjelmajohtajaksi-verson-perinteita-vaalien-kohti-tulevaisuutta\\\/\",\"name\":\"Janne Johansson VERSO-ohjelman ohjelmajohtajaksi: \u201dVerson perinteit\u00e4 vaalien kohti tulevaisuutta\u201d | Verso\",\"isPartOf\":{\"@id\":\"https:\\\/\\\/sovittelu.com\\\/vertaissovittelu\\\/#website\"},\"primaryImageOfPage\":{\"@id\":\"https:\\\/\\\/sovittelu.com\\\/vertaissovittelu\\\/janne-johansson-verso-ohjelman-ohjelmajohtajaksi-verson-perinteita-vaalien-kohti-tulevaisuutta\\\/#primaryimage\"},\"image\":{\"@id\":\"https:\\\/\\\/sovittelu.com\\\/vertaissovittelu\\\/janne-johansson-verso-ohjelman-ohjelmajohtajaksi-verson-perinteita-vaalien-kohti-tulevaisuutta\\\/#primaryimage\"},\"thumbnailUrl\":\"https:\\\/\\\/sovittelu.com\\\/vertaissovittelu\\\/wp-content\\\/uploads\\\/2025\\\/11\\\/jj-768x1024.jpg\",\"datePublished\":\"2025-02-03T11:40:06+00:00\",\"dateModified\":\"2025-11-23T19:59:19+00:00\",\"breadcrumb\":{\"@id\":\"https:\\\/\\\/sovittelu.com\\\/vertaissovittelu\\\/janne-johansson-verso-ohjelman-ohjelmajohtajaksi-verson-perinteita-vaalien-kohti-tulevaisuutta\\\/#breadcrumb\"},\"inLanguage\":\"sv-SE\",\"potentialAction\":[{\"@type\":\"ReadAction\",\"target\":[\"https:\\\/\\\/sovittelu.com\\\/vertaissovittelu\\\/janne-johansson-verso-ohjelman-ohjelmajohtajaksi-verson-perinteita-vaalien-kohti-tulevaisuutta\\\/\"]}]},{\"@type\":\"ImageObject\",\"inLanguage\":\"sv-SE\",\"@id\":\"https:\\\/\\\/sovittelu.com\\\/vertaissovittelu\\\/janne-johansson-verso-ohjelman-ohjelmajohtajaksi-verson-perinteita-vaalien-kohti-tulevaisuutta\\\/#primaryimage\",\"url\":\"https:\\\/\\\/sovittelu.com\\\/vertaissovittelu\\\/wp-content\\\/uploads\\\/2025\\\/11\\\/jj-768x1024.jpg\",\"contentUrl\":\"https:\\\/\\\/sovittelu.com\\\/vertaissovittelu\\\/wp-content\\\/uploads\\\/2025\\\/11\\\/jj-768x1024.jpg\"},{\"@type\":\"BreadcrumbList\",\"@id\":\"https:\\\/\\\/sovittelu.com\\\/vertaissovittelu\\\/janne-johansson-verso-ohjelman-ohjelmajohtajaksi-verson-perinteita-vaalien-kohti-tulevaisuutta\\\/#breadcrumb\",\"itemListElement\":[{\"@type\":\"ListItem\",\"position\":1,\"name\":\"Etusivu\",\"item\":\"https:\\\/\\\/sovittelu.com\\\/vertaissovittelu\\\/\"},{\"@type\":\"ListItem\",\"position\":2,\"name\":\"Janne Johansson VERSO-ohjelman ohjelmajohtajaksi: \u201dVerson perinteit\u00e4 vaalien kohti tulevaisuutta\u201d\"}]},{\"@type\":\"WebSite\",\"@id\":\"https:\\\/\\\/sovittelu.com\\\/vertaissovittelu\\\/#website\",\"url\":\"https:\\\/\\\/sovittelu.com\\\/vertaissovittelu\\\/\",\"name\":\"VERSO-ohjelma\",\"description\":\"Vertaissovitteluohjelma\",\"publisher\":{\"@id\":\"https:\\\/\\\/sovittelu.com\\\/vertaissovittelu\\\/#organization\"},\"potentialAction\":[{\"@type\":\"SearchAction\",\"target\":{\"@type\":\"EntryPoint\",\"urlTemplate\":\"https:\\\/\\\/sovittelu.com\\\/vertaissovittelu\\\/?s={search_term_string}\"},\"query-input\":{\"@type\":\"PropertyValueSpecification\",\"valueRequired\":true,\"valueName\":\"search_term_string\"}}],\"inLanguage\":\"sv-SE\"},{\"@type\":\"Organization\",\"@id\":\"https:\\\/\\\/sovittelu.com\\\/vertaissovittelu\\\/#organization\",\"name\":\"VERSO-ohjelma\",\"url\":\"https:\\\/\\\/sovittelu.com\\\/vertaissovittelu\\\/\",\"logo\":{\"@type\":\"ImageObject\",\"inLanguage\":\"sv-SE\",\"@id\":\"https:\\\/\\\/sovittelu.com\\\/vertaissovittelu\\\/#\\\/schema\\\/logo\\\/image\\\/\",\"url\":\"https:\\\/\\\/sovittelu.com\\\/vertaissovittelu\\\/wp-content\\\/uploads\\\/2026\\\/01\\\/verso_ikoni_512x512px.png\",\"contentUrl\":\"https:\\\/\\\/sovittelu.com\\\/vertaissovittelu\\\/wp-content\\\/uploads\\\/2026\\\/01\\\/verso_ikoni_512x512px.png\",\"width\":512,\"height\":512,\"caption\":\"VERSO-ohjelma\"},\"image\":{\"@id\":\"https:\\\/\\\/sovittelu.com\\\/vertaissovittelu\\\/#\\\/schema\\\/logo\\\/image\\\/\"},\"sameAs\":[\"https:\\\/\\\/www.facebook.com\\\/VERSOsovittelu\",\"https:\\\/\\\/www.instagram.com\\\/verso_sovittelu\\\/\"]},{\"@type\":\"Person\",\"@id\":\"https:\\\/\\\/sovittelu.com\\\/vertaissovittelu\\\/#\\\/schema\\\/person\\\/be71eed9c767e02a2177516f2dcbb1b8\",\"name\":\"Janne Johansson\",\"url\":\"https:\\\/\\\/sovittelu.com\\\/vertaissovittelu\\\/sv\\\/author\\\/janne\\\/\"}]}<\/script>\n<!-- \/ Yoast SEO plugin. -->","yoast_head_json":{"title":"Janne Johansson som VERSO:s programdirekt\u00f6r: \u201dAtt v\u00e5rda VERSO:s traditioner mot framtiden\u201d | Verso","robots":{"index":"index","follow":"follow","max-snippet":"max-snippet:-1","max-image-preview":"max-image-preview:large","max-video-preview":"max-video-preview:-1"},"canonical":"https:\/\/sovittelu.com\/vertaissovittelu\/sv\/janne-johansson-verso-programdirektor-versos-tradition-av-val-mot-framtiden\/","og_locale":"sv_SE","og_type":"article","og_title":"Janne Johansson VERSO-ohjelman ohjelmajohtajaksi: \u201dVerson perinteit\u00e4 vaalien kohti tulevaisuutta\u201d | Verso","og_description":"Aloitin VERSO-ohjelman ohjelmajohtajana vuoden 2025 alusta. Hetki on ohjelmalle historiallinen, sill\u00e4 ohjelman perustaja, kehitt\u00e4j\u00e4 ja tutkija Maija Gellin j\u00e4tti teht\u00e4v\u00e4n l\u00e4hes 25 vuoden uraauurtavan ty\u00f6rupeaman p\u00e4\u00e4tteeksi. H\u00e4n saa nyt jatkaa restoratiivisen l\u00e4hestymistavan ja sovittelun parissa eri roolista k\u00e4sin \u2013 hyvin ansaituilla el\u00e4kep\u00e4ivill\u00e4\u00e4n. T\u00e4ss\u00e4 kohdassa voisi todeta, ett\u00e4 \u201dj\u00e4i isot saappaat t\u00e4ytett\u00e4viksi\u201d. Tosiasiassa Maijan saappaita ei...","og_url":"https:\/\/sovittelu.com\/vertaissovittelu\/sv\/janne-johansson-verso-programdirektor-versos-tradition-av-val-mot-framtiden\/","og_site_name":"Verso","article_publisher":"https:\/\/www.facebook.com\/VERSOsovittelu","article_published_time":"2025-02-03T11:40:06+00:00","article_modified_time":"2025-11-23T19:59:19+00:00","og_image":[{"width":900,"height":1200,"url":"https:\/\/sovittelu.com\/vertaissovittelu\/wp-content\/uploads\/2025\/11\/jj.jpg","type":"image\/jpeg"}],"author":"Janne Johansson","twitter_card":"summary_large_image","twitter_misc":{"Skriven av":"Janne Johansson","Ber\u00e4knad l\u00e4stid":"3 minuter"},"schema":{"@context":"https:\/\/schema.org","@graph":[{"@type":"Article","@id":"https:\/\/sovittelu.com\/vertaissovittelu\/janne-johansson-verso-ohjelman-ohjelmajohtajaksi-verson-perinteita-vaalien-kohti-tulevaisuutta\/#article","isPartOf":{"@id":"https:\/\/sovittelu.com\/vertaissovittelu\/janne-johansson-verso-ohjelman-ohjelmajohtajaksi-verson-perinteita-vaalien-kohti-tulevaisuutta\/"},"author":{"name":"Janne Johansson","@id":"https:\/\/sovittelu.com\/vertaissovittelu\/#\/schema\/person\/be71eed9c767e02a2177516f2dcbb1b8"},"headline":"Janne Johansson VERSO-ohjelman ohjelmajohtajaksi: \u201dVerson perinteit\u00e4 vaalien kohti tulevaisuutta\u201d","datePublished":"2025-02-03T11:40:06+00:00","dateModified":"2025-11-23T19:59:19+00:00","mainEntityOfPage":{"@id":"https:\/\/sovittelu.com\/vertaissovittelu\/janne-johansson-verso-ohjelman-ohjelmajohtajaksi-verson-perinteita-vaalien-kohti-tulevaisuutta\/"},"wordCount":458,"publisher":{"@id":"https:\/\/sovittelu.com\/vertaissovittelu\/#organization"},"image":{"@id":"https:\/\/sovittelu.com\/vertaissovittelu\/janne-johansson-verso-ohjelman-ohjelmajohtajaksi-verson-perinteita-vaalien-kohti-tulevaisuutta\/#primaryimage"},"thumbnailUrl":"https:\/\/sovittelu.com\/vertaissovittelu\/wp-content\/uploads\/2025\/11\/jj-768x1024.jpg","keywords":["janne johansson","maija gellin","ohjelmajohtaja","restoratiivisuus","sovittelu","verso","VERSO-ohjelma"],"articleSection":["Yleinen"],"inLanguage":"sv-SE"},{"@type":"WebPage","@id":"https:\/\/sovittelu.com\/vertaissovittelu\/janne-johansson-verso-ohjelman-ohjelmajohtajaksi-verson-perinteita-vaalien-kohti-tulevaisuutta\/","url":"https:\/\/sovittelu.com\/vertaissovittelu\/janne-johansson-verso-ohjelman-ohjelmajohtajaksi-verson-perinteita-vaalien-kohti-tulevaisuutta\/","name":"Janne Johansson som VERSO:s programdirekt\u00f6r: \u201dAtt v\u00e5rda VERSO:s traditioner mot framtiden\u201d | Verso","isPartOf":{"@id":"https:\/\/sovittelu.com\/vertaissovittelu\/#website"},"primaryImageOfPage":{"@id":"https:\/\/sovittelu.com\/vertaissovittelu\/janne-johansson-verso-ohjelman-ohjelmajohtajaksi-verson-perinteita-vaalien-kohti-tulevaisuutta\/#primaryimage"},"image":{"@id":"https:\/\/sovittelu.com\/vertaissovittelu\/janne-johansson-verso-ohjelman-ohjelmajohtajaksi-verson-perinteita-vaalien-kohti-tulevaisuutta\/#primaryimage"},"thumbnailUrl":"https:\/\/sovittelu.com\/vertaissovittelu\/wp-content\/uploads\/2025\/11\/jj-768x1024.jpg","datePublished":"2025-02-03T11:40:06+00:00","dateModified":"2025-11-23T19:59:19+00:00","breadcrumb":{"@id":"https:\/\/sovittelu.com\/vertaissovittelu\/janne-johansson-verso-ohjelman-ohjelmajohtajaksi-verson-perinteita-vaalien-kohti-tulevaisuutta\/#breadcrumb"},"inLanguage":"sv-SE","potentialAction":[{"@type":"ReadAction","target":["https:\/\/sovittelu.com\/vertaissovittelu\/janne-johansson-verso-ohjelman-ohjelmajohtajaksi-verson-perinteita-vaalien-kohti-tulevaisuutta\/"]}]},{"@type":"ImageObject","inLanguage":"sv-SE","@id":"https:\/\/sovittelu.com\/vertaissovittelu\/janne-johansson-verso-ohjelman-ohjelmajohtajaksi-verson-perinteita-vaalien-kohti-tulevaisuutta\/#primaryimage","url":"https:\/\/sovittelu.com\/vertaissovittelu\/wp-content\/uploads\/2025\/11\/jj-768x1024.jpg","contentUrl":"https:\/\/sovittelu.com\/vertaissovittelu\/wp-content\/uploads\/2025\/11\/jj-768x1024.jpg"},{"@type":"BreadcrumbList","@id":"https:\/\/sovittelu.com\/vertaissovittelu\/janne-johansson-verso-ohjelman-ohjelmajohtajaksi-verson-perinteita-vaalien-kohti-tulevaisuutta\/#breadcrumb","itemListElement":[{"@type":"ListItem","position":1,"name":"Etusivu","item":"https:\/\/sovittelu.com\/vertaissovittelu\/"},{"@type":"ListItem","position":2,"name":"Janne Johansson VERSO-ohjelman ohjelmajohtajaksi: \u201dVerson perinteit\u00e4 vaalien kohti tulevaisuutta\u201d"}]},{"@type":"WebSite","@id":"https:\/\/sovittelu.com\/vertaissovittelu\/#website","url":"https:\/\/sovittelu.com\/vertaissovittelu\/","name":"VERSO-programmet","description":"Program f\u00f6r kamratmedling","publisher":{"@id":"https:\/\/sovittelu.com\/vertaissovittelu\/#organization"},"potentialAction":[{"@type":"SearchAction","target":{"@type":"EntryPoint","urlTemplate":"https:\/\/sovittelu.com\/vertaissovittelu\/?s={search_term_string}"},"query-input":{"@type":"PropertyValueSpecification","valueRequired":true,"valueName":"search_term_string"}}],"inLanguage":"sv-SE"},{"@type":"Organization","@id":"https:\/\/sovittelu.com\/vertaissovittelu\/#organization","name":"VERSO-programmet","url":"https:\/\/sovittelu.com\/vertaissovittelu\/","logo":{"@type":"ImageObject","inLanguage":"sv-SE","@id":"https:\/\/sovittelu.com\/vertaissovittelu\/#\/schema\/logo\/image\/","url":"https:\/\/sovittelu.com\/vertaissovittelu\/wp-content\/uploads\/2026\/01\/verso_ikoni_512x512px.png","contentUrl":"https:\/\/sovittelu.com\/vertaissovittelu\/wp-content\/uploads\/2026\/01\/verso_ikoni_512x512px.png","width":512,"height":512,"caption":"VERSO-ohjelma"},"image":{"@id":"https:\/\/sovittelu.com\/vertaissovittelu\/#\/schema\/logo\/image\/"},"sameAs":["https:\/\/www.facebook.com\/VERSOsovittelu","https:\/\/www.instagram.com\/verso_sovittelu\/"]},{"@type":"Person","@id":"https:\/\/sovittelu.com\/vertaissovittelu\/#\/schema\/person\/be71eed9c767e02a2177516f2dcbb1b8","name":"Janne Johansson","url":"https:\/\/sovittelu.com\/vertaissovittelu\/sv\/author\/janne\/"}]}},"_links":{"self":[{"href":"https:\/\/sovittelu.com\/vertaissovittelu\/sv\/wp-json\/wp\/v2\/posts\/4808","targetHints":{"allow":["GET"]}}],"collection":[{"href":"https:\/\/sovittelu.com\/vertaissovittelu\/sv\/wp-json\/wp\/v2\/posts"}],"about":[{"href":"https:\/\/sovittelu.com\/vertaissovittelu\/sv\/wp-json\/wp\/v2\/types\/post"}],"author":[{"embeddable":true,"href":"https:\/\/sovittelu.com\/vertaissovittelu\/sv\/wp-json\/wp\/v2\/users\/7"}],"replies":[{"embeddable":true,"href":"https:\/\/sovittelu.com\/vertaissovittelu\/sv\/wp-json\/wp\/v2\/comments?post=4808"}],"version-history":[{"count":0,"href":"https:\/\/sovittelu.com\/vertaissovittelu\/sv\/wp-json\/wp\/v2\/posts\/4808\/revisions"}],"wp:attachment":[{"href":"https:\/\/sovittelu.com\/vertaissovittelu\/sv\/wp-json\/wp\/v2\/media?parent=4808"}],"wp:term":[{"taxonomy":"category","embeddable":true,"href":"https:\/\/sovittelu.com\/vertaissovittelu\/sv\/wp-json\/wp\/v2\/categories?post=4808"},{"taxonomy":"post_tag","embeddable":true,"href":"https:\/\/sovittelu.com\/vertaissovittelu\/sv\/wp-json\/wp\/v2\/tags?post=4808"}],"curies":[{"name":"wp","href":"https:\/\/api.w.org\/{rel}","templated":true}]}}