{"id":4613,"date":"2024-11-22T12:21:25","date_gmt":"2024-11-22T10:21:25","guid":{"rendered":"https:\/\/sovittelu.com\/vertaissovittelu\/?p=4613"},"modified":"2025-12-17T10:52:57","modified_gmt":"2025-12-17T08:52:57","slug":"ronsy-webinarium-agde-rum-i-en-ljus-atmosfar-21-11-2024","status":"publish","type":"post","link":"https:\/\/sovittelu.com\/vertaissovittelu\/sv\/ronsy-webinaari-toteutui-valoisissa-merkeissa-21-11-2024\/","title":{"rendered":"R\u00d6NSYs webinarium \u00e4gde rum i en ljus atmosf\u00e4r 21.11.2024"},"content":{"rendered":"<p>VERSO-programmet deltog i den internationella veckan f\u00f6r reparativ r\u00e4ttvisa (RJ-veckan) genom att arrangera det \u00e5rliga R\u00d6NSY-webbinariet den 22.11.2024 med temat \"Glimpses of Light\". \u00c4ven om vi lever i en polariserad v\u00e4rld har vi m\u00f6jlighet att sprida ljus och \u00e5teruppr\u00e4ttelse i varje m\u00f6te! Diskussionerna och det gemensamma arbetet under evenemanget gav m\u00e5nga ljusglimtar trots de utmanande tiderna. F\u00f6r att se VERSO-programmets resultat som presenterades i webbinariet, v\u00e4nligen g\u00e5 till webbinariepresentationen <a href=\"https:\/\/sovittelu.com\/vertaissovittelu\/wp-content\/uploads\/2025\/11\/havaintoja_verso-ohjelman_vaikuttavuudesta.pdf\" target=\"_blank\" rel=\"noreferrer noopener\">Observationer om effektivitet<\/a> -diakoosteesta. Dessutom kommer vi att dela webbinariet <a href=\"https:\/\/sovittelu.com\/vertaissovittelu\/wp-content\/uploads\/2024\/11\/Padlet_kooste.pdf\" target=\"_blank\" rel=\"noreferrer noopener\">padlet-v\u00e4gg<\/a> id\u00e9er fr\u00e5n kollegor. Anv\u00e4nd informationen i ditt eget arbete ocks\u00e5!<\/p>\n\n\n<style>.kb-image4613_de9580-8c.kb-image-is-ratio-size, .kb-image4613_de9580-8c .kb-image-is-ratio-size{max-width:342px;width:100%;}.wp-block-kadence-column > .kt-inside-inner-col > .kb-image4613_de9580-8c.kb-image-is-ratio-size, .wp-block-kadence-column > .kt-inside-inner-col > .kb-image4613_de9580-8c .kb-image-is-ratio-size{align-self:unset;}.kb-image4613_de9580-8c{max-width:342px;}.image-is-svg.kb-image4613_de9580-8c{-webkit-flex:0 1 100%;flex:0 1 100%;}.image-is-svg.kb-image4613_de9580-8c img{width:100%;}.kb-image4613_de9580-8c .kb-image-has-overlay:after{opacity:0.3;}<\/style>\n<figure class=\"wp-block-kadence-image kb-image4613_de9580-8c size-full\"><img loading=\"lazy\" decoding=\"async\" width=\"800\" height=\"529\" src=\"https:\/\/sovittelu.com\/vertaissovittelu\/wp-content\/uploads\/2024\/11\/maskotit_800x529px.jpg\" alt=\"Versos maskotar\" class=\"kb-img wp-image-13277\" srcset=\"https:\/\/sovittelu.com\/vertaissovittelu\/wp-content\/uploads\/2024\/11\/maskotit_800x529px.jpg 800w, https:\/\/sovittelu.com\/vertaissovittelu\/wp-content\/uploads\/2024\/11\/maskotit_800x529px-500x331.jpg 500w, https:\/\/sovittelu.com\/vertaissovittelu\/wp-content\/uploads\/2024\/11\/maskotit_800x529px-768x508.jpg 768w\" sizes=\"auto, (max-width: 800px) 100vw, 800px\" \/><\/figure>","protected":false},"excerpt":{"rendered":"<p>VERSO-programmet deltog i den internationella veckan f\u00f6r reparativ r\u00e4ttvisa (RJ-veckan) genom att arrangera det \u00e5rliga R\u00d6NSY-webbinariet den 22.11.2024 med temat \"Glimpses of Light\". \u00c4ven om vi lever i en polariserad v\u00e4rld har vi m\u00f6jlighet att sprida ljus och \u00e5teruppr\u00e4ttelse i varje m\u00f6te! Diskussionerna och det gemensamma arbetet under evenemanget gav m\u00e5nga ljusglimtar trots de utmanande tiderna. F\u00f6r att se VERSO-programmets prestationer som presenterades i webbinariet, se bildspelet fr\u00e5n webbinariepresentationen \"Findings of Effectiveness\". Dessutom kommer vi att dela med oss av webbinariets...<\/p>","protected":false},"author":7,"featured_media":0,"comment_status":"closed","ping_status":"closed","sticky":false,"template":"","format":"standard","meta":{"_kad_post_transparent":"","_kad_post_title":"","_kad_post_layout":"","_kad_post_sidebar_id":"","_kad_post_content_style":"","_kad_post_vertical_padding":"","_kad_post_feature":"","_kad_post_feature_position":"","_kad_post_header":false,"_kad_post_footer":false,"_kad_post_classname":"","footnotes":""},"categories":[1],"tags":[],"class_list":["post-4613","post","type-post","status-publish","format-standard","hentry","category-yleinen"],"yoast_head":"<!-- This site is optimized with the Yoast SEO plugin v27.4 - https:\/\/yoast.com\/product\/yoast-seo-wordpress\/ -->\n<title>R\u00d6NSY-webinaari toteutui valoisissa merkeiss\u00e4 21.11.2024 | Verso<\/title>\n<meta name=\"robots\" content=\"index, follow, max-snippet:-1, max-image-preview:large, max-video-preview:-1\" \/>\n<link rel=\"canonical\" href=\"https:\/\/sovittelu.com\/vertaissovittelu\/sv\/ronsy-webinarium-agde-rum-i-en-ljus-atmosfar-21-11-2024\/\" \/>\n<meta property=\"og:locale\" content=\"sv_SE\" \/>\n<meta property=\"og:type\" content=\"article\" \/>\n<meta property=\"og:title\" content=\"R\u00d6NSY-webinaari toteutui valoisissa merkeiss\u00e4 21.11.2024 | Verso\" \/>\n<meta property=\"og:description\" content=\"VERSO-ohjelma osallistui kansainv\u00e4liseen Restoratiivisen oikeuden viikkoon (RJ week) toteuttaen vuotuisen R\u00d6NSY-webinaarin 22.11.2024 teemalla Valon pilkahduksia. Vaikka el\u00e4mme polarisoituneessa maailmassa on meill\u00e4 mahdollisuus jokaisessa kohtaamisessamme tuottaa valoa ja restoraatiota! Tilaisuuden keskustelut ja yhteinen ty\u00f6skentely tuotti moninaisia valonpilkahduksia haastavasta ajasta huolimatta. Webinaarissa esitettyj\u00e4 VERSO-ohjelman toteumia p\u00e4\u00e4set tarkastelmaan webinaarissa pidetyn esityksen Havaintoja vaikuttavuudesta -diakoosteesta. Lis\u00e4ksi jaamme webinaarissa kootun...\" \/>\n<meta property=\"og:url\" content=\"https:\/\/sovittelu.com\/vertaissovittelu\/sv\/ronsy-webinarium-agde-rum-i-en-ljus-atmosfar-21-11-2024\/\" \/>\n<meta property=\"og:site_name\" content=\"Verso\" \/>\n<meta property=\"article:publisher\" content=\"https:\/\/www.facebook.com\/VERSOsovittelu\" \/>\n<meta property=\"article:published_time\" content=\"2024-11-22T10:21:25+00:00\" \/>\n<meta property=\"article:modified_time\" content=\"2025-12-17T08:52:57+00:00\" \/>\n<meta property=\"og:image\" content=\"https:\/\/sovittelu.com\/vertaissovittelu\/wp-content\/uploads\/2024\/11\/maskotit_800x529px.jpg\" \/>\n\t<meta property=\"og:image:width\" content=\"800\" \/>\n\t<meta property=\"og:image:height\" content=\"529\" \/>\n\t<meta property=\"og:image:type\" content=\"image\/jpeg\" \/>\n<meta name=\"author\" content=\"Janne Johansson\" \/>\n<meta name=\"twitter:card\" content=\"summary_large_image\" \/>\n<meta name=\"twitter:label1\" content=\"Skriven av\" \/>\n\t<meta name=\"twitter:data1\" content=\"Janne Johansson\" \/>\n\t<meta name=\"twitter:label2\" content=\"Ber\u00e4knad l\u00e4stid\" \/>\n\t<meta name=\"twitter:data2\" content=\"1 minut\" \/>\n<script type=\"application\/ld+json\" class=\"yoast-schema-graph\">{\"@context\":\"https:\\\/\\\/schema.org\",\"@graph\":[{\"@type\":\"Article\",\"@id\":\"https:\\\/\\\/sovittelu.com\\\/vertaissovittelu\\\/ronsy-webinaari-toteutui-valoisissa-merkeissa-21-11-2024\\\/#article\",\"isPartOf\":{\"@id\":\"https:\\\/\\\/sovittelu.com\\\/vertaissovittelu\\\/ronsy-webinaari-toteutui-valoisissa-merkeissa-21-11-2024\\\/\"},\"author\":{\"name\":\"Janne Johansson\",\"@id\":\"https:\\\/\\\/sovittelu.com\\\/vertaissovittelu\\\/#\\\/schema\\\/person\\\/be71eed9c767e02a2177516f2dcbb1b8\"},\"headline\":\"R\u00d6NSY-webinaari toteutui valoisissa merkeiss\u00e4 21.11.2024\",\"datePublished\":\"2024-11-22T10:21:25+00:00\",\"dateModified\":\"2025-12-17T08:52:57+00:00\",\"mainEntityOfPage\":{\"@id\":\"https:\\\/\\\/sovittelu.com\\\/vertaissovittelu\\\/ronsy-webinaari-toteutui-valoisissa-merkeissa-21-11-2024\\\/\"},\"wordCount\":76,\"publisher\":{\"@id\":\"https:\\\/\\\/sovittelu.com\\\/vertaissovittelu\\\/#organization\"},\"image\":{\"@id\":\"https:\\\/\\\/sovittelu.com\\\/vertaissovittelu\\\/ronsy-webinaari-toteutui-valoisissa-merkeissa-21-11-2024\\\/#primaryimage\"},\"thumbnailUrl\":\"https:\\\/\\\/sovittelu.com\\\/vertaissovittelu\\\/wp-content\\\/uploads\\\/2024\\\/11\\\/maskotit_800x529px.jpg\",\"articleSection\":[\"Yleinen\"],\"inLanguage\":\"sv-SE\"},{\"@type\":\"WebPage\",\"@id\":\"https:\\\/\\\/sovittelu.com\\\/vertaissovittelu\\\/ronsy-webinaari-toteutui-valoisissa-merkeissa-21-11-2024\\\/\",\"url\":\"https:\\\/\\\/sovittelu.com\\\/vertaissovittelu\\\/ronsy-webinaari-toteutui-valoisissa-merkeissa-21-11-2024\\\/\",\"name\":\"R\u00d6NSY-webinaari toteutui valoisissa merkeiss\u00e4 21.11.2024 | Verso\",\"isPartOf\":{\"@id\":\"https:\\\/\\\/sovittelu.com\\\/vertaissovittelu\\\/#website\"},\"primaryImageOfPage\":{\"@id\":\"https:\\\/\\\/sovittelu.com\\\/vertaissovittelu\\\/ronsy-webinaari-toteutui-valoisissa-merkeissa-21-11-2024\\\/#primaryimage\"},\"image\":{\"@id\":\"https:\\\/\\\/sovittelu.com\\\/vertaissovittelu\\\/ronsy-webinaari-toteutui-valoisissa-merkeissa-21-11-2024\\\/#primaryimage\"},\"thumbnailUrl\":\"https:\\\/\\\/sovittelu.com\\\/vertaissovittelu\\\/wp-content\\\/uploads\\\/2024\\\/11\\\/maskotit_800x529px.jpg\",\"datePublished\":\"2024-11-22T10:21:25+00:00\",\"dateModified\":\"2025-12-17T08:52:57+00:00\",\"breadcrumb\":{\"@id\":\"https:\\\/\\\/sovittelu.com\\\/vertaissovittelu\\\/ronsy-webinaari-toteutui-valoisissa-merkeissa-21-11-2024\\\/#breadcrumb\"},\"inLanguage\":\"sv-SE\",\"potentialAction\":[{\"@type\":\"ReadAction\",\"target\":[\"https:\\\/\\\/sovittelu.com\\\/vertaissovittelu\\\/ronsy-webinaari-toteutui-valoisissa-merkeissa-21-11-2024\\\/\"]}]},{\"@type\":\"ImageObject\",\"inLanguage\":\"sv-SE\",\"@id\":\"https:\\\/\\\/sovittelu.com\\\/vertaissovittelu\\\/ronsy-webinaari-toteutui-valoisissa-merkeissa-21-11-2024\\\/#primaryimage\",\"url\":\"https:\\\/\\\/sovittelu.com\\\/vertaissovittelu\\\/wp-content\\\/uploads\\\/2024\\\/11\\\/maskotit_800x529px.jpg\",\"contentUrl\":\"https:\\\/\\\/sovittelu.com\\\/vertaissovittelu\\\/wp-content\\\/uploads\\\/2024\\\/11\\\/maskotit_800x529px.jpg\"},{\"@type\":\"BreadcrumbList\",\"@id\":\"https:\\\/\\\/sovittelu.com\\\/vertaissovittelu\\\/ronsy-webinaari-toteutui-valoisissa-merkeissa-21-11-2024\\\/#breadcrumb\",\"itemListElement\":[{\"@type\":\"ListItem\",\"position\":1,\"name\":\"Etusivu\",\"item\":\"https:\\\/\\\/sovittelu.com\\\/vertaissovittelu\\\/\"},{\"@type\":\"ListItem\",\"position\":2,\"name\":\"R\u00d6NSY-webinaari toteutui valoisissa merkeiss\u00e4 21.11.2024\"}]},{\"@type\":\"WebSite\",\"@id\":\"https:\\\/\\\/sovittelu.com\\\/vertaissovittelu\\\/#website\",\"url\":\"https:\\\/\\\/sovittelu.com\\\/vertaissovittelu\\\/\",\"name\":\"VERSO-ohjelma\",\"description\":\"Vertaissovitteluohjelma\",\"publisher\":{\"@id\":\"https:\\\/\\\/sovittelu.com\\\/vertaissovittelu\\\/#organization\"},\"potentialAction\":[{\"@type\":\"SearchAction\",\"target\":{\"@type\":\"EntryPoint\",\"urlTemplate\":\"https:\\\/\\\/sovittelu.com\\\/vertaissovittelu\\\/?s={search_term_string}\"},\"query-input\":{\"@type\":\"PropertyValueSpecification\",\"valueRequired\":true,\"valueName\":\"search_term_string\"}}],\"inLanguage\":\"sv-SE\"},{\"@type\":\"Organization\",\"@id\":\"https:\\\/\\\/sovittelu.com\\\/vertaissovittelu\\\/#organization\",\"name\":\"VERSO-ohjelma\",\"url\":\"https:\\\/\\\/sovittelu.com\\\/vertaissovittelu\\\/\",\"logo\":{\"@type\":\"ImageObject\",\"inLanguage\":\"sv-SE\",\"@id\":\"https:\\\/\\\/sovittelu.com\\\/vertaissovittelu\\\/#\\\/schema\\\/logo\\\/image\\\/\",\"url\":\"https:\\\/\\\/sovittelu.com\\\/vertaissovittelu\\\/wp-content\\\/uploads\\\/2026\\\/01\\\/verso_ikoni_512x512px.png\",\"contentUrl\":\"https:\\\/\\\/sovittelu.com\\\/vertaissovittelu\\\/wp-content\\\/uploads\\\/2026\\\/01\\\/verso_ikoni_512x512px.png\",\"width\":512,\"height\":512,\"caption\":\"VERSO-ohjelma\"},\"image\":{\"@id\":\"https:\\\/\\\/sovittelu.com\\\/vertaissovittelu\\\/#\\\/schema\\\/logo\\\/image\\\/\"},\"sameAs\":[\"https:\\\/\\\/www.facebook.com\\\/VERSOsovittelu\",\"https:\\\/\\\/www.instagram.com\\\/verso_sovittelu\\\/\"]},{\"@type\":\"Person\",\"@id\":\"https:\\\/\\\/sovittelu.com\\\/vertaissovittelu\\\/#\\\/schema\\\/person\\\/be71eed9c767e02a2177516f2dcbb1b8\",\"name\":\"Janne Johansson\",\"url\":\"https:\\\/\\\/sovittelu.com\\\/vertaissovittelu\\\/sv\\\/author\\\/janne\\\/\"}]}<\/script>\n<!-- \/ Yoast SEO plugin. -->","yoast_head_json":{"title":"R\u00d6NSY-webbinariet var en lysande h\u00e4ndelse 21.11.2024 | Verso","robots":{"index":"index","follow":"follow","max-snippet":"max-snippet:-1","max-image-preview":"max-image-preview:large","max-video-preview":"max-video-preview:-1"},"canonical":"https:\/\/sovittelu.com\/vertaissovittelu\/sv\/ronsy-webinarium-agde-rum-i-en-ljus-atmosfar-21-11-2024\/","og_locale":"sv_SE","og_type":"article","og_title":"R\u00d6NSY-webinaari toteutui valoisissa merkeiss\u00e4 21.11.2024 | Verso","og_description":"VERSO-ohjelma osallistui kansainv\u00e4liseen Restoratiivisen oikeuden viikkoon (RJ week) toteuttaen vuotuisen R\u00d6NSY-webinaarin 22.11.2024 teemalla Valon pilkahduksia. Vaikka el\u00e4mme polarisoituneessa maailmassa on meill\u00e4 mahdollisuus jokaisessa kohtaamisessamme tuottaa valoa ja restoraatiota! Tilaisuuden keskustelut ja yhteinen ty\u00f6skentely tuotti moninaisia valonpilkahduksia haastavasta ajasta huolimatta. Webinaarissa esitettyj\u00e4 VERSO-ohjelman toteumia p\u00e4\u00e4set tarkastelmaan webinaarissa pidetyn esityksen Havaintoja vaikuttavuudesta -diakoosteesta. Lis\u00e4ksi jaamme webinaarissa kootun...","og_url":"https:\/\/sovittelu.com\/vertaissovittelu\/sv\/ronsy-webinarium-agde-rum-i-en-ljus-atmosfar-21-11-2024\/","og_site_name":"Verso","article_publisher":"https:\/\/www.facebook.com\/VERSOsovittelu","article_published_time":"2024-11-22T10:21:25+00:00","article_modified_time":"2025-12-17T08:52:57+00:00","og_image":[{"width":800,"height":529,"url":"https:\/\/sovittelu.com\/vertaissovittelu\/wp-content\/uploads\/2024\/11\/maskotit_800x529px.jpg","type":"image\/jpeg"}],"author":"Janne Johansson","twitter_card":"summary_large_image","twitter_misc":{"Skriven av":"Janne Johansson","Ber\u00e4knad l\u00e4stid":"1 minut"},"schema":{"@context":"https:\/\/schema.org","@graph":[{"@type":"Article","@id":"https:\/\/sovittelu.com\/vertaissovittelu\/ronsy-webinaari-toteutui-valoisissa-merkeissa-21-11-2024\/#article","isPartOf":{"@id":"https:\/\/sovittelu.com\/vertaissovittelu\/ronsy-webinaari-toteutui-valoisissa-merkeissa-21-11-2024\/"},"author":{"name":"Janne Johansson","@id":"https:\/\/sovittelu.com\/vertaissovittelu\/#\/schema\/person\/be71eed9c767e02a2177516f2dcbb1b8"},"headline":"R\u00d6NSY-webinaari toteutui valoisissa merkeiss\u00e4 21.11.2024","datePublished":"2024-11-22T10:21:25+00:00","dateModified":"2025-12-17T08:52:57+00:00","mainEntityOfPage":{"@id":"https:\/\/sovittelu.com\/vertaissovittelu\/ronsy-webinaari-toteutui-valoisissa-merkeissa-21-11-2024\/"},"wordCount":76,"publisher":{"@id":"https:\/\/sovittelu.com\/vertaissovittelu\/#organization"},"image":{"@id":"https:\/\/sovittelu.com\/vertaissovittelu\/ronsy-webinaari-toteutui-valoisissa-merkeissa-21-11-2024\/#primaryimage"},"thumbnailUrl":"https:\/\/sovittelu.com\/vertaissovittelu\/wp-content\/uploads\/2024\/11\/maskotit_800x529px.jpg","articleSection":["Yleinen"],"inLanguage":"sv-SE"},{"@type":"WebPage","@id":"https:\/\/sovittelu.com\/vertaissovittelu\/ronsy-webinaari-toteutui-valoisissa-merkeissa-21-11-2024\/","url":"https:\/\/sovittelu.com\/vertaissovittelu\/ronsy-webinaari-toteutui-valoisissa-merkeissa-21-11-2024\/","name":"R\u00d6NSY-webbinariet var en lysande h\u00e4ndelse 21.11.2024 | Verso","isPartOf":{"@id":"https:\/\/sovittelu.com\/vertaissovittelu\/#website"},"primaryImageOfPage":{"@id":"https:\/\/sovittelu.com\/vertaissovittelu\/ronsy-webinaari-toteutui-valoisissa-merkeissa-21-11-2024\/#primaryimage"},"image":{"@id":"https:\/\/sovittelu.com\/vertaissovittelu\/ronsy-webinaari-toteutui-valoisissa-merkeissa-21-11-2024\/#primaryimage"},"thumbnailUrl":"https:\/\/sovittelu.com\/vertaissovittelu\/wp-content\/uploads\/2024\/11\/maskotit_800x529px.jpg","datePublished":"2024-11-22T10:21:25+00:00","dateModified":"2025-12-17T08:52:57+00:00","breadcrumb":{"@id":"https:\/\/sovittelu.com\/vertaissovittelu\/ronsy-webinaari-toteutui-valoisissa-merkeissa-21-11-2024\/#breadcrumb"},"inLanguage":"sv-SE","potentialAction":[{"@type":"ReadAction","target":["https:\/\/sovittelu.com\/vertaissovittelu\/ronsy-webinaari-toteutui-valoisissa-merkeissa-21-11-2024\/"]}]},{"@type":"ImageObject","inLanguage":"sv-SE","@id":"https:\/\/sovittelu.com\/vertaissovittelu\/ronsy-webinaari-toteutui-valoisissa-merkeissa-21-11-2024\/#primaryimage","url":"https:\/\/sovittelu.com\/vertaissovittelu\/wp-content\/uploads\/2024\/11\/maskotit_800x529px.jpg","contentUrl":"https:\/\/sovittelu.com\/vertaissovittelu\/wp-content\/uploads\/2024\/11\/maskotit_800x529px.jpg"},{"@type":"BreadcrumbList","@id":"https:\/\/sovittelu.com\/vertaissovittelu\/ronsy-webinaari-toteutui-valoisissa-merkeissa-21-11-2024\/#breadcrumb","itemListElement":[{"@type":"ListItem","position":1,"name":"Etusivu","item":"https:\/\/sovittelu.com\/vertaissovittelu\/"},{"@type":"ListItem","position":2,"name":"R\u00d6NSY-webinaari toteutui valoisissa merkeiss\u00e4 21.11.2024"}]},{"@type":"WebSite","@id":"https:\/\/sovittelu.com\/vertaissovittelu\/#website","url":"https:\/\/sovittelu.com\/vertaissovittelu\/","name":"VERSO-programmet","description":"Program f\u00f6r kamratmedling","publisher":{"@id":"https:\/\/sovittelu.com\/vertaissovittelu\/#organization"},"potentialAction":[{"@type":"SearchAction","target":{"@type":"EntryPoint","urlTemplate":"https:\/\/sovittelu.com\/vertaissovittelu\/?s={search_term_string}"},"query-input":{"@type":"PropertyValueSpecification","valueRequired":true,"valueName":"search_term_string"}}],"inLanguage":"sv-SE"},{"@type":"Organization","@id":"https:\/\/sovittelu.com\/vertaissovittelu\/#organization","name":"VERSO-programmet","url":"https:\/\/sovittelu.com\/vertaissovittelu\/","logo":{"@type":"ImageObject","inLanguage":"sv-SE","@id":"https:\/\/sovittelu.com\/vertaissovittelu\/#\/schema\/logo\/image\/","url":"https:\/\/sovittelu.com\/vertaissovittelu\/wp-content\/uploads\/2026\/01\/verso_ikoni_512x512px.png","contentUrl":"https:\/\/sovittelu.com\/vertaissovittelu\/wp-content\/uploads\/2026\/01\/verso_ikoni_512x512px.png","width":512,"height":512,"caption":"VERSO-ohjelma"},"image":{"@id":"https:\/\/sovittelu.com\/vertaissovittelu\/#\/schema\/logo\/image\/"},"sameAs":["https:\/\/www.facebook.com\/VERSOsovittelu","https:\/\/www.instagram.com\/verso_sovittelu\/"]},{"@type":"Person","@id":"https:\/\/sovittelu.com\/vertaissovittelu\/#\/schema\/person\/be71eed9c767e02a2177516f2dcbb1b8","name":"Janne Johansson","url":"https:\/\/sovittelu.com\/vertaissovittelu\/sv\/author\/janne\/"}]}},"_links":{"self":[{"href":"https:\/\/sovittelu.com\/vertaissovittelu\/sv\/wp-json\/wp\/v2\/posts\/4613","targetHints":{"allow":["GET"]}}],"collection":[{"href":"https:\/\/sovittelu.com\/vertaissovittelu\/sv\/wp-json\/wp\/v2\/posts"}],"about":[{"href":"https:\/\/sovittelu.com\/vertaissovittelu\/sv\/wp-json\/wp\/v2\/types\/post"}],"author":[{"embeddable":true,"href":"https:\/\/sovittelu.com\/vertaissovittelu\/sv\/wp-json\/wp\/v2\/users\/7"}],"replies":[{"embeddable":true,"href":"https:\/\/sovittelu.com\/vertaissovittelu\/sv\/wp-json\/wp\/v2\/comments?post=4613"}],"version-history":[{"count":0,"href":"https:\/\/sovittelu.com\/vertaissovittelu\/sv\/wp-json\/wp\/v2\/posts\/4613\/revisions"}],"wp:attachment":[{"href":"https:\/\/sovittelu.com\/vertaissovittelu\/sv\/wp-json\/wp\/v2\/media?parent=4613"}],"wp:term":[{"taxonomy":"category","embeddable":true,"href":"https:\/\/sovittelu.com\/vertaissovittelu\/sv\/wp-json\/wp\/v2\/categories?post=4613"},{"taxonomy":"post_tag","embeddable":true,"href":"https:\/\/sovittelu.com\/vertaissovittelu\/sv\/wp-json\/wp\/v2\/tags?post=4613"}],"curies":[{"name":"wp","href":"https:\/\/api.w.org\/{rel}","templated":true}]}}