{"id":4028,"date":"2024-05-27T12:13:40","date_gmt":"2024-05-27T09:13:40","guid":{"rendered":"https:\/\/sovittelu.com\/vertaissovittelu\/?p=4028"},"modified":"2025-12-17T10:57:31","modified_gmt":"2025-12-17T08:57:31","slug":"verso-nationell-foraldrakvall-online-24-9","status":"publish","type":"post","link":"https:\/\/sovittelu.com\/vertaissovittelu\/sv\/verso-ohjelman-valtakunnallinen-vanhempainilta-verkossa-24-9\/","title":{"rendered":"VERSO nationell f\u00f6r\u00e4ldrakv\u00e4ll p\u00e5 n\u00e4tet 24.9."},"content":{"rendered":"<p><strong>L\u00e5t oss g\u00f6ra upp! - Hur kan man f\u00f6rebygga mobbning genom medling i f\u00f6rskoleverksamhet och skola?&nbsp;<\/strong><\/p>\n\n\n\n<p>F\u00f6rskolan, skolan och hemmet f\u00e5r en allt viktigare roll i v\u00e4lf\u00e4rden och situationerna mellan barn och ungdomar eskalerar snabbt, b\u00e5de p\u00e5 n\u00e4tet och ansikte mot ansikte. En hektisk vardag utmanar m\u00f6tena.&nbsp;<\/p>\n\n\n\n<p>K\u00e4ra v\u00e5rdnadshavare, kom och ta reda p\u00e5 hur mobbning f\u00f6rebyggs genom medling i f\u00f6rskoleverksamhet och skolor, samtidigt som hela samh\u00e4llets v\u00e4lbefinnande st\u00e4rks.<\/p>\n\n\n\n<p>VERSO-programmet har utbildat i kamratmedling, Verso, MiniVerso f\u00f6r sm\u00e5barnspedagogik och RESTO (medling ledd av vuxna) i \u00f6ver 20 \u00e5r.<\/p>\n\n\n\n<p>Vi ordnar ett kostnadsfritt informationsm\u00f6te f\u00f6r alla intresserade v\u00e5rdare p\u00e5 distans p\u00e5 Teams-plattformen tis 24.9.2024 kl. 17.30-19.00! Evenemanget kommer att h\u00e5llas p\u00e5 finska.&nbsp;<\/p>\n\n\n\n<p>I eventets diskussionsyta finns \u00e4ven m\u00f6jlighet att st\u00e4lla fr\u00e5gor och kommentera i chatt p\u00e5 svenska och engelska.<\/p>\n\n\n\n<p><strong>Du kan engagera dig <a rel=\"noreferrer noopener\" href=\"https:\/\/docs.google.com\/forms\/d\/e\/1FAIpQLSeigFEHzqW9zcOzAZgmXnXqp8DThAdjxbbO3HcWGly7ixNQfw\/viewform?usp=sf_link\" target=\"_blank\">genom att fylla i registreringsformul\u00e4ret h\u00e4r!&nbsp;<\/a><\/strong><\/p>\n\n\n\n<p><strong>Registreringen \u00e4r \u00f6ppen under tiden 16.8-22.9.24.<\/strong>&nbsp;<\/p>\n\n\n\n<p>En inspelning av evenemanget kommer ocks\u00e5 att skickas till de registrerade f\u00f6r egen referens.&nbsp;<\/p>\n\n\n\n<figure class=\"wp-block-image size-full is-resized\"><img loading=\"lazy\" decoding=\"async\" width=\"500\" height=\"500\" src=\"https:\/\/sovittelu.com\/vertaissovittelu\/wp-content\/uploads\/2024\/05\/Iso-HUve-syksy-2024-500x500-1.png\" alt=\"\" class=\"wp-image-13245\" style=\"width:428px;height:428px\"\/><\/figure>\n\n\n\n<p>En l\u00e4nk f\u00f6r att delta och instruktioner om hur du ansluter till Teams p\u00e5 distans kommer att skickas till din e-postadress&nbsp;<strong>idag 23.9.<\/strong><\/p>\n\n\n\n<p>Om du vill kan du bli p\u00e5mind om evenemanget genom att delta i Facebook-evenemanget:&nbsp;<\/p>\n\n\n\n<p><a href=\"https:\/\/www.facebook.com\/events\/1383360445714421\/\" target=\"_blank\" rel=\"noreferrer noopener\">https:\/\/www.facebook.com\/events\/1383360445714421\/<\/a><\/p>\n\n\n\n<p>L\u00e4s mer <a href=\"https:\/\/sovittelu.com\/vertaissovittelu\/sv\/for-vardgivare\/\" target=\"_blank\" rel=\"noreferrer noopener\">Om VERSO-programmet och medling<\/a>.<\/p>\n\n\n\n<p>VERSO representeras av utbildarna Tiina Nurmi och Michaela Lindholm. Vi kommer ocks\u00e5 att f\u00e5 h\u00f6ra erfarenheter fr\u00e5n yrkesverksamma inom sm\u00e5barnspedagogik och grundskola.<\/p>\n\n\n\n<p><\/p>","protected":false},"excerpt":{"rendered":"<p>L\u00e5t oss g\u00f6ra upp! - Hur kan man f\u00f6rebygga mobbning genom medling inom sm\u00e5barnspedagogiken och i skolan?  Sm\u00e5barnspedagogiken och skolan har tillsammans med hemmen en allt viktigare roll i v\u00e4lf\u00e4rden, och situationerna mellan barn och unga eskalerar snabbt, b\u00e5de p\u00e5 n\u00e4tet och ansikte mot ansikte. En hektisk vardag utmanar m\u00f6tena.  K\u00e4ra v\u00e5rdnadshavare, kom och ta reda p\u00e5 hur man kan f\u00f6rebygga mobbning genom medling inom sm\u00e5barnspedagogiken och i skolorna och samtidigt st\u00e4rka hela samh\u00e4llets v\u00e4lbefinnande. VERSO-programmet har utbildat kamratmedlare...<\/p>","protected":false},"author":14,"featured_media":0,"comment_status":"closed","ping_status":"closed","sticky":false,"template":"","format":"standard","meta":{"_kad_post_transparent":"","_kad_post_title":"","_kad_post_layout":"","_kad_post_sidebar_id":"","_kad_post_content_style":"","_kad_post_vertical_padding":"","_kad_post_feature":"","_kad_post_feature_position":"","_kad_post_header":false,"_kad_post_footer":false,"_kad_post_classname":"","footnotes":""},"categories":[1],"tags":[186,185,25,182],"class_list":["post-4028","post","type-post","status-publish","format-standard","hentry","category-yleinen","tag-huoltajille","tag-kiusaamisen-ehkaisy","tag-sovittelu","tag-vanhempainilta"],"yoast_head":"<!-- This site is optimized with the Yoast SEO plugin v27.5 - https:\/\/yoast.com\/product\/yoast-seo-wordpress\/ -->\n<title>VERSO-ohjelman valtakunnallinen vanhempainilta verkossa 24.9. | Verso<\/title>\n<meta name=\"robots\" content=\"index, follow, max-snippet:-1, max-image-preview:large, max-video-preview:-1\" \/>\n<link rel=\"canonical\" href=\"https:\/\/sovittelu.com\/vertaissovittelu\/sv\/verso-nationell-foraldrakvall-online-24-9\/\" \/>\n<meta property=\"og:locale\" content=\"sv_SE\" \/>\n<meta property=\"og:type\" content=\"article\" \/>\n<meta property=\"og:title\" content=\"VERSO-ohjelman valtakunnallinen vanhempainilta verkossa 24.9. | Verso\" \/>\n<meta property=\"og:description\" content=\"Sovitaan pois! \u2013 Kuinka kiusaamista ehk\u00e4ist\u00e4\u00e4n sovittelemalla varhaiskasvatuksessa ja kouluissa?&nbsp; Varhaiskasvatuksella ja kouluilla on yhdess\u00e4 kotien kanssa yh\u00e4 suurempi hyvinvointiteht\u00e4v\u00e4 ja lasten ja nuorten v\u00e4liset tilanteet eskaloituvat nopeasti niin somessa kuin kasvotustenkin. Kiireinen arki haastaa kohtaamisia.&nbsp; Hyv\u00e4 huoltaja, tule tutustumaan kuinkakiusaamista ehk\u00e4ist\u00e4\u00e4n sovittelemalla varhaiskasvatuksessa ja kouluissa vahvistaen samalla koko yhteis\u00f6n hyvinvointia. VERSO-ohjelma on kouluttanut vertaissovittelua...\" \/>\n<meta property=\"og:url\" content=\"https:\/\/sovittelu.com\/vertaissovittelu\/sv\/verso-nationell-foraldrakvall-online-24-9\/\" \/>\n<meta property=\"og:site_name\" content=\"Verso\" \/>\n<meta property=\"article:publisher\" content=\"https:\/\/www.facebook.com\/VERSOsovittelu\" \/>\n<meta property=\"article:published_time\" content=\"2024-05-27T09:13:40+00:00\" \/>\n<meta property=\"article:modified_time\" content=\"2025-12-17T08:57:31+00:00\" \/>\n<meta property=\"og:image\" content=\"https:\/\/sovittelu.com\/vertaissovittelu\/wp-content\/uploads\/2024\/05\/Iso-HUve-syksy-2024-500x500-1.png\" \/>\n\t<meta property=\"og:image:width\" content=\"500\" \/>\n\t<meta property=\"og:image:height\" content=\"500\" \/>\n\t<meta property=\"og:image:type\" content=\"image\/png\" \/>\n<meta name=\"author\" content=\"Nina Huhtinen\" \/>\n<meta name=\"twitter:card\" content=\"summary_large_image\" \/>\n<meta name=\"twitter:label1\" content=\"Skriven av\" \/>\n\t<meta name=\"twitter:data1\" content=\"Nina Huhtinen\" \/>\n\t<meta name=\"twitter:label2\" content=\"Ber\u00e4knad l\u00e4stid\" \/>\n\t<meta name=\"twitter:data2\" content=\"2 minuter\" \/>\n<script type=\"application\/ld+json\" class=\"yoast-schema-graph\">{\"@context\":\"https:\\\/\\\/schema.org\",\"@graph\":[{\"@type\":\"Article\",\"@id\":\"https:\\\/\\\/sovittelu.com\\\/vertaissovittelu\\\/verso-ohjelman-valtakunnallinen-vanhempainilta-verkossa-24-9\\\/#article\",\"isPartOf\":{\"@id\":\"https:\\\/\\\/sovittelu.com\\\/vertaissovittelu\\\/verso-ohjelman-valtakunnallinen-vanhempainilta-verkossa-24-9\\\/\"},\"author\":{\"name\":\"Nina Huhtinen\",\"@id\":\"https:\\\/\\\/sovittelu.com\\\/vertaissovittelu\\\/#\\\/schema\\\/person\\\/7cf9dc57a10e1fba817a3f9f9cf56494\"},\"headline\":\"VERSO-ohjelman valtakunnallinen vanhempainilta verkossa 24.9.\",\"datePublished\":\"2024-05-27T09:13:40+00:00\",\"dateModified\":\"2025-12-17T08:57:31+00:00\",\"mainEntityOfPage\":{\"@id\":\"https:\\\/\\\/sovittelu.com\\\/vertaissovittelu\\\/verso-ohjelman-valtakunnallinen-vanhempainilta-verkossa-24-9\\\/\"},\"wordCount\":200,\"publisher\":{\"@id\":\"https:\\\/\\\/sovittelu.com\\\/vertaissovittelu\\\/#organization\"},\"image\":{\"@id\":\"https:\\\/\\\/sovittelu.com\\\/vertaissovittelu\\\/verso-ohjelman-valtakunnallinen-vanhempainilta-verkossa-24-9\\\/#primaryimage\"},\"thumbnailUrl\":\"https:\\\/\\\/sovittelu.com\\\/vertaissovittelu\\\/wp-content\\\/uploads\\\/2024\\\/05\\\/Iso-HUve-syksy-2024-500x500-1.png\",\"keywords\":[\"huoltajille\",\"kiusaamisen ehk\u00e4isy\",\"sovittelu\",\"vanhempainilta\"],\"articleSection\":[\"Yleinen\"],\"inLanguage\":\"sv-SE\"},{\"@type\":\"WebPage\",\"@id\":\"https:\\\/\\\/sovittelu.com\\\/vertaissovittelu\\\/verso-ohjelman-valtakunnallinen-vanhempainilta-verkossa-24-9\\\/\",\"url\":\"https:\\\/\\\/sovittelu.com\\\/vertaissovittelu\\\/verso-ohjelman-valtakunnallinen-vanhempainilta-verkossa-24-9\\\/\",\"name\":\"VERSO-ohjelman valtakunnallinen vanhempainilta verkossa 24.9. | Verso\",\"isPartOf\":{\"@id\":\"https:\\\/\\\/sovittelu.com\\\/vertaissovittelu\\\/#website\"},\"primaryImageOfPage\":{\"@id\":\"https:\\\/\\\/sovittelu.com\\\/vertaissovittelu\\\/verso-ohjelman-valtakunnallinen-vanhempainilta-verkossa-24-9\\\/#primaryimage\"},\"image\":{\"@id\":\"https:\\\/\\\/sovittelu.com\\\/vertaissovittelu\\\/verso-ohjelman-valtakunnallinen-vanhempainilta-verkossa-24-9\\\/#primaryimage\"},\"thumbnailUrl\":\"https:\\\/\\\/sovittelu.com\\\/vertaissovittelu\\\/wp-content\\\/uploads\\\/2024\\\/05\\\/Iso-HUve-syksy-2024-500x500-1.png\",\"datePublished\":\"2024-05-27T09:13:40+00:00\",\"dateModified\":\"2025-12-17T08:57:31+00:00\",\"breadcrumb\":{\"@id\":\"https:\\\/\\\/sovittelu.com\\\/vertaissovittelu\\\/verso-ohjelman-valtakunnallinen-vanhempainilta-verkossa-24-9\\\/#breadcrumb\"},\"inLanguage\":\"sv-SE\",\"potentialAction\":[{\"@type\":\"ReadAction\",\"target\":[\"https:\\\/\\\/sovittelu.com\\\/vertaissovittelu\\\/verso-ohjelman-valtakunnallinen-vanhempainilta-verkossa-24-9\\\/\"]}]},{\"@type\":\"ImageObject\",\"inLanguage\":\"sv-SE\",\"@id\":\"https:\\\/\\\/sovittelu.com\\\/vertaissovittelu\\\/verso-ohjelman-valtakunnallinen-vanhempainilta-verkossa-24-9\\\/#primaryimage\",\"url\":\"https:\\\/\\\/sovittelu.com\\\/vertaissovittelu\\\/wp-content\\\/uploads\\\/2024\\\/05\\\/Iso-HUve-syksy-2024-500x500-1.png\",\"contentUrl\":\"https:\\\/\\\/sovittelu.com\\\/vertaissovittelu\\\/wp-content\\\/uploads\\\/2024\\\/05\\\/Iso-HUve-syksy-2024-500x500-1.png\"},{\"@type\":\"BreadcrumbList\",\"@id\":\"https:\\\/\\\/sovittelu.com\\\/vertaissovittelu\\\/verso-ohjelman-valtakunnallinen-vanhempainilta-verkossa-24-9\\\/#breadcrumb\",\"itemListElement\":[{\"@type\":\"ListItem\",\"position\":1,\"name\":\"Etusivu\",\"item\":\"https:\\\/\\\/sovittelu.com\\\/vertaissovittelu\\\/\"},{\"@type\":\"ListItem\",\"position\":2,\"name\":\"VERSO-ohjelman valtakunnallinen vanhempainilta verkossa 24.9.\"}]},{\"@type\":\"WebSite\",\"@id\":\"https:\\\/\\\/sovittelu.com\\\/vertaissovittelu\\\/#website\",\"url\":\"https:\\\/\\\/sovittelu.com\\\/vertaissovittelu\\\/\",\"name\":\"VERSO-ohjelma\",\"description\":\"Vertaissovitteluohjelma\",\"publisher\":{\"@id\":\"https:\\\/\\\/sovittelu.com\\\/vertaissovittelu\\\/#organization\"},\"potentialAction\":[{\"@type\":\"SearchAction\",\"target\":{\"@type\":\"EntryPoint\",\"urlTemplate\":\"https:\\\/\\\/sovittelu.com\\\/vertaissovittelu\\\/?s={search_term_string}\"},\"query-input\":{\"@type\":\"PropertyValueSpecification\",\"valueRequired\":true,\"valueName\":\"search_term_string\"}}],\"inLanguage\":\"sv-SE\"},{\"@type\":\"Organization\",\"@id\":\"https:\\\/\\\/sovittelu.com\\\/vertaissovittelu\\\/#organization\",\"name\":\"VERSO-ohjelma\",\"url\":\"https:\\\/\\\/sovittelu.com\\\/vertaissovittelu\\\/\",\"logo\":{\"@type\":\"ImageObject\",\"inLanguage\":\"sv-SE\",\"@id\":\"https:\\\/\\\/sovittelu.com\\\/vertaissovittelu\\\/#\\\/schema\\\/logo\\\/image\\\/\",\"url\":\"https:\\\/\\\/sovittelu.com\\\/vertaissovittelu\\\/wp-content\\\/uploads\\\/2026\\\/01\\\/verso_ikoni_512x512px.png\",\"contentUrl\":\"https:\\\/\\\/sovittelu.com\\\/vertaissovittelu\\\/wp-content\\\/uploads\\\/2026\\\/01\\\/verso_ikoni_512x512px.png\",\"width\":512,\"height\":512,\"caption\":\"VERSO-ohjelma\"},\"image\":{\"@id\":\"https:\\\/\\\/sovittelu.com\\\/vertaissovittelu\\\/#\\\/schema\\\/logo\\\/image\\\/\"},\"sameAs\":[\"https:\\\/\\\/www.facebook.com\\\/VERSOsovittelu\",\"https:\\\/\\\/www.instagram.com\\\/verso_sovittelu\\\/\"]},{\"@type\":\"Person\",\"@id\":\"https:\\\/\\\/sovittelu.com\\\/vertaissovittelu\\\/#\\\/schema\\\/person\\\/7cf9dc57a10e1fba817a3f9f9cf56494\",\"name\":\"Nina Huhtinen\",\"url\":\"https:\\\/\\\/sovittelu.com\\\/vertaissovittelu\\\/sv\\\/author\\\/nina\\\/\"}]}<\/script>\n<!-- \/ Yoast SEO plugin. -->","yoast_head_json":{"title":"VERSO nationell f\u00f6r\u00e4ldrakv\u00e4ll p\u00e5 n\u00e4tet 24.9. | Verso","robots":{"index":"index","follow":"follow","max-snippet":"max-snippet:-1","max-image-preview":"max-image-preview:large","max-video-preview":"max-video-preview:-1"},"canonical":"https:\/\/sovittelu.com\/vertaissovittelu\/sv\/verso-nationell-foraldrakvall-online-24-9\/","og_locale":"sv_SE","og_type":"article","og_title":"VERSO-ohjelman valtakunnallinen vanhempainilta verkossa 24.9. | Verso","og_description":"Sovitaan pois! \u2013 Kuinka kiusaamista ehk\u00e4ist\u00e4\u00e4n sovittelemalla varhaiskasvatuksessa ja kouluissa?&nbsp; Varhaiskasvatuksella ja kouluilla on yhdess\u00e4 kotien kanssa yh\u00e4 suurempi hyvinvointiteht\u00e4v\u00e4 ja lasten ja nuorten v\u00e4liset tilanteet eskaloituvat nopeasti niin somessa kuin kasvotustenkin. Kiireinen arki haastaa kohtaamisia.&nbsp; Hyv\u00e4 huoltaja, tule tutustumaan kuinkakiusaamista ehk\u00e4ist\u00e4\u00e4n sovittelemalla varhaiskasvatuksessa ja kouluissa vahvistaen samalla koko yhteis\u00f6n hyvinvointia. VERSO-ohjelma on kouluttanut vertaissovittelua...","og_url":"https:\/\/sovittelu.com\/vertaissovittelu\/sv\/verso-nationell-foraldrakvall-online-24-9\/","og_site_name":"Verso","article_publisher":"https:\/\/www.facebook.com\/VERSOsovittelu","article_published_time":"2024-05-27T09:13:40+00:00","article_modified_time":"2025-12-17T08:57:31+00:00","og_image":[{"width":500,"height":500,"url":"https:\/\/sovittelu.com\/vertaissovittelu\/wp-content\/uploads\/2024\/05\/Iso-HUve-syksy-2024-500x500-1.png","type":"image\/png"}],"author":"Nina Huhtinen","twitter_card":"summary_large_image","twitter_misc":{"Skriven av":"Nina Huhtinen","Ber\u00e4knad l\u00e4stid":"2 minuter"},"schema":{"@context":"https:\/\/schema.org","@graph":[{"@type":"Article","@id":"https:\/\/sovittelu.com\/vertaissovittelu\/verso-ohjelman-valtakunnallinen-vanhempainilta-verkossa-24-9\/#article","isPartOf":{"@id":"https:\/\/sovittelu.com\/vertaissovittelu\/verso-ohjelman-valtakunnallinen-vanhempainilta-verkossa-24-9\/"},"author":{"name":"Nina Huhtinen","@id":"https:\/\/sovittelu.com\/vertaissovittelu\/#\/schema\/person\/7cf9dc57a10e1fba817a3f9f9cf56494"},"headline":"VERSO-ohjelman valtakunnallinen vanhempainilta verkossa 24.9.","datePublished":"2024-05-27T09:13:40+00:00","dateModified":"2025-12-17T08:57:31+00:00","mainEntityOfPage":{"@id":"https:\/\/sovittelu.com\/vertaissovittelu\/verso-ohjelman-valtakunnallinen-vanhempainilta-verkossa-24-9\/"},"wordCount":200,"publisher":{"@id":"https:\/\/sovittelu.com\/vertaissovittelu\/#organization"},"image":{"@id":"https:\/\/sovittelu.com\/vertaissovittelu\/verso-ohjelman-valtakunnallinen-vanhempainilta-verkossa-24-9\/#primaryimage"},"thumbnailUrl":"https:\/\/sovittelu.com\/vertaissovittelu\/wp-content\/uploads\/2024\/05\/Iso-HUve-syksy-2024-500x500-1.png","keywords":["huoltajille","kiusaamisen ehk\u00e4isy","sovittelu","vanhempainilta"],"articleSection":["Yleinen"],"inLanguage":"sv-SE"},{"@type":"WebPage","@id":"https:\/\/sovittelu.com\/vertaissovittelu\/verso-ohjelman-valtakunnallinen-vanhempainilta-verkossa-24-9\/","url":"https:\/\/sovittelu.com\/vertaissovittelu\/verso-ohjelman-valtakunnallinen-vanhempainilta-verkossa-24-9\/","name":"VERSO nationell f\u00f6r\u00e4ldrakv\u00e4ll p\u00e5 n\u00e4tet 24.9. | Verso","isPartOf":{"@id":"https:\/\/sovittelu.com\/vertaissovittelu\/#website"},"primaryImageOfPage":{"@id":"https:\/\/sovittelu.com\/vertaissovittelu\/verso-ohjelman-valtakunnallinen-vanhempainilta-verkossa-24-9\/#primaryimage"},"image":{"@id":"https:\/\/sovittelu.com\/vertaissovittelu\/verso-ohjelman-valtakunnallinen-vanhempainilta-verkossa-24-9\/#primaryimage"},"thumbnailUrl":"https:\/\/sovittelu.com\/vertaissovittelu\/wp-content\/uploads\/2024\/05\/Iso-HUve-syksy-2024-500x500-1.png","datePublished":"2024-05-27T09:13:40+00:00","dateModified":"2025-12-17T08:57:31+00:00","breadcrumb":{"@id":"https:\/\/sovittelu.com\/vertaissovittelu\/verso-ohjelman-valtakunnallinen-vanhempainilta-verkossa-24-9\/#breadcrumb"},"inLanguage":"sv-SE","potentialAction":[{"@type":"ReadAction","target":["https:\/\/sovittelu.com\/vertaissovittelu\/verso-ohjelman-valtakunnallinen-vanhempainilta-verkossa-24-9\/"]}]},{"@type":"ImageObject","inLanguage":"sv-SE","@id":"https:\/\/sovittelu.com\/vertaissovittelu\/verso-ohjelman-valtakunnallinen-vanhempainilta-verkossa-24-9\/#primaryimage","url":"https:\/\/sovittelu.com\/vertaissovittelu\/wp-content\/uploads\/2024\/05\/Iso-HUve-syksy-2024-500x500-1.png","contentUrl":"https:\/\/sovittelu.com\/vertaissovittelu\/wp-content\/uploads\/2024\/05\/Iso-HUve-syksy-2024-500x500-1.png"},{"@type":"BreadcrumbList","@id":"https:\/\/sovittelu.com\/vertaissovittelu\/verso-ohjelman-valtakunnallinen-vanhempainilta-verkossa-24-9\/#breadcrumb","itemListElement":[{"@type":"ListItem","position":1,"name":"Etusivu","item":"https:\/\/sovittelu.com\/vertaissovittelu\/"},{"@type":"ListItem","position":2,"name":"VERSO-ohjelman valtakunnallinen vanhempainilta verkossa 24.9."}]},{"@type":"WebSite","@id":"https:\/\/sovittelu.com\/vertaissovittelu\/#website","url":"https:\/\/sovittelu.com\/vertaissovittelu\/","name":"VERSO-programmet","description":"Program f\u00f6r kamratmedling","publisher":{"@id":"https:\/\/sovittelu.com\/vertaissovittelu\/#organization"},"potentialAction":[{"@type":"SearchAction","target":{"@type":"EntryPoint","urlTemplate":"https:\/\/sovittelu.com\/vertaissovittelu\/?s={search_term_string}"},"query-input":{"@type":"PropertyValueSpecification","valueRequired":true,"valueName":"search_term_string"}}],"inLanguage":"sv-SE"},{"@type":"Organization","@id":"https:\/\/sovittelu.com\/vertaissovittelu\/#organization","name":"VERSO-programmet","url":"https:\/\/sovittelu.com\/vertaissovittelu\/","logo":{"@type":"ImageObject","inLanguage":"sv-SE","@id":"https:\/\/sovittelu.com\/vertaissovittelu\/#\/schema\/logo\/image\/","url":"https:\/\/sovittelu.com\/vertaissovittelu\/wp-content\/uploads\/2026\/01\/verso_ikoni_512x512px.png","contentUrl":"https:\/\/sovittelu.com\/vertaissovittelu\/wp-content\/uploads\/2026\/01\/verso_ikoni_512x512px.png","width":512,"height":512,"caption":"VERSO-ohjelma"},"image":{"@id":"https:\/\/sovittelu.com\/vertaissovittelu\/#\/schema\/logo\/image\/"},"sameAs":["https:\/\/www.facebook.com\/VERSOsovittelu","https:\/\/www.instagram.com\/verso_sovittelu\/"]},{"@type":"Person","@id":"https:\/\/sovittelu.com\/vertaissovittelu\/#\/schema\/person\/7cf9dc57a10e1fba817a3f9f9cf56494","name":"Nina Huhtinen","url":"https:\/\/sovittelu.com\/vertaissovittelu\/sv\/author\/nina\/"}]}},"_links":{"self":[{"href":"https:\/\/sovittelu.com\/vertaissovittelu\/sv\/wp-json\/wp\/v2\/posts\/4028","targetHints":{"allow":["GET"]}}],"collection":[{"href":"https:\/\/sovittelu.com\/vertaissovittelu\/sv\/wp-json\/wp\/v2\/posts"}],"about":[{"href":"https:\/\/sovittelu.com\/vertaissovittelu\/sv\/wp-json\/wp\/v2\/types\/post"}],"author":[{"embeddable":true,"href":"https:\/\/sovittelu.com\/vertaissovittelu\/sv\/wp-json\/wp\/v2\/users\/14"}],"replies":[{"embeddable":true,"href":"https:\/\/sovittelu.com\/vertaissovittelu\/sv\/wp-json\/wp\/v2\/comments?post=4028"}],"version-history":[{"count":0,"href":"https:\/\/sovittelu.com\/vertaissovittelu\/sv\/wp-json\/wp\/v2\/posts\/4028\/revisions"}],"wp:attachment":[{"href":"https:\/\/sovittelu.com\/vertaissovittelu\/sv\/wp-json\/wp\/v2\/media?parent=4028"}],"wp:term":[{"taxonomy":"category","embeddable":true,"href":"https:\/\/sovittelu.com\/vertaissovittelu\/sv\/wp-json\/wp\/v2\/categories?post=4028"},{"taxonomy":"post_tag","embeddable":true,"href":"https:\/\/sovittelu.com\/vertaissovittelu\/sv\/wp-json\/wp\/v2\/tags?post=4028"}],"curies":[{"name":"wp","href":"https:\/\/api.w.org\/{rel}","templated":true}]}}