{"id":3972,"date":"2024-04-15T09:44:08","date_gmt":"2024-04-15T06:44:08","guid":{"rendered":"https:\/\/sovittelu.com\/vertaissovittelu\/?p=3972"},"modified":"2025-12-17T10:56:55","modified_gmt":"2025-12-17T08:56:55","slug":"nasta-oppna-restoutbildning-hosten-2024","status":"publish","type":"post","link":"https:\/\/sovittelu.com\/vertaissovittelu\/sv\/seuraava-avoin-resto-koulutus-syksylla-2024\/","title":{"rendered":"FULLT! N\u00e4sta \u00f6ppna RESTO-utbildning h\u00f6sten 2024"},"content":{"rendered":"<p>Uppdatering 22 maj: Denna utbildningsgrupp \u00e4r full. Du kan f\u00f6lja information om kommande \u00f6ppna RESTO-utbildningar p\u00e5 v\u00e5r webbplats eller beg\u00e4ra en offert f\u00f6r on-demand-utbildning. L\u00e4s mer p\u00e5 engelska <a href=\"https:\/\/sovittelu.com\/vertaissovittelu\/sv\/resto-for-den-larande-gemenskapen\/\" target=\"_blank\" rel=\"noreferrer noopener\">Fr\u00e5n utbildningssidan f\u00f6r RESTO<\/a>!<\/p>\n\n\n\n<p>N\u00e4sta \u00f6ppna RESTO-utbildningsgrupp startar i augusti 2024 och du kan enkelt delta i distansutbildningen fr\u00e5n hela Finland!<\/p>\n\n\n\n<p>Restorative and Conciliatory Community (mer k\u00e4nd som RESTO-utbildningen) ger deltagarna kunskap och f\u00e4rdigheter att implementera ett restorativt f\u00f6rh\u00e5llningss\u00e4tt och medling i sitt eget arbete och i olika konfliktsituationer. Utbildningen \u00e4r praktisk och bygger p\u00e5 samarbete. Utbildningen ger det n\u00f6dv\u00e4ndiga materialet f\u00f6r praktiskt arbete, som varje deltagare kan anv\u00e4nda i sitt eget samh\u00e4lle p\u00e5 det s\u00e4tt som de \u00f6nskar. Inneh\u00e5llet i utbildningstillf\u00e4llena kommer att baseras p\u00e5 deltagarnas insikter, erfarenheter och diskussioner, s\u00e5 varje grupp kommer att skapa sin egen kurs.&nbsp;<\/p>\n\n\n\n<p><strong>OBS!<\/strong>&nbsp;Vi rekommenderar starkt att 2-4 personalrepresentanter fr\u00e5n varje l\u00e4rgrupp deltar i utbildningen. Detta m\u00f6jligg\u00f6r en mer effektiv \u00f6verf\u00f6ring av den reparativa metoden till deras egen gemenskap och att medling kan utf\u00f6ras i par vid behov.<\/p>\n\n\n\n<p>Utbildningen \u00e4r en process som kr\u00e4ver n\u00e4rvaro i alla steg. I slutet av utbildningen kommer deltagaren att ha en f\u00f6rst\u00e5else f\u00f6r reparativt t\u00e4nkande, inkludering och bem\u00f6tande. Deltagaren kommer ocks\u00e5 att kunna anv\u00e4nda processen f\u00f6r \u00e5teruppbyggande medling i vardagliga konfliktsituationer.<\/p>\n\n\n\n<p><strong>M\u00e5lgrupp:<\/strong><\/p>\n\n\n\n<p>Utbildningen riktar sig till personal som ansvarar f\u00f6r utbildning och fortbildning p\u00e5 f\u00f6rskolor, skolor och utbildningsinstitutioner.&nbsp;<strong>Du \u00e4r v\u00e4lkommen att delta fr\u00e5n var som helst i Finland och utbildningen \u00e4r helt p\u00e5 distans!<\/strong><\/p>\n\n\n\n<p><strong>Tid och plats:<\/strong><\/p>\n\n\n\n<ol class=\"wp-block-list\">\n<li>Sektion Thu-Fri 22.-23.8.2024 EN\u00c4<\/li>\n\n\n\n<li>Sektion Ons-Tors 25.-26.9.2024 EN\u00c4<\/li>\n\n\n\n<li>Avsnitt till 31.10.2024 EN\u00c4<\/li>\n<\/ol>\n\n\n\n<p>Vi arbetar p\u00e5 utbildningsdagar fr\u00e5n kl. 9.00 till 15.00. Utbildningen genomf\u00f6rs via en plattform f\u00f6r distansutbildning.<\/p>\n\n\n\n<p>Pris 250 \u20ac\/deltagare.<\/p>\n\n\n\n<p>Utbildare \u00e4r Nina Huhtinen, VERSO-utbildare och mediator.<\/p>\n\n\n\n<p>V\u00e4nligen registrera dig genom att skicka ett e-postmeddelande till nina.huhtinen@sovittelu.com med f\u00f6ljande information: deltagarens namn, e-postadress, jobbtitel och faktureringsinformation.<\/p>\n\n\n\n<p>OBS! Genom att anm\u00e4la dig f\u00f6rbinder du dig att delta i utbildningen i sin helhet. Vid oplanerad fr\u00e5nvaro kommer en ers\u00e4ttande kurs eller uppgift att ordnas med instrukt\u00f6ren separat. Om du \u00e4nnu inte vet vilka deltagarna \u00e4r kan du ocks\u00e5 boka en prelimin\u00e4r plats genom att skicka ett e-postmeddelande till nina.huhtinen@sovittelu.com. Deltagare kan bytas ut enligt dina behov fram till den f\u00f6rsta perioden av utbildningen.<\/p>\n\n\n\n<p>Uppgifterna i anm\u00e4lningsformul\u00e4ret anv\u00e4nds f\u00f6r att sammanst\u00e4lla uppgifter om kursdeltagare, f\u00f6r fakturering och f\u00f6r att skicka kursbrev till deltagarna. Uppgifter om deltagare i RESTO-utbildning lagras ocks\u00e5 i v\u00e5rt register, f\u00f6r mer information l\u00e4s v\u00e5r integritetspolicy: https:\/\/sovittelu.com\/tietosuojaseloste\/<br><br>L\u00e4s mer om utbildning\u00a0<a href=\"https:\/\/sovittelu.com\/vertaissovittelu\/sv\/utbildning-2\/\" target=\"_blank\" rel=\"noreferrer noopener\">Fr\u00e5n v\u00e5r utbildningssida!<\/a><\/p>\n\n\n<style>.kb-image3972_0b6927-79.kb-image-is-ratio-size, .kb-image3972_0b6927-79 .kb-image-is-ratio-size{max-width:370px;width:100%;}.wp-block-kadence-column > .kt-inside-inner-col > .kb-image3972_0b6927-79.kb-image-is-ratio-size, .wp-block-kadence-column > .kt-inside-inner-col > .kb-image3972_0b6927-79 .kb-image-is-ratio-size{align-self:unset;}.kb-image3972_0b6927-79{max-width:370px;}.image-is-svg.kb-image3972_0b6927-79{-webkit-flex:0 1 100%;flex:0 1 100%;}.image-is-svg.kb-image3972_0b6927-79 img{width:100%;}.kb-image3972_0b6927-79 .kb-image-has-overlay:after{opacity:0.3;}<\/style>\n<figure class=\"wp-block-kadence-image kb-image3972_0b6927-79 size-full\"><img loading=\"lazy\" decoding=\"async\" width=\"800\" height=\"567\" src=\"https:\/\/sovittelu.com\/vertaissovittelu\/wp-content\/uploads\/2025\/09\/milla_sanalla_kuvailisit-verso_sanapilvi.jpg\" alt=\"Versosa moln\" class=\"kb-img wp-image-13251\" srcset=\"https:\/\/sovittelu.com\/vertaissovittelu\/wp-content\/uploads\/2025\/09\/milla_sanalla_kuvailisit-verso_sanapilvi.jpg 800w, https:\/\/sovittelu.com\/vertaissovittelu\/wp-content\/uploads\/2025\/09\/milla_sanalla_kuvailisit-verso_sanapilvi-500x354.jpg 500w, https:\/\/sovittelu.com\/vertaissovittelu\/wp-content\/uploads\/2025\/09\/milla_sanalla_kuvailisit-verso_sanapilvi-768x544.jpg 768w\" sizes=\"auto, (max-width: 800px) 100vw, 800px\" \/><\/figure>","protected":false},"excerpt":{"rendered":"<p>Uppdatering 22 maj: Denna utbildningsgrupp \u00e4r full. Du kan f\u00f6lja information om kommande \u00f6ppna RESTO-utbildningar p\u00e5 v\u00e5r webbplats eller beg\u00e4ra en offert f\u00f6r utbildning p\u00e5 beg\u00e4ran. L\u00e4s mer p\u00e5 sidan om RESTO-utbildning! N\u00e4sta \u00f6ppna RESTO-utbildningsgrupp startar i augusti 2024 och du kan enkelt delta i distansutbildningen fr\u00e5n hela Finland! Restorative and Reconciliatory Community (RESTO-utbildning) ger deltagarna kunskap och f\u00e4rdigheter att implementera ett restorativt tillv\u00e4gag\u00e5ngss\u00e4tt och f\u00f6rsoning i sitt eget arbete och i olika konfliktsituationer....<\/p>","protected":false},"author":14,"featured_media":0,"comment_status":"closed","ping_status":"closed","sticky":false,"template":"","format":"standard","meta":{"_kad_post_transparent":"","_kad_post_title":"","_kad_post_layout":"","_kad_post_sidebar_id":"","_kad_post_content_style":"","_kad_post_vertical_padding":"","_kad_post_feature":"","_kad_post_feature_position":"","_kad_post_header":false,"_kad_post_footer":false,"_kad_post_classname":"","footnotes":""},"categories":[3,4,1],"tags":[170,40],"class_list":["post-3972","post","type-post","status-publish","format-standard","hentry","category-koulutus","category-resto","category-yleinen","tag-170","tag-resto"],"yoast_head":"<!-- This site is optimized with the Yoast SEO plugin v27.5 - https:\/\/yoast.com\/product\/yoast-seo-wordpress\/ -->\n<title>T\u00c4YNN\u00c4! Seuraava avoin RESTO-koulutus syksyll\u00e4 2024 | Verso<\/title>\n<meta name=\"robots\" content=\"index, follow, max-snippet:-1, max-image-preview:large, max-video-preview:-1\" \/>\n<link rel=\"canonical\" href=\"https:\/\/sovittelu.com\/vertaissovittelu\/sv\/nasta-oppna-restoutbildning-hosten-2024\/\" \/>\n<meta property=\"og:locale\" content=\"sv_SE\" \/>\n<meta property=\"og:type\" content=\"article\" \/>\n<meta property=\"og:title\" content=\"T\u00c4YNN\u00c4! Seuraava avoin RESTO-koulutus syksyll\u00e4 2024 | Verso\" \/>\n<meta property=\"og:description\" content=\"P\u00e4ivitys 22.5.: T\u00e4m\u00e4 koulutusryhm\u00e4 on t\u00e4yttynyt. Voit seurata tietoa tulevista avoimista RESTO-koulutuksista kotisivuiltamme tai tiedustella tarjousta tilauskoulutuksesta. Lue lis\u00e4\u00e4 RESTO-koulutussivulta! Seuraava avoin RESTO-koulutusryhm\u00e4 alkaa elokuussa 2024 ja et\u00e4toteutukseen p\u00e4\u00e4set helposti mukaan eri puolilta Suomea! Restoratiivinen&nbsp;&nbsp;ja sovitteleva yhteis\u00f6 (tuttavallisemmin RESTO -koulutus) tuottaa osallistujille tiedon ja taidon restoratiivisen l\u00e4hestymistavan ja sovittelun toteuttamiseen omassa ty\u00f6ss\u00e4\u00e4n ja erilaisissa konfliktitilanteissa....\" \/>\n<meta property=\"og:url\" content=\"https:\/\/sovittelu.com\/vertaissovittelu\/sv\/nasta-oppna-restoutbildning-hosten-2024\/\" \/>\n<meta property=\"og:site_name\" content=\"Verso\" \/>\n<meta property=\"article:publisher\" content=\"https:\/\/www.facebook.com\/VERSOsovittelu\" \/>\n<meta property=\"article:published_time\" content=\"2024-04-15T06:44:08+00:00\" \/>\n<meta property=\"article:modified_time\" content=\"2025-12-17T08:56:55+00:00\" \/>\n<meta property=\"og:image\" content=\"https:\/\/sovittelu.com\/vertaissovittelu\/wp-content\/uploads\/2025\/09\/milla_sanalla_kuvailisit-verso_sanapilvi.jpg\" \/>\n\t<meta property=\"og:image:width\" content=\"800\" \/>\n\t<meta property=\"og:image:height\" content=\"567\" \/>\n\t<meta property=\"og:image:type\" content=\"image\/jpeg\" \/>\n<meta name=\"author\" content=\"Nina Huhtinen\" \/>\n<meta name=\"twitter:card\" content=\"summary_large_image\" \/>\n<meta name=\"twitter:label1\" content=\"Skriven av\" \/>\n\t<meta name=\"twitter:data1\" content=\"Nina Huhtinen\" \/>\n\t<meta name=\"twitter:label2\" content=\"Ber\u00e4knad l\u00e4stid\" \/>\n\t<meta name=\"twitter:data2\" content=\"2 minuter\" \/>\n<script type=\"application\/ld+json\" class=\"yoast-schema-graph\">{\"@context\":\"https:\\\/\\\/schema.org\",\"@graph\":[{\"@type\":\"Article\",\"@id\":\"https:\\\/\\\/sovittelu.com\\\/vertaissovittelu\\\/seuraava-avoin-resto-koulutus-syksylla-2024\\\/#article\",\"isPartOf\":{\"@id\":\"https:\\\/\\\/sovittelu.com\\\/vertaissovittelu\\\/seuraava-avoin-resto-koulutus-syksylla-2024\\\/\"},\"author\":{\"name\":\"Nina Huhtinen\",\"@id\":\"https:\\\/\\\/sovittelu.com\\\/vertaissovittelu\\\/#\\\/schema\\\/person\\\/7cf9dc57a10e1fba817a3f9f9cf56494\"},\"headline\":\"T\u00c4YNN\u00c4! Seuraava avoin RESTO-koulutus syksyll\u00e4 2024\",\"datePublished\":\"2024-04-15T06:44:08+00:00\",\"dateModified\":\"2025-12-17T08:56:55+00:00\",\"mainEntityOfPage\":{\"@id\":\"https:\\\/\\\/sovittelu.com\\\/vertaissovittelu\\\/seuraava-avoin-resto-koulutus-syksylla-2024\\\/\"},\"wordCount\":375,\"publisher\":{\"@id\":\"https:\\\/\\\/sovittelu.com\\\/vertaissovittelu\\\/#organization\"},\"image\":{\"@id\":\"https:\\\/\\\/sovittelu.com\\\/vertaissovittelu\\\/seuraava-avoin-resto-koulutus-syksylla-2024\\\/#primaryimage\"},\"thumbnailUrl\":\"https:\\\/\\\/sovittelu.com\\\/vertaissovittelu\\\/wp-content\\\/uploads\\\/2025\\\/09\\\/milla_sanalla_kuvailisit-verso_sanapilvi.jpg\",\"keywords\":[\"2024\",\"RESTO\"],\"articleSection\":[\"Koulutus\",\"RESTO\",\"Yleinen\"],\"inLanguage\":\"sv-SE\"},{\"@type\":\"WebPage\",\"@id\":\"https:\\\/\\\/sovittelu.com\\\/vertaissovittelu\\\/seuraava-avoin-resto-koulutus-syksylla-2024\\\/\",\"url\":\"https:\\\/\\\/sovittelu.com\\\/vertaissovittelu\\\/seuraava-avoin-resto-koulutus-syksylla-2024\\\/\",\"name\":\"T\u00c4YNN\u00c4! Seuraava avoin RESTO-koulutus syksyll\u00e4 2024 | Verso\",\"isPartOf\":{\"@id\":\"https:\\\/\\\/sovittelu.com\\\/vertaissovittelu\\\/#website\"},\"primaryImageOfPage\":{\"@id\":\"https:\\\/\\\/sovittelu.com\\\/vertaissovittelu\\\/seuraava-avoin-resto-koulutus-syksylla-2024\\\/#primaryimage\"},\"image\":{\"@id\":\"https:\\\/\\\/sovittelu.com\\\/vertaissovittelu\\\/seuraava-avoin-resto-koulutus-syksylla-2024\\\/#primaryimage\"},\"thumbnailUrl\":\"https:\\\/\\\/sovittelu.com\\\/vertaissovittelu\\\/wp-content\\\/uploads\\\/2025\\\/09\\\/milla_sanalla_kuvailisit-verso_sanapilvi.jpg\",\"datePublished\":\"2024-04-15T06:44:08+00:00\",\"dateModified\":\"2025-12-17T08:56:55+00:00\",\"breadcrumb\":{\"@id\":\"https:\\\/\\\/sovittelu.com\\\/vertaissovittelu\\\/seuraava-avoin-resto-koulutus-syksylla-2024\\\/#breadcrumb\"},\"inLanguage\":\"sv-SE\",\"potentialAction\":[{\"@type\":\"ReadAction\",\"target\":[\"https:\\\/\\\/sovittelu.com\\\/vertaissovittelu\\\/seuraava-avoin-resto-koulutus-syksylla-2024\\\/\"]}]},{\"@type\":\"ImageObject\",\"inLanguage\":\"sv-SE\",\"@id\":\"https:\\\/\\\/sovittelu.com\\\/vertaissovittelu\\\/seuraava-avoin-resto-koulutus-syksylla-2024\\\/#primaryimage\",\"url\":\"https:\\\/\\\/sovittelu.com\\\/vertaissovittelu\\\/wp-content\\\/uploads\\\/2025\\\/09\\\/milla_sanalla_kuvailisit-verso_sanapilvi.jpg\",\"contentUrl\":\"https:\\\/\\\/sovittelu.com\\\/vertaissovittelu\\\/wp-content\\\/uploads\\\/2025\\\/09\\\/milla_sanalla_kuvailisit-verso_sanapilvi.jpg\"},{\"@type\":\"BreadcrumbList\",\"@id\":\"https:\\\/\\\/sovittelu.com\\\/vertaissovittelu\\\/seuraava-avoin-resto-koulutus-syksylla-2024\\\/#breadcrumb\",\"itemListElement\":[{\"@type\":\"ListItem\",\"position\":1,\"name\":\"Etusivu\",\"item\":\"https:\\\/\\\/sovittelu.com\\\/vertaissovittelu\\\/\"},{\"@type\":\"ListItem\",\"position\":2,\"name\":\"T\u00c4YNN\u00c4! Seuraava avoin RESTO-koulutus syksyll\u00e4 2024\"}]},{\"@type\":\"WebSite\",\"@id\":\"https:\\\/\\\/sovittelu.com\\\/vertaissovittelu\\\/#website\",\"url\":\"https:\\\/\\\/sovittelu.com\\\/vertaissovittelu\\\/\",\"name\":\"VERSO-ohjelma\",\"description\":\"Vertaissovitteluohjelma\",\"publisher\":{\"@id\":\"https:\\\/\\\/sovittelu.com\\\/vertaissovittelu\\\/#organization\"},\"potentialAction\":[{\"@type\":\"SearchAction\",\"target\":{\"@type\":\"EntryPoint\",\"urlTemplate\":\"https:\\\/\\\/sovittelu.com\\\/vertaissovittelu\\\/?s={search_term_string}\"},\"query-input\":{\"@type\":\"PropertyValueSpecification\",\"valueRequired\":true,\"valueName\":\"search_term_string\"}}],\"inLanguage\":\"sv-SE\"},{\"@type\":\"Organization\",\"@id\":\"https:\\\/\\\/sovittelu.com\\\/vertaissovittelu\\\/#organization\",\"name\":\"VERSO-ohjelma\",\"url\":\"https:\\\/\\\/sovittelu.com\\\/vertaissovittelu\\\/\",\"logo\":{\"@type\":\"ImageObject\",\"inLanguage\":\"sv-SE\",\"@id\":\"https:\\\/\\\/sovittelu.com\\\/vertaissovittelu\\\/#\\\/schema\\\/logo\\\/image\\\/\",\"url\":\"https:\\\/\\\/sovittelu.com\\\/vertaissovittelu\\\/wp-content\\\/uploads\\\/2026\\\/01\\\/verso_ikoni_512x512px.png\",\"contentUrl\":\"https:\\\/\\\/sovittelu.com\\\/vertaissovittelu\\\/wp-content\\\/uploads\\\/2026\\\/01\\\/verso_ikoni_512x512px.png\",\"width\":512,\"height\":512,\"caption\":\"VERSO-ohjelma\"},\"image\":{\"@id\":\"https:\\\/\\\/sovittelu.com\\\/vertaissovittelu\\\/#\\\/schema\\\/logo\\\/image\\\/\"},\"sameAs\":[\"https:\\\/\\\/www.facebook.com\\\/VERSOsovittelu\",\"https:\\\/\\\/www.instagram.com\\\/verso_sovittelu\\\/\"]},{\"@type\":\"Person\",\"@id\":\"https:\\\/\\\/sovittelu.com\\\/vertaissovittelu\\\/#\\\/schema\\\/person\\\/7cf9dc57a10e1fba817a3f9f9cf56494\",\"name\":\"Nina Huhtinen\",\"url\":\"https:\\\/\\\/sovittelu.com\\\/vertaissovittelu\\\/sv\\\/author\\\/nina\\\/\"}]}<\/script>\n<!-- \/ Yoast SEO plugin. -->","yoast_head_json":{"title":"FULLT! N\u00e4sta \u00f6ppna RESTO-utbildning h\u00f6sten 2024 | Verso","robots":{"index":"index","follow":"follow","max-snippet":"max-snippet:-1","max-image-preview":"max-image-preview:large","max-video-preview":"max-video-preview:-1"},"canonical":"https:\/\/sovittelu.com\/vertaissovittelu\/sv\/nasta-oppna-restoutbildning-hosten-2024\/","og_locale":"sv_SE","og_type":"article","og_title":"T\u00c4YNN\u00c4! Seuraava avoin RESTO-koulutus syksyll\u00e4 2024 | Verso","og_description":"P\u00e4ivitys 22.5.: T\u00e4m\u00e4 koulutusryhm\u00e4 on t\u00e4yttynyt. Voit seurata tietoa tulevista avoimista RESTO-koulutuksista kotisivuiltamme tai tiedustella tarjousta tilauskoulutuksesta. Lue lis\u00e4\u00e4 RESTO-koulutussivulta! Seuraava avoin RESTO-koulutusryhm\u00e4 alkaa elokuussa 2024 ja et\u00e4toteutukseen p\u00e4\u00e4set helposti mukaan eri puolilta Suomea! Restoratiivinen&nbsp;&nbsp;ja sovitteleva yhteis\u00f6 (tuttavallisemmin RESTO -koulutus) tuottaa osallistujille tiedon ja taidon restoratiivisen l\u00e4hestymistavan ja sovittelun toteuttamiseen omassa ty\u00f6ss\u00e4\u00e4n ja erilaisissa konfliktitilanteissa....","og_url":"https:\/\/sovittelu.com\/vertaissovittelu\/sv\/nasta-oppna-restoutbildning-hosten-2024\/","og_site_name":"Verso","article_publisher":"https:\/\/www.facebook.com\/VERSOsovittelu","article_published_time":"2024-04-15T06:44:08+00:00","article_modified_time":"2025-12-17T08:56:55+00:00","og_image":[{"width":800,"height":567,"url":"https:\/\/sovittelu.com\/vertaissovittelu\/wp-content\/uploads\/2025\/09\/milla_sanalla_kuvailisit-verso_sanapilvi.jpg","type":"image\/jpeg"}],"author":"Nina Huhtinen","twitter_card":"summary_large_image","twitter_misc":{"Skriven av":"Nina Huhtinen","Ber\u00e4knad l\u00e4stid":"2 minuter"},"schema":{"@context":"https:\/\/schema.org","@graph":[{"@type":"Article","@id":"https:\/\/sovittelu.com\/vertaissovittelu\/seuraava-avoin-resto-koulutus-syksylla-2024\/#article","isPartOf":{"@id":"https:\/\/sovittelu.com\/vertaissovittelu\/seuraava-avoin-resto-koulutus-syksylla-2024\/"},"author":{"name":"Nina Huhtinen","@id":"https:\/\/sovittelu.com\/vertaissovittelu\/#\/schema\/person\/7cf9dc57a10e1fba817a3f9f9cf56494"},"headline":"T\u00c4YNN\u00c4! Seuraava avoin RESTO-koulutus syksyll\u00e4 2024","datePublished":"2024-04-15T06:44:08+00:00","dateModified":"2025-12-17T08:56:55+00:00","mainEntityOfPage":{"@id":"https:\/\/sovittelu.com\/vertaissovittelu\/seuraava-avoin-resto-koulutus-syksylla-2024\/"},"wordCount":375,"publisher":{"@id":"https:\/\/sovittelu.com\/vertaissovittelu\/#organization"},"image":{"@id":"https:\/\/sovittelu.com\/vertaissovittelu\/seuraava-avoin-resto-koulutus-syksylla-2024\/#primaryimage"},"thumbnailUrl":"https:\/\/sovittelu.com\/vertaissovittelu\/wp-content\/uploads\/2025\/09\/milla_sanalla_kuvailisit-verso_sanapilvi.jpg","keywords":["2024","RESTO"],"articleSection":["Koulutus","RESTO","Yleinen"],"inLanguage":"sv-SE"},{"@type":"WebPage","@id":"https:\/\/sovittelu.com\/vertaissovittelu\/seuraava-avoin-resto-koulutus-syksylla-2024\/","url":"https:\/\/sovittelu.com\/vertaissovittelu\/seuraava-avoin-resto-koulutus-syksylla-2024\/","name":"FULLT! N\u00e4sta \u00f6ppna RESTO-utbildning h\u00f6sten 2024 | Verso","isPartOf":{"@id":"https:\/\/sovittelu.com\/vertaissovittelu\/#website"},"primaryImageOfPage":{"@id":"https:\/\/sovittelu.com\/vertaissovittelu\/seuraava-avoin-resto-koulutus-syksylla-2024\/#primaryimage"},"image":{"@id":"https:\/\/sovittelu.com\/vertaissovittelu\/seuraava-avoin-resto-koulutus-syksylla-2024\/#primaryimage"},"thumbnailUrl":"https:\/\/sovittelu.com\/vertaissovittelu\/wp-content\/uploads\/2025\/09\/milla_sanalla_kuvailisit-verso_sanapilvi.jpg","datePublished":"2024-04-15T06:44:08+00:00","dateModified":"2025-12-17T08:56:55+00:00","breadcrumb":{"@id":"https:\/\/sovittelu.com\/vertaissovittelu\/seuraava-avoin-resto-koulutus-syksylla-2024\/#breadcrumb"},"inLanguage":"sv-SE","potentialAction":[{"@type":"ReadAction","target":["https:\/\/sovittelu.com\/vertaissovittelu\/seuraava-avoin-resto-koulutus-syksylla-2024\/"]}]},{"@type":"ImageObject","inLanguage":"sv-SE","@id":"https:\/\/sovittelu.com\/vertaissovittelu\/seuraava-avoin-resto-koulutus-syksylla-2024\/#primaryimage","url":"https:\/\/sovittelu.com\/vertaissovittelu\/wp-content\/uploads\/2025\/09\/milla_sanalla_kuvailisit-verso_sanapilvi.jpg","contentUrl":"https:\/\/sovittelu.com\/vertaissovittelu\/wp-content\/uploads\/2025\/09\/milla_sanalla_kuvailisit-verso_sanapilvi.jpg"},{"@type":"BreadcrumbList","@id":"https:\/\/sovittelu.com\/vertaissovittelu\/seuraava-avoin-resto-koulutus-syksylla-2024\/#breadcrumb","itemListElement":[{"@type":"ListItem","position":1,"name":"Etusivu","item":"https:\/\/sovittelu.com\/vertaissovittelu\/"},{"@type":"ListItem","position":2,"name":"T\u00c4YNN\u00c4! Seuraava avoin RESTO-koulutus syksyll\u00e4 2024"}]},{"@type":"WebSite","@id":"https:\/\/sovittelu.com\/vertaissovittelu\/#website","url":"https:\/\/sovittelu.com\/vertaissovittelu\/","name":"VERSO-programmet","description":"Program f\u00f6r kamratmedling","publisher":{"@id":"https:\/\/sovittelu.com\/vertaissovittelu\/#organization"},"potentialAction":[{"@type":"SearchAction","target":{"@type":"EntryPoint","urlTemplate":"https:\/\/sovittelu.com\/vertaissovittelu\/?s={search_term_string}"},"query-input":{"@type":"PropertyValueSpecification","valueRequired":true,"valueName":"search_term_string"}}],"inLanguage":"sv-SE"},{"@type":"Organization","@id":"https:\/\/sovittelu.com\/vertaissovittelu\/#organization","name":"VERSO-programmet","url":"https:\/\/sovittelu.com\/vertaissovittelu\/","logo":{"@type":"ImageObject","inLanguage":"sv-SE","@id":"https:\/\/sovittelu.com\/vertaissovittelu\/#\/schema\/logo\/image\/","url":"https:\/\/sovittelu.com\/vertaissovittelu\/wp-content\/uploads\/2026\/01\/verso_ikoni_512x512px.png","contentUrl":"https:\/\/sovittelu.com\/vertaissovittelu\/wp-content\/uploads\/2026\/01\/verso_ikoni_512x512px.png","width":512,"height":512,"caption":"VERSO-ohjelma"},"image":{"@id":"https:\/\/sovittelu.com\/vertaissovittelu\/#\/schema\/logo\/image\/"},"sameAs":["https:\/\/www.facebook.com\/VERSOsovittelu","https:\/\/www.instagram.com\/verso_sovittelu\/"]},{"@type":"Person","@id":"https:\/\/sovittelu.com\/vertaissovittelu\/#\/schema\/person\/7cf9dc57a10e1fba817a3f9f9cf56494","name":"Nina Huhtinen","url":"https:\/\/sovittelu.com\/vertaissovittelu\/sv\/author\/nina\/"}]}},"_links":{"self":[{"href":"https:\/\/sovittelu.com\/vertaissovittelu\/sv\/wp-json\/wp\/v2\/posts\/3972","targetHints":{"allow":["GET"]}}],"collection":[{"href":"https:\/\/sovittelu.com\/vertaissovittelu\/sv\/wp-json\/wp\/v2\/posts"}],"about":[{"href":"https:\/\/sovittelu.com\/vertaissovittelu\/sv\/wp-json\/wp\/v2\/types\/post"}],"author":[{"embeddable":true,"href":"https:\/\/sovittelu.com\/vertaissovittelu\/sv\/wp-json\/wp\/v2\/users\/14"}],"replies":[{"embeddable":true,"href":"https:\/\/sovittelu.com\/vertaissovittelu\/sv\/wp-json\/wp\/v2\/comments?post=3972"}],"version-history":[{"count":0,"href":"https:\/\/sovittelu.com\/vertaissovittelu\/sv\/wp-json\/wp\/v2\/posts\/3972\/revisions"}],"wp:attachment":[{"href":"https:\/\/sovittelu.com\/vertaissovittelu\/sv\/wp-json\/wp\/v2\/media?parent=3972"}],"wp:term":[{"taxonomy":"category","embeddable":true,"href":"https:\/\/sovittelu.com\/vertaissovittelu\/sv\/wp-json\/wp\/v2\/categories?post=3972"},{"taxonomy":"post_tag","embeddable":true,"href":"https:\/\/sovittelu.com\/vertaissovittelu\/sv\/wp-json\/wp\/v2\/tags?post=3972"}],"curies":[{"name":"wp","href":"https:\/\/api.w.org\/{rel}","templated":true}]}}