{"id":17263,"date":"2026-08-31T13:13:17","date_gmt":"2026-08-31T10:13:17","guid":{"rendered":"https:\/\/sovittelu.com\/vertaissovittelu\/?p=17263"},"modified":"2026-08-31T13:13:19","modified_gmt":"2026-08-31T10:13:19","slug":"medlingens-vardagsrum-onsdagen-den-2-september-2026-kl-16-00-17-30","status":"publish","type":"post","link":"https:\/\/sovittelu.com\/vertaissovittelu\/sv\/sovittelun-olohuone-keskiviikkona-2-9-2026-klo-16-00-17-30\/","title":{"rendered":"Medlingsvardagsrummet onsdagen den 2 september 2026 kl. 16.00\u201317.30\u00a0"},"content":{"rendered":"<p class=\"wp-block-paragraph\">V\u00e5r bakgrundsorganisation Finlands mediationsforum ry:s anordnade Medlingens vardagsrum kommer igen i veckan! <br><br>N\u00e4sta g\u00e5ng ses vi i Vardagsrummet onsdagen den 2 september kl. 16.00\u201317.30. D\u00e5 talar vi om artificiell intelligens: teknofilosofen och ordf\u00f6randen f\u00f6r f\u00f6reningen f\u00f6r medlingsturnalistik Sopiva ry Jarno Alastalo kommer f\u00f6r att tala om hur den allm\u00e4nna spridningen av artificiell intelligens p\u00e5verkar relationerna mellan m\u00e4nniskor och att leva tillsammans. Jarno funderar ocks\u00e5 mer brett p\u00e5 hur vi kan p\u00e5verka vilken riktning den artificiella intelligensen f\u00f6r oss som samh\u00e4lle. Man kan bekanta sig med Jarnos tankar redan p\u00e5 f\u00f6rhand om man vill genom hans bok \u201dDen svarta l\u00e5dan \u2013 b\u00f6rjan p\u00e5 eran av brist p\u00e5 artificiell intelligens\u201d som utkom i vintras: \u00a0<a href=\"https:\/\/www.sttinfo.fi\/tiedote\/71755318\/jarno-alastalon-teos-musta-laatikko-pohtii-tekoalya-ja-tulevaisuuden-ihmista?publisherId=64608824&amp;lang=fi\"><u>https:\/\/www.sttinfo.fi\/tiedote\/71755318\/jarno-alastalon-teos-musta-laatikko-pohtii-tekoalya-ja-tulevaisuuden-ihmista?publisherId=64608824&amp;lang=fi<\/u><\/a><\/p>\n\n\n\n<p class=\"wp-block-paragraph\">L\u00e4nk till september m\u00e5nads Vardagsrum:&nbsp;<a href=\"https:\/\/us06web.zoom.us\/j\/83030906482\"><u>https:\/\/us06web.zoom.us\/j\/83030906482<\/u><\/a><\/p>\n\n\n\n<p class=\"wp-block-paragraph\"><strong><em>Vilket vardagsrum<\/em><\/strong><em>: M\u00f6tena i vardagsrummet \u00e4r&nbsp;<\/em><a href=\"https:\/\/sovittelu.com\/vertaissovittelu\/sv\/\"><em><u>Finlands Medlingsforum rf (SSF rf)<\/u><\/em><\/a><em>&nbsp;ordnar kostnadsfria distanstr\u00e4ffar f\u00f6r medlare inom olika brister samt f\u00f6r dem som \u00e4r brett intresserade av teman relaterade till medling. Tr\u00e4ffinbjudarna skickas till SSF:s medlemmar. P\u00e5 tr\u00e4ffarna h\u00f6rs inledningsanf\u00f6randen och det diskuteras tillsammans om olika teman, l\u00e4rs nytt av varandra samt utbyts nyheter och erfarenheter.<\/em><\/p>\n\n\n\n<p class=\"wp-block-paragraph\">I forts\u00e4ttningen f\u00e5r du information om Vardagsrum-tr\u00e4ffarna s\u00e4krast <a href=\"https:\/\/sovittelu.com\/vertaissovittelu\/sv\/liity-jaseneksi\/\">genom att bli medlem i f\u00f6reningen<\/a> eller genom att f\u00f6lja <a href=\"https:\/\/fi.linkedin.com\/company\/suomen-sovittelufoorumi-ssf?trk=public_post_feed-actor-name\">LinkedIn-sidan<\/a>!<\/p>\n\n\n\n<p class=\"wp-block-paragraph\"><\/p>","protected":false},"excerpt":{"rendered":"<p>V\u00e5r bakgrundsorganisation Suomen sovittelufoorumi ry ordnar igen Medlingsvardagsrummet denna vecka! N\u00e4sta g\u00e5ng tr\u00e4ffas vi i Vardagsrummet onsdagen den 2 september kl. 16.00\u201317.30. D\u00e5 talar vi om artificiell intelligens: teknofilosofen och ordf\u00f6randen f\u00f6r Sovittelujournalistien yhdistys Sopiva ry, Jarno Alastalo, kommer och talar om hur utbredningen av artificiell intelligens p\u00e5verkar relationerna mellan m\u00e4nniskor och samlevnaden. Jarno funderar ocks\u00e5 vidare p\u00e5 hur vi kan p\u00e5verka i vilken riktning den artificiella intelligensen f\u00f6r oss\u2026<\/p>","protected":false},"author":14,"featured_media":0,"comment_status":"closed","ping_status":"open","sticky":false,"template":"","format":"standard","meta":{"_kad_post_transparent":"","_kad_post_title":"","_kad_post_layout":"","_kad_post_sidebar_id":"","_kad_post_content_style":"","_kad_post_vertical_padding":"","_kad_post_feature":"","_kad_post_feature_position":"","_kad_post_header":false,"_kad_post_footer":false,"_kad_post_classname":"","footnotes":""},"categories":[1],"tags":[1024,1022,1025,1021,958,217],"class_list":["post-17263","post","type-post","status-publish","format-standard","hentry","category-yleinen","tag-etatilaisuus","tag-jarno-alastalo","tag-sopiva-ry","tag-sovittelujournalismi","tag-sovittelun-olohuone","tag-suomen-sovittelufoorumi-ry"],"yoast_head":"<!-- This site is optimized with the Yoast SEO plugin v28.4 - https:\/\/yoast.com\/product\/yoast-seo-wordpress\/ -->\n<title>Sovittelun\u00a0Olohuone\u00a0keskiviikkona 2.9.2026 klo 16.00\u201317.30\u00a0 | Verso<\/title>\n<meta name=\"robots\" content=\"index, follow, max-snippet:-1, max-image-preview:large, max-video-preview:-1\" \/>\n<link rel=\"canonical\" href=\"https:\/\/sovittelu.com\/vertaissovittelu\/sv\/medlingens-vardagsrum-onsdagen-den-2-september-2026-kl-16-00-17-30\/\" \/>\n<meta property=\"og:locale\" content=\"sv_SE\" \/>\n<meta property=\"og:type\" content=\"article\" \/>\n<meta property=\"og:title\" content=\"Sovittelun\u00a0Olohuone\u00a0keskiviikkona 2.9.2026 klo 16.00\u201317.30\u00a0 | Verso\" \/>\n<meta property=\"og:description\" content=\"Taustayhdistyksemme Suomen sovittelufoorumi ry:n j\u00e4rjest\u00e4m\u00e4 Sovittelun olohuone tulee taas t\u00e4ll\u00e4 viikolla! Seuraavan kerran tapaamme\u00a0Olohuoneessa keskiviikkona 2.9. klo 16.00\u201317.30. Tuolloin puhumme teko\u00e4lyst\u00e4: tekno-filosofi ja\u00a0Sovittelujournalistien yhdistys Sopiva ry:n puheenjohtaja Jarno Alastalo tulee puhumaan siit\u00e4, miten teko\u00e4lyn yleistyminen vaikuttaa ihmisten v\u00e4lisiin suhteisiin ja yhdess\u00e4 el\u00e4miseen. Jarno pohtii my\u00f6s laajemmin sit\u00e4, miten voimme vaikuttaa siihen, mihin suuntaan teko\u00e4ly meit\u00e4...\" \/>\n<meta property=\"og:url\" content=\"https:\/\/sovittelu.com\/vertaissovittelu\/sv\/medlingens-vardagsrum-onsdagen-den-2-september-2026-kl-16-00-17-30\/\" \/>\n<meta property=\"og:site_name\" content=\"Verso\" \/>\n<meta property=\"article:publisher\" content=\"https:\/\/www.facebook.com\/VERSOsovittelu\" \/>\n<meta property=\"article:published_time\" content=\"2026-08-31T10:13:17+00:00\" \/>\n<meta property=\"article:modified_time\" content=\"2026-08-31T10:13:19+00:00\" \/>\n<meta property=\"og:image\" content=\"https:\/\/sovittelu.com\/vertaissovittelu\/wp-content\/uploads\/2025\/12\/verso-ohjelma_1200x675px.jpg\" \/>\n\t<meta property=\"og:image:width\" content=\"1200\" \/>\n\t<meta property=\"og:image:height\" content=\"675\" \/>\n\t<meta property=\"og:image:type\" content=\"image\/jpeg\" \/>\n<meta name=\"author\" content=\"Nina Huhtinen\" \/>\n<meta name=\"twitter:card\" content=\"summary_large_image\" \/>\n<meta name=\"twitter:label1\" content=\"Skriven av\" \/>\n\t<meta name=\"twitter:data1\" content=\"Nina Huhtinen\" \/>\n\t<meta name=\"twitter:label2\" content=\"Ber\u00e4knad l\u00e4stid\" \/>\n\t<meta name=\"twitter:data2\" content=\"1 minut\" \/>\n<script type=\"application\/ld+json\" class=\"yoast-schema-graph\">{\"@context\":\"https:\\\/\\\/schema.org\",\"@graph\":[{\"@type\":\"Article\",\"@id\":\"https:\\\/\\\/sovittelu.com\\\/vertaissovittelu\\\/sovittelun-olohuone-keskiviikkona-2-9-2026-klo-16-00-17-30\\\/#article\",\"isPartOf\":{\"@id\":\"https:\\\/\\\/sovittelu.com\\\/vertaissovittelu\\\/sovittelun-olohuone-keskiviikkona-2-9-2026-klo-16-00-17-30\\\/\"},\"author\":{\"name\":\"Nina Huhtinen\",\"@id\":\"https:\\\/\\\/sovittelu.com\\\/vertaissovittelu\\\/#\\\/schema\\\/person\\\/7cf9dc57a10e1fba817a3f9f9cf56494\"},\"headline\":\"Sovittelun\u00a0Olohuone\u00a0keskiviikkona 2.9.2026 klo 16.00\u201317.30\u00a0\",\"datePublished\":\"2026-08-31T10:13:17+00:00\",\"dateModified\":\"2026-08-31T10:13:19+00:00\",\"mainEntityOfPage\":{\"@id\":\"https:\\\/\\\/sovittelu.com\\\/vertaissovittelu\\\/sovittelun-olohuone-keskiviikkona-2-9-2026-klo-16-00-17-30\\\/\"},\"wordCount\":182,\"publisher\":{\"@id\":\"https:\\\/\\\/sovittelu.com\\\/vertaissovittelu\\\/#organization\"},\"keywords\":[\"et\u00e4tilaisuus\",\"Jarno Alastalo\",\"Sopiva ry\",\"sovittelujournalismi\",\"sovittelun olohuone\",\"Suomen sovittelufoorumi ry\"],\"articleSection\":[\"Yleinen\"],\"inLanguage\":\"sv-SE\"},{\"@type\":\"WebPage\",\"@id\":\"https:\\\/\\\/sovittelu.com\\\/vertaissovittelu\\\/sovittelun-olohuone-keskiviikkona-2-9-2026-klo-16-00-17-30\\\/\",\"url\":\"https:\\\/\\\/sovittelu.com\\\/vertaissovittelu\\\/sovittelun-olohuone-keskiviikkona-2-9-2026-klo-16-00-17-30\\\/\",\"name\":\"Sovittelun\u00a0Olohuone\u00a0keskiviikkona 2.9.2026 klo 16.00\u201317.30\u00a0 | Verso\",\"isPartOf\":{\"@id\":\"https:\\\/\\\/sovittelu.com\\\/vertaissovittelu\\\/#website\"},\"datePublished\":\"2026-08-31T10:13:17+00:00\",\"dateModified\":\"2026-08-31T10:13:19+00:00\",\"breadcrumb\":{\"@id\":\"https:\\\/\\\/sovittelu.com\\\/vertaissovittelu\\\/sovittelun-olohuone-keskiviikkona-2-9-2026-klo-16-00-17-30\\\/#breadcrumb\"},\"inLanguage\":\"sv-SE\",\"potentialAction\":[{\"@type\":\"ReadAction\",\"target\":[\"https:\\\/\\\/sovittelu.com\\\/vertaissovittelu\\\/sovittelun-olohuone-keskiviikkona-2-9-2026-klo-16-00-17-30\\\/\"]}]},{\"@type\":\"BreadcrumbList\",\"@id\":\"https:\\\/\\\/sovittelu.com\\\/vertaissovittelu\\\/sovittelun-olohuone-keskiviikkona-2-9-2026-klo-16-00-17-30\\\/#breadcrumb\",\"itemListElement\":[{\"@type\":\"ListItem\",\"position\":1,\"name\":\"Etusivu\",\"item\":\"https:\\\/\\\/sovittelu.com\\\/vertaissovittelu\\\/\"},{\"@type\":\"ListItem\",\"position\":2,\"name\":\"Sovittelun\u00a0Olohuone\u00a0keskiviikkona 2.9.2026 klo 16.00\u201317.30\u00a0\"}]},{\"@type\":\"WebSite\",\"@id\":\"https:\\\/\\\/sovittelu.com\\\/vertaissovittelu\\\/#website\",\"url\":\"https:\\\/\\\/sovittelu.com\\\/vertaissovittelu\\\/\",\"name\":\"VERSO-ohjelma\",\"description\":\"Vertaissovitteluohjelma\",\"publisher\":{\"@id\":\"https:\\\/\\\/sovittelu.com\\\/vertaissovittelu\\\/#organization\"},\"potentialAction\":[{\"@type\":\"SearchAction\",\"target\":{\"@type\":\"EntryPoint\",\"urlTemplate\":\"https:\\\/\\\/sovittelu.com\\\/vertaissovittelu\\\/?s={search_term_string}\"},\"query-input\":{\"@type\":\"PropertyValueSpecification\",\"valueRequired\":true,\"valueName\":\"search_term_string\"}}],\"inLanguage\":\"sv-SE\"},{\"@type\":\"Organization\",\"@id\":\"https:\\\/\\\/sovittelu.com\\\/vertaissovittelu\\\/#organization\",\"name\":\"VERSO-ohjelma\",\"url\":\"https:\\\/\\\/sovittelu.com\\\/vertaissovittelu\\\/\",\"logo\":{\"@type\":\"ImageObject\",\"inLanguage\":\"sv-SE\",\"@id\":\"https:\\\/\\\/sovittelu.com\\\/vertaissovittelu\\\/#\\\/schema\\\/logo\\\/image\\\/\",\"url\":\"https:\\\/\\\/sovittelu.com\\\/vertaissovittelu\\\/wp-content\\\/uploads\\\/2026\\\/01\\\/verso_ikoni_512x512px.png\",\"contentUrl\":\"https:\\\/\\\/sovittelu.com\\\/vertaissovittelu\\\/wp-content\\\/uploads\\\/2026\\\/01\\\/verso_ikoni_512x512px.png\",\"width\":512,\"height\":512,\"caption\":\"VERSO-ohjelma\"},\"image\":{\"@id\":\"https:\\\/\\\/sovittelu.com\\\/vertaissovittelu\\\/#\\\/schema\\\/logo\\\/image\\\/\"},\"sameAs\":[\"https:\\\/\\\/www.facebook.com\\\/VERSOsovittelu\",\"https:\\\/\\\/www.instagram.com\\\/verso_sovittelu\\\/\"]},{\"@type\":\"Person\",\"@id\":\"https:\\\/\\\/sovittelu.com\\\/vertaissovittelu\\\/#\\\/schema\\\/person\\\/7cf9dc57a10e1fba817a3f9f9cf56494\",\"name\":\"Nina Huhtinen\",\"url\":\"https:\\\/\\\/sovittelu.com\\\/vertaissovittelu\\\/sv\\\/author\\\/nina\\\/\"}]}<\/script>\n<!-- \/ Yoast SEO plugin. -->","yoast_head_json":{"title":"Medlingens Vardagsrum onsdagen den 2.9.2026 kl. 16.00\u201317.30 | Verso","robots":{"index":"index","follow":"follow","max-snippet":"max-snippet:-1","max-image-preview":"max-image-preview:large","max-video-preview":"max-video-preview:-1"},"canonical":"https:\/\/sovittelu.com\/vertaissovittelu\/sv\/medlingens-vardagsrum-onsdagen-den-2-september-2026-kl-16-00-17-30\/","og_locale":"sv_SE","og_type":"article","og_title":"Sovittelun\u00a0Olohuone\u00a0keskiviikkona 2.9.2026 klo 16.00\u201317.30\u00a0 | Verso","og_description":"Taustayhdistyksemme Suomen sovittelufoorumi ry:n j\u00e4rjest\u00e4m\u00e4 Sovittelun olohuone tulee taas t\u00e4ll\u00e4 viikolla! Seuraavan kerran tapaamme\u00a0Olohuoneessa keskiviikkona 2.9. klo 16.00\u201317.30. Tuolloin puhumme teko\u00e4lyst\u00e4: tekno-filosofi ja\u00a0Sovittelujournalistien yhdistys Sopiva ry:n puheenjohtaja Jarno Alastalo tulee puhumaan siit\u00e4, miten teko\u00e4lyn yleistyminen vaikuttaa ihmisten v\u00e4lisiin suhteisiin ja yhdess\u00e4 el\u00e4miseen. Jarno pohtii my\u00f6s laajemmin sit\u00e4, miten voimme vaikuttaa siihen, mihin suuntaan teko\u00e4ly meit\u00e4...","og_url":"https:\/\/sovittelu.com\/vertaissovittelu\/sv\/medlingens-vardagsrum-onsdagen-den-2-september-2026-kl-16-00-17-30\/","og_site_name":"Verso","article_publisher":"https:\/\/www.facebook.com\/VERSOsovittelu","article_published_time":"2026-08-31T10:13:17+00:00","article_modified_time":"2026-08-31T10:13:19+00:00","og_image":[{"width":1200,"height":675,"url":"https:\/\/sovittelu.com\/vertaissovittelu\/wp-content\/uploads\/2025\/12\/verso-ohjelma_1200x675px.jpg","type":"image\/jpeg"}],"author":"Nina Huhtinen","twitter_card":"summary_large_image","twitter_misc":{"Skriven av":"Nina Huhtinen","Ber\u00e4knad l\u00e4stid":"1 minut"},"schema":{"@context":"https:\/\/schema.org","@graph":[{"@type":"Article","@id":"https:\/\/sovittelu.com\/vertaissovittelu\/sovittelun-olohuone-keskiviikkona-2-9-2026-klo-16-00-17-30\/#article","isPartOf":{"@id":"https:\/\/sovittelu.com\/vertaissovittelu\/sovittelun-olohuone-keskiviikkona-2-9-2026-klo-16-00-17-30\/"},"author":{"name":"Nina Huhtinen","@id":"https:\/\/sovittelu.com\/vertaissovittelu\/#\/schema\/person\/7cf9dc57a10e1fba817a3f9f9cf56494"},"headline":"Sovittelun\u00a0Olohuone\u00a0keskiviikkona 2.9.2026 klo 16.00\u201317.30\u00a0","datePublished":"2026-08-31T10:13:17+00:00","dateModified":"2026-08-31T10:13:19+00:00","mainEntityOfPage":{"@id":"https:\/\/sovittelu.com\/vertaissovittelu\/sovittelun-olohuone-keskiviikkona-2-9-2026-klo-16-00-17-30\/"},"wordCount":182,"publisher":{"@id":"https:\/\/sovittelu.com\/vertaissovittelu\/#organization"},"keywords":["et\u00e4tilaisuus","Jarno Alastalo","Sopiva ry","sovittelujournalismi","sovittelun olohuone","Suomen sovittelufoorumi ry"],"articleSection":["Yleinen"],"inLanguage":"sv-SE"},{"@type":"WebPage","@id":"https:\/\/sovittelu.com\/vertaissovittelu\/sovittelun-olohuone-keskiviikkona-2-9-2026-klo-16-00-17-30\/","url":"https:\/\/sovittelu.com\/vertaissovittelu\/sovittelun-olohuone-keskiviikkona-2-9-2026-klo-16-00-17-30\/","name":"Medlingens Vardagsrum onsdagen den 2.9.2026 kl. 16.00\u201317.30 | Verso","isPartOf":{"@id":"https:\/\/sovittelu.com\/vertaissovittelu\/#website"},"datePublished":"2026-08-31T10:13:17+00:00","dateModified":"2026-08-31T10:13:19+00:00","breadcrumb":{"@id":"https:\/\/sovittelu.com\/vertaissovittelu\/sovittelun-olohuone-keskiviikkona-2-9-2026-klo-16-00-17-30\/#breadcrumb"},"inLanguage":"sv-SE","potentialAction":[{"@type":"ReadAction","target":["https:\/\/sovittelu.com\/vertaissovittelu\/sovittelun-olohuone-keskiviikkona-2-9-2026-klo-16-00-17-30\/"]}]},{"@type":"BreadcrumbList","@id":"https:\/\/sovittelu.com\/vertaissovittelu\/sovittelun-olohuone-keskiviikkona-2-9-2026-klo-16-00-17-30\/#breadcrumb","itemListElement":[{"@type":"ListItem","position":1,"name":"Etusivu","item":"https:\/\/sovittelu.com\/vertaissovittelu\/"},{"@type":"ListItem","position":2,"name":"Sovittelun\u00a0Olohuone\u00a0keskiviikkona 2.9.2026 klo 16.00\u201317.30\u00a0"}]},{"@type":"WebSite","@id":"https:\/\/sovittelu.com\/vertaissovittelu\/#website","url":"https:\/\/sovittelu.com\/vertaissovittelu\/","name":"VERSO-programmet","description":"Program f\u00f6r kamratmedling","publisher":{"@id":"https:\/\/sovittelu.com\/vertaissovittelu\/#organization"},"potentialAction":[{"@type":"SearchAction","target":{"@type":"EntryPoint","urlTemplate":"https:\/\/sovittelu.com\/vertaissovittelu\/?s={search_term_string}"},"query-input":{"@type":"PropertyValueSpecification","valueRequired":true,"valueName":"search_term_string"}}],"inLanguage":"sv-SE"},{"@type":"Organization","@id":"https:\/\/sovittelu.com\/vertaissovittelu\/#organization","name":"VERSO-programmet","url":"https:\/\/sovittelu.com\/vertaissovittelu\/","logo":{"@type":"ImageObject","inLanguage":"sv-SE","@id":"https:\/\/sovittelu.com\/vertaissovittelu\/#\/schema\/logo\/image\/","url":"https:\/\/sovittelu.com\/vertaissovittelu\/wp-content\/uploads\/2026\/01\/verso_ikoni_512x512px.png","contentUrl":"https:\/\/sovittelu.com\/vertaissovittelu\/wp-content\/uploads\/2026\/01\/verso_ikoni_512x512px.png","width":512,"height":512,"caption":"VERSO-ohjelma"},"image":{"@id":"https:\/\/sovittelu.com\/vertaissovittelu\/#\/schema\/logo\/image\/"},"sameAs":["https:\/\/www.facebook.com\/VERSOsovittelu","https:\/\/www.instagram.com\/verso_sovittelu\/"]},{"@type":"Person","@id":"https:\/\/sovittelu.com\/vertaissovittelu\/#\/schema\/person\/7cf9dc57a10e1fba817a3f9f9cf56494","name":"Nina Huhtinen","url":"https:\/\/sovittelu.com\/vertaissovittelu\/sv\/author\/nina\/"}]}},"_links":{"self":[{"href":"https:\/\/sovittelu.com\/vertaissovittelu\/sv\/wp-json\/wp\/v2\/posts\/17263","targetHints":{"allow":["GET"]}}],"collection":[{"href":"https:\/\/sovittelu.com\/vertaissovittelu\/sv\/wp-json\/wp\/v2\/posts"}],"about":[{"href":"https:\/\/sovittelu.com\/vertaissovittelu\/sv\/wp-json\/wp\/v2\/types\/post"}],"author":[{"embeddable":true,"href":"https:\/\/sovittelu.com\/vertaissovittelu\/sv\/wp-json\/wp\/v2\/users\/14"}],"replies":[{"embeddable":true,"href":"https:\/\/sovittelu.com\/vertaissovittelu\/sv\/wp-json\/wp\/v2\/comments?post=17263"}],"version-history":[{"count":1,"href":"https:\/\/sovittelu.com\/vertaissovittelu\/sv\/wp-json\/wp\/v2\/posts\/17263\/revisions"}],"predecessor-version":[{"id":17264,"href":"https:\/\/sovittelu.com\/vertaissovittelu\/sv\/wp-json\/wp\/v2\/posts\/17263\/revisions\/17264"}],"wp:attachment":[{"href":"https:\/\/sovittelu.com\/vertaissovittelu\/sv\/wp-json\/wp\/v2\/media?parent=17263"}],"wp:term":[{"taxonomy":"category","embeddable":true,"href":"https:\/\/sovittelu.com\/vertaissovittelu\/sv\/wp-json\/wp\/v2\/categories?post=17263"},{"taxonomy":"post_tag","embeddable":true,"href":"https:\/\/sovittelu.com\/vertaissovittelu\/sv\/wp-json\/wp\/v2\/tags?post=17263"}],"curies":[{"name":"wp","href":"https:\/\/api.w.org\/{rel}","templated":true}]}}