{"id":17072,"date":"2026-03-30T13:26:25","date_gmt":"2026-03-30T10:26:25","guid":{"rendered":"https:\/\/sovittelu.com\/vertaissovittelu\/?p=17072"},"modified":"2026-03-30T13:26:26","modified_gmt":"2026-03-30T10:26:26","slug":"vardagsrum-for-samtal-1-4-klockan-16-17","status":"publish","type":"post","link":"https:\/\/sovittelu.com\/vertaissovittelu\/sv\/ssfn-sovittelun-olohuone-1-4-klo-16-1730\/","title":{"rendered":"SSF:s Sovittelun olohuone 1 april kl. 16-17:30"},"content":{"rendered":"<p>N\u00e4sta kostnadsfria distansm\u00f6te f\u00f6r Finnish Mediation Forum Association \u00e4r nu p\u00e5 onsdag. L\u00e4s mer information nedan!<\/p>\n\n\n\n<p><strong>April Mediation Living Room: Hur st\u00e5r det till, medlare?<\/strong><\/p>\n\n\n\n<p>I aprilrummet&nbsp;<strong>onsdagen 1 april kl. 16.00\u201317.30<\/strong>&nbsp;kamratst\u00f6d och blickar mot framtiden! Vi kommer att diskutera de fr\u00e5gor som f\u00f6r n\u00e4rvarande intresserar och ber\u00f6r oss som medlare. Utifr\u00e5n detta kommer vi ocks\u00e5 att fr\u00e5ga oss vilken typ av \u00e4mnen som b\u00f6r tas upp i framtida Living Rooms.<\/p>\n\n\n\n<p>SSF:s vardagsrum under den g\u00e5ngna vintern har:<\/p>\n\n\n\n<ul class=\"wp-block-list\">\n<li>en sammanfattning av f\u00f6rra v\u00e5rens mediatordagar,<\/li>\n\n\n\n<li>h\u00f6rt om \u00c5bo stads arbetsplatsmedlingsrutiner (en inspelning av Miia Aaltosens presentation finns h\u00e4r:\u00a0<a href=\"https:\/\/www.youtube.com\/watch?v=OfooamBZGm8\">https:\/\/www.youtube.com\/watch?v=OfooamBZGm8<\/a>),<\/li>\n\n\n\n<li>diskuterad tvistl\u00f6sningens kvalitet,<\/li>\n\n\n\n<li>inl\u00e4rd om medling Forskning och<\/li>\n\n\n\n<li>diskuterats vad frivillighet inneb\u00e4r i praktiken i olika medlingsf\u00f6rfaranden och hur parternas motivation kan bed\u00f6mas (inspelning:\u00a0<a href=\"https:\/\/www.youtube.com\/watch?v=tXpRwUeUgEM&amp;t=2s\">https:\/\/www.youtube.com\/watch?v=tXpRwUeUgEM&amp;t=2s<\/a>)<\/li>\n<\/ul>\n\n\n\n<p>Expertpresentationer \u00e4r fantastiska, och vi har \u00e4ven framtida teman i \u00e5tanke. Men en viktig uppgift f\u00f6r Vardagsrummet \u00e4r att erbjuda en arenan f\u00f6r diskussion och att lyssna p\u00e5 varandra, s\u00e5 l\u00e5t det vara v\u00e5rt tema i april! Vilka fr\u00e5gor oroar sig inom medlingens f\u00e4lt just nu och varifr\u00e5n skulle man beh\u00f6va mer information? Har ni kanske sj\u00e4lva hittat n\u00e5got intressant som ni skulle vilja dela med andra medlare? Vi kommer ocks\u00e5 att ber\u00e4tta om kommande Vardagsrumsteman och lyssnar g\u00e4rna p\u00e5 era \u00e5sikter om dem. Och vilken annan verksamhet skulle ni \u00f6nska att SSF erbj\u00f6d?<\/p>\n\n\n\n<p>V\u00e4lkommen d\u00e4rmed till den glada skaran! Tillf\u00e4llet faciliteras som vanligt av folk fr\u00e5n styrelsen i Sveriges Medlingsforum.&nbsp;<\/p>\n\n\n\n<p>Separat registrering \u00e4r inte n\u00f6dv\u00e4ndig. Om du vill kan du vidarebefordra denna inbjudan till alla som \u00e4r intresserade av \u00e4mnet.&nbsp;<\/p>\n\n\n\n<p><strong>Du kan ansluta dig direkt fr\u00e5n Zoom-l\u00e4nken h\u00e4r:&nbsp;<\/strong><a href=\"https:\/\/us06web.zoom.us\/j\/87411608137\"><strong><u>https:\/\/us06web.zoom.us\/j\/87411608137<\/u><\/strong><\/a><\/p>\n\n\n\n<p>V\u00e5rens kommande Vardagsrum-datum \u00e4r:<\/p>\n\n\n\n<ul class=\"wp-block-list\">\n<li>Ons 6.5. kl. 16.00-17.30<\/li>\n\n\n\n<li>den 3.6. kl. 16.00\u201317.30<\/li>\n<\/ul>\n\n\n\n<p>V\u00e4lkommen ombord!<\/p>\n\n\n\n<p><strong><em>Vilket vardagsrum<\/em><\/strong><em>: M\u00f6tena i vardagsrummet \u00e4r&nbsp;<\/em><a href=\"https:\/\/sovittelu.com\/vertaissovittelu\/sv\/\"><em><u>Finlands Medlingsforum (SSF ry)<\/u><\/em><\/a><em>&nbsp;anordna kostnadsfria distansm\u00f6ten f\u00f6r medlare inom olika omr\u00e5den och f\u00f6r dem som \u00e4r intresserade av medlingsfr\u00e5gor i allm\u00e4nhet. Inbjudan till dessa m\u00f6ten skickas till SSF:s medlemmar. M\u00f6tena omfattar huvudtal och diskussioner om olika \u00e4mnen, d\u00e4r man l\u00e4r av varandra och utbyter nyheter och erfarenheter.<\/em> <\/p>","protected":false},"excerpt":{"rendered":"<p>V\u00e5rt st\u00f6dorganisation Finlands medlingsforum rf:s n\u00e4sta avgiftsfria distanstr\u00e4ff \u00e4r denna veckas onsdag. L\u00e4s mer detaljer nedan! Aprilias meditationsrum: Hur \u00e4r l\u00e4get, medlare? I Aprilias vardagsrum p\u00e5 onsdag 1.4. kl. 16.00\u201317.30 utlovas kamratst\u00f6d och blickar mot framtiden! Vi diskuterar vilka saker som f\u00f6r n\u00e4rvarande intresserar och bekymrar oss medlare. Utifr\u00e5n detta fr\u00e5gar vi ocks\u00e5 vilka teman som b\u00f6r behandlas i framtida vardagsrum. I SSF:s vardagsrum har den g\u00e5ngna\u2026<\/p>","protected":false},"author":14,"featured_media":0,"comment_status":"closed","ping_status":"open","sticky":false,"template":"","format":"standard","meta":{"_kad_post_transparent":"","_kad_post_title":"","_kad_post_layout":"","_kad_post_sidebar_id":"","_kad_post_content_style":"","_kad_post_vertical_padding":"","_kad_post_feature":"","_kad_post_feature_position":"","_kad_post_header":false,"_kad_post_footer":false,"_kad_post_classname":"","footnotes":""},"categories":[1],"tags":[959,961,25,958,217],"class_list":["post-17072","post","type-post","status-publish","format-standard","hentry","category-yleinen","tag-huhtikuu-2026","tag-reflektio","tag-sovittelu","tag-sovittelun-olohuone","tag-suomen-sovittelufoorumi-ry"],"yoast_head":"<!-- This site is optimized with the Yoast SEO plugin v27.4 - https:\/\/yoast.com\/product\/yoast-seo-wordpress\/ -->\n<title>SSF:n Sovittelun olohuone 1.4. klo 16-17:30 | Verso<\/title>\n<meta name=\"robots\" content=\"index, follow, max-snippet:-1, max-image-preview:large, max-video-preview:-1\" \/>\n<link rel=\"canonical\" href=\"https:\/\/sovittelu.com\/vertaissovittelu\/sv\/vardagsrum-for-samtal-1-4-klockan-16-17\/\" \/>\n<meta property=\"og:locale\" content=\"sv_SE\" \/>\n<meta property=\"og:type\" content=\"article\" \/>\n<meta property=\"og:title\" content=\"SSF:n Sovittelun olohuone 1.4. klo 16-17:30 | Verso\" \/>\n<meta property=\"og:description\" content=\"Taustayhdistyksemme Suomen sovittelufoorumi ry:n seuraava maksuton et\u00e4tapaaminen on t\u00e4m\u00e4n viikon keskiviikkona. Lue lis\u00e4tiedot alta! Huhtikuun Sovittelun Olohuone: Mit\u00e4 kuuluu, sovittelija? Huhtikuun Olohuoneessa&nbsp;keskiviikkona 1.4. klo 16.00\u201317.30&nbsp;luvassa on vertaistukea ja tulevaisuuteen t\u00e4hyst\u00e4mist\u00e4! Keskustelemme siit\u00e4, millaiset asiat meit\u00e4 sovittelijoita t\u00e4ll\u00e4 hetkell\u00e4 kiinnostavat ja mietitytt\u00e4v\u00e4t. T\u00e4lt\u00e4 pohjalta kysymme my\u00f6s, millaisia teemoja tulevissa Olohuoneissa tulisi k\u00e4sitell\u00e4. SSF:n Olohuoneissa on kuluneen...\" \/>\n<meta property=\"og:url\" content=\"https:\/\/sovittelu.com\/vertaissovittelu\/sv\/vardagsrum-for-samtal-1-4-klockan-16-17\/\" \/>\n<meta property=\"og:site_name\" content=\"Verso\" \/>\n<meta property=\"article:publisher\" content=\"https:\/\/www.facebook.com\/VERSOsovittelu\" \/>\n<meta property=\"article:published_time\" content=\"2026-03-30T10:26:25+00:00\" \/>\n<meta property=\"article:modified_time\" content=\"2026-03-30T10:26:26+00:00\" \/>\n<meta property=\"og:image\" content=\"https:\/\/sovittelu.com\/vertaissovittelu\/wp-content\/uploads\/2025\/12\/verso-ohjelma_1200x675px.jpg\" \/>\n\t<meta property=\"og:image:width\" content=\"1200\" \/>\n\t<meta property=\"og:image:height\" content=\"675\" \/>\n\t<meta property=\"og:image:type\" content=\"image\/jpeg\" \/>\n<meta name=\"author\" content=\"Nina Huhtinen\" \/>\n<meta name=\"twitter:card\" content=\"summary_large_image\" \/>\n<meta name=\"twitter:label1\" content=\"Skriven av\" \/>\n\t<meta name=\"twitter:data1\" content=\"Nina Huhtinen\" \/>\n\t<meta name=\"twitter:label2\" content=\"Ber\u00e4knad l\u00e4stid\" \/>\n\t<meta name=\"twitter:data2\" content=\"2 minuter\" \/>\n<script type=\"application\/ld+json\" class=\"yoast-schema-graph\">{\"@context\":\"https:\\\/\\\/schema.org\",\"@graph\":[{\"@type\":\"Article\",\"@id\":\"https:\\\/\\\/sovittelu.com\\\/vertaissovittelu\\\/ssfn-sovittelun-olohuone-1-4-klo-16-1730\\\/#article\",\"isPartOf\":{\"@id\":\"https:\\\/\\\/sovittelu.com\\\/vertaissovittelu\\\/ssfn-sovittelun-olohuone-1-4-klo-16-1730\\\/\"},\"author\":{\"name\":\"Nina Huhtinen\",\"@id\":\"https:\\\/\\\/sovittelu.com\\\/vertaissovittelu\\\/#\\\/schema\\\/person\\\/7cf9dc57a10e1fba817a3f9f9cf56494\"},\"headline\":\"SSF:n Sovittelun olohuone 1.4. klo 16-17:30\",\"datePublished\":\"2026-03-30T10:26:25+00:00\",\"dateModified\":\"2026-03-30T10:26:26+00:00\",\"mainEntityOfPage\":{\"@id\":\"https:\\\/\\\/sovittelu.com\\\/vertaissovittelu\\\/ssfn-sovittelun-olohuone-1-4-klo-16-1730\\\/\"},\"wordCount\":337,\"publisher\":{\"@id\":\"https:\\\/\\\/sovittelu.com\\\/vertaissovittelu\\\/#organization\"},\"keywords\":[\"huhtikuu 2026\",\"reflektio\",\"sovittelu\",\"sovittelun olohuone\",\"Suomen sovittelufoorumi ry\"],\"articleSection\":[\"Yleinen\"],\"inLanguage\":\"sv-SE\"},{\"@type\":\"WebPage\",\"@id\":\"https:\\\/\\\/sovittelu.com\\\/vertaissovittelu\\\/ssfn-sovittelun-olohuone-1-4-klo-16-1730\\\/\",\"url\":\"https:\\\/\\\/sovittelu.com\\\/vertaissovittelu\\\/ssfn-sovittelun-olohuone-1-4-klo-16-1730\\\/\",\"name\":\"SSF:n Sovittelun olohuone 1.4. klo 16-17:30 | Verso\",\"isPartOf\":{\"@id\":\"https:\\\/\\\/sovittelu.com\\\/vertaissovittelu\\\/#website\"},\"datePublished\":\"2026-03-30T10:26:25+00:00\",\"dateModified\":\"2026-03-30T10:26:26+00:00\",\"breadcrumb\":{\"@id\":\"https:\\\/\\\/sovittelu.com\\\/vertaissovittelu\\\/ssfn-sovittelun-olohuone-1-4-klo-16-1730\\\/#breadcrumb\"},\"inLanguage\":\"sv-SE\",\"potentialAction\":[{\"@type\":\"ReadAction\",\"target\":[\"https:\\\/\\\/sovittelu.com\\\/vertaissovittelu\\\/ssfn-sovittelun-olohuone-1-4-klo-16-1730\\\/\"]}]},{\"@type\":\"BreadcrumbList\",\"@id\":\"https:\\\/\\\/sovittelu.com\\\/vertaissovittelu\\\/ssfn-sovittelun-olohuone-1-4-klo-16-1730\\\/#breadcrumb\",\"itemListElement\":[{\"@type\":\"ListItem\",\"position\":1,\"name\":\"Etusivu\",\"item\":\"https:\\\/\\\/sovittelu.com\\\/vertaissovittelu\\\/\"},{\"@type\":\"ListItem\",\"position\":2,\"name\":\"SSF:n Sovittelun olohuone 1.4. klo 16-17:30\"}]},{\"@type\":\"WebSite\",\"@id\":\"https:\\\/\\\/sovittelu.com\\\/vertaissovittelu\\\/#website\",\"url\":\"https:\\\/\\\/sovittelu.com\\\/vertaissovittelu\\\/\",\"name\":\"VERSO-ohjelma\",\"description\":\"Vertaissovitteluohjelma\",\"publisher\":{\"@id\":\"https:\\\/\\\/sovittelu.com\\\/vertaissovittelu\\\/#organization\"},\"potentialAction\":[{\"@type\":\"SearchAction\",\"target\":{\"@type\":\"EntryPoint\",\"urlTemplate\":\"https:\\\/\\\/sovittelu.com\\\/vertaissovittelu\\\/?s={search_term_string}\"},\"query-input\":{\"@type\":\"PropertyValueSpecification\",\"valueRequired\":true,\"valueName\":\"search_term_string\"}}],\"inLanguage\":\"sv-SE\"},{\"@type\":\"Organization\",\"@id\":\"https:\\\/\\\/sovittelu.com\\\/vertaissovittelu\\\/#organization\",\"name\":\"VERSO-ohjelma\",\"url\":\"https:\\\/\\\/sovittelu.com\\\/vertaissovittelu\\\/\",\"logo\":{\"@type\":\"ImageObject\",\"inLanguage\":\"sv-SE\",\"@id\":\"https:\\\/\\\/sovittelu.com\\\/vertaissovittelu\\\/#\\\/schema\\\/logo\\\/image\\\/\",\"url\":\"https:\\\/\\\/sovittelu.com\\\/vertaissovittelu\\\/wp-content\\\/uploads\\\/2026\\\/01\\\/verso_ikoni_512x512px.png\",\"contentUrl\":\"https:\\\/\\\/sovittelu.com\\\/vertaissovittelu\\\/wp-content\\\/uploads\\\/2026\\\/01\\\/verso_ikoni_512x512px.png\",\"width\":512,\"height\":512,\"caption\":\"VERSO-ohjelma\"},\"image\":{\"@id\":\"https:\\\/\\\/sovittelu.com\\\/vertaissovittelu\\\/#\\\/schema\\\/logo\\\/image\\\/\"},\"sameAs\":[\"https:\\\/\\\/www.facebook.com\\\/VERSOsovittelu\",\"https:\\\/\\\/www.instagram.com\\\/verso_sovittelu\\\/\"]},{\"@type\":\"Person\",\"@id\":\"https:\\\/\\\/sovittelu.com\\\/vertaissovittelu\\\/#\\\/schema\\\/person\\\/7cf9dc57a10e1fba817a3f9f9cf56494\",\"name\":\"Nina Huhtinen\",\"url\":\"https:\\\/\\\/sovittelu.com\\\/vertaissovittelu\\\/sv\\\/author\\\/nina\\\/\"}]}<\/script>\n<!-- \/ Yoast SEO plugin. -->","yoast_head_json":{"title":"SSF:s Medlings vardagsrum 1.4. kl. 16-17:30 | Verso","robots":{"index":"index","follow":"follow","max-snippet":"max-snippet:-1","max-image-preview":"max-image-preview:large","max-video-preview":"max-video-preview:-1"},"canonical":"https:\/\/sovittelu.com\/vertaissovittelu\/sv\/vardagsrum-for-samtal-1-4-klockan-16-17\/","og_locale":"sv_SE","og_type":"article","og_title":"SSF:n Sovittelun olohuone 1.4. klo 16-17:30 | Verso","og_description":"Taustayhdistyksemme Suomen sovittelufoorumi ry:n seuraava maksuton et\u00e4tapaaminen on t\u00e4m\u00e4n viikon keskiviikkona. Lue lis\u00e4tiedot alta! Huhtikuun Sovittelun Olohuone: Mit\u00e4 kuuluu, sovittelija? Huhtikuun Olohuoneessa&nbsp;keskiviikkona 1.4. klo 16.00\u201317.30&nbsp;luvassa on vertaistukea ja tulevaisuuteen t\u00e4hyst\u00e4mist\u00e4! Keskustelemme siit\u00e4, millaiset asiat meit\u00e4 sovittelijoita t\u00e4ll\u00e4 hetkell\u00e4 kiinnostavat ja mietitytt\u00e4v\u00e4t. T\u00e4lt\u00e4 pohjalta kysymme my\u00f6s, millaisia teemoja tulevissa Olohuoneissa tulisi k\u00e4sitell\u00e4. SSF:n Olohuoneissa on kuluneen...","og_url":"https:\/\/sovittelu.com\/vertaissovittelu\/sv\/vardagsrum-for-samtal-1-4-klockan-16-17\/","og_site_name":"Verso","article_publisher":"https:\/\/www.facebook.com\/VERSOsovittelu","article_published_time":"2026-03-30T10:26:25+00:00","article_modified_time":"2026-03-30T10:26:26+00:00","og_image":[{"width":1200,"height":675,"url":"https:\/\/sovittelu.com\/vertaissovittelu\/wp-content\/uploads\/2025\/12\/verso-ohjelma_1200x675px.jpg","type":"image\/jpeg"}],"author":"Nina Huhtinen","twitter_card":"summary_large_image","twitter_misc":{"Skriven av":"Nina Huhtinen","Ber\u00e4knad l\u00e4stid":"2 minuter"},"schema":{"@context":"https:\/\/schema.org","@graph":[{"@type":"Article","@id":"https:\/\/sovittelu.com\/vertaissovittelu\/ssfn-sovittelun-olohuone-1-4-klo-16-1730\/#article","isPartOf":{"@id":"https:\/\/sovittelu.com\/vertaissovittelu\/ssfn-sovittelun-olohuone-1-4-klo-16-1730\/"},"author":{"name":"Nina Huhtinen","@id":"https:\/\/sovittelu.com\/vertaissovittelu\/#\/schema\/person\/7cf9dc57a10e1fba817a3f9f9cf56494"},"headline":"SSF:n Sovittelun olohuone 1.4. klo 16-17:30","datePublished":"2026-03-30T10:26:25+00:00","dateModified":"2026-03-30T10:26:26+00:00","mainEntityOfPage":{"@id":"https:\/\/sovittelu.com\/vertaissovittelu\/ssfn-sovittelun-olohuone-1-4-klo-16-1730\/"},"wordCount":337,"publisher":{"@id":"https:\/\/sovittelu.com\/vertaissovittelu\/#organization"},"keywords":["huhtikuu 2026","reflektio","sovittelu","sovittelun olohuone","Suomen sovittelufoorumi ry"],"articleSection":["Yleinen"],"inLanguage":"sv-SE"},{"@type":"WebPage","@id":"https:\/\/sovittelu.com\/vertaissovittelu\/ssfn-sovittelun-olohuone-1-4-klo-16-1730\/","url":"https:\/\/sovittelu.com\/vertaissovittelu\/ssfn-sovittelun-olohuone-1-4-klo-16-1730\/","name":"SSF:s Medlings vardagsrum 1.4. kl. 16-17:30 | Verso","isPartOf":{"@id":"https:\/\/sovittelu.com\/vertaissovittelu\/#website"},"datePublished":"2026-03-30T10:26:25+00:00","dateModified":"2026-03-30T10:26:26+00:00","breadcrumb":{"@id":"https:\/\/sovittelu.com\/vertaissovittelu\/ssfn-sovittelun-olohuone-1-4-klo-16-1730\/#breadcrumb"},"inLanguage":"sv-SE","potentialAction":[{"@type":"ReadAction","target":["https:\/\/sovittelu.com\/vertaissovittelu\/ssfn-sovittelun-olohuone-1-4-klo-16-1730\/"]}]},{"@type":"BreadcrumbList","@id":"https:\/\/sovittelu.com\/vertaissovittelu\/ssfn-sovittelun-olohuone-1-4-klo-16-1730\/#breadcrumb","itemListElement":[{"@type":"ListItem","position":1,"name":"Etusivu","item":"https:\/\/sovittelu.com\/vertaissovittelu\/"},{"@type":"ListItem","position":2,"name":"SSF:n Sovittelun olohuone 1.4. klo 16-17:30"}]},{"@type":"WebSite","@id":"https:\/\/sovittelu.com\/vertaissovittelu\/#website","url":"https:\/\/sovittelu.com\/vertaissovittelu\/","name":"VERSO-programmet","description":"Program f\u00f6r kamratmedling","publisher":{"@id":"https:\/\/sovittelu.com\/vertaissovittelu\/#organization"},"potentialAction":[{"@type":"SearchAction","target":{"@type":"EntryPoint","urlTemplate":"https:\/\/sovittelu.com\/vertaissovittelu\/?s={search_term_string}"},"query-input":{"@type":"PropertyValueSpecification","valueRequired":true,"valueName":"search_term_string"}}],"inLanguage":"sv-SE"},{"@type":"Organization","@id":"https:\/\/sovittelu.com\/vertaissovittelu\/#organization","name":"VERSO-programmet","url":"https:\/\/sovittelu.com\/vertaissovittelu\/","logo":{"@type":"ImageObject","inLanguage":"sv-SE","@id":"https:\/\/sovittelu.com\/vertaissovittelu\/#\/schema\/logo\/image\/","url":"https:\/\/sovittelu.com\/vertaissovittelu\/wp-content\/uploads\/2026\/01\/verso_ikoni_512x512px.png","contentUrl":"https:\/\/sovittelu.com\/vertaissovittelu\/wp-content\/uploads\/2026\/01\/verso_ikoni_512x512px.png","width":512,"height":512,"caption":"VERSO-ohjelma"},"image":{"@id":"https:\/\/sovittelu.com\/vertaissovittelu\/#\/schema\/logo\/image\/"},"sameAs":["https:\/\/www.facebook.com\/VERSOsovittelu","https:\/\/www.instagram.com\/verso_sovittelu\/"]},{"@type":"Person","@id":"https:\/\/sovittelu.com\/vertaissovittelu\/#\/schema\/person\/7cf9dc57a10e1fba817a3f9f9cf56494","name":"Nina Huhtinen","url":"https:\/\/sovittelu.com\/vertaissovittelu\/sv\/author\/nina\/"}]}},"_links":{"self":[{"href":"https:\/\/sovittelu.com\/vertaissovittelu\/sv\/wp-json\/wp\/v2\/posts\/17072","targetHints":{"allow":["GET"]}}],"collection":[{"href":"https:\/\/sovittelu.com\/vertaissovittelu\/sv\/wp-json\/wp\/v2\/posts"}],"about":[{"href":"https:\/\/sovittelu.com\/vertaissovittelu\/sv\/wp-json\/wp\/v2\/types\/post"}],"author":[{"embeddable":true,"href":"https:\/\/sovittelu.com\/vertaissovittelu\/sv\/wp-json\/wp\/v2\/users\/14"}],"replies":[{"embeddable":true,"href":"https:\/\/sovittelu.com\/vertaissovittelu\/sv\/wp-json\/wp\/v2\/comments?post=17072"}],"version-history":[{"count":1,"href":"https:\/\/sovittelu.com\/vertaissovittelu\/sv\/wp-json\/wp\/v2\/posts\/17072\/revisions"}],"predecessor-version":[{"id":17073,"href":"https:\/\/sovittelu.com\/vertaissovittelu\/sv\/wp-json\/wp\/v2\/posts\/17072\/revisions\/17073"}],"wp:attachment":[{"href":"https:\/\/sovittelu.com\/vertaissovittelu\/sv\/wp-json\/wp\/v2\/media?parent=17072"}],"wp:term":[{"taxonomy":"category","embeddable":true,"href":"https:\/\/sovittelu.com\/vertaissovittelu\/sv\/wp-json\/wp\/v2\/categories?post=17072"},{"taxonomy":"post_tag","embeddable":true,"href":"https:\/\/sovittelu.com\/vertaissovittelu\/sv\/wp-json\/wp\/v2\/tags?post=17072"}],"curies":[{"name":"wp","href":"https:\/\/api.w.org\/{rel}","templated":true}]}}