{"id":17012,"date":"2026-01-27T10:48:57","date_gmt":"2026-01-27T08:48:57","guid":{"rendered":"https:\/\/sovittelu.com\/vertaissovittelu\/?p=17012"},"modified":"2026-01-27T10:48:59","modified_gmt":"2026-01-27T08:48:59","slug":"ny-verso-e-utbildning-for-vuxna-ons-4-2-kl-14-15-1545","status":"publish","type":"post","link":"https:\/\/sovittelu.com\/vertaissovittelu\/sv\/uusien-verso-aikuisten-etakoulutus-ke-4-2-klo-14-15-1545\/","title":{"rendered":"Fj\u00e4rrutbildning f\u00f6r nya Verso vuxna Ons 4.2. kl 14.15-15:45"},"content":{"rendered":"<p>Vi kommer att erbjuda distansutbildning f\u00f6r nya Verso-vuxna i februari 2026!<\/p>\n\n\n\n<p>F\u00f6r att f\u00e5 den b\u00e4sta introduktionen till din viktiga roll, kontakta medlingsteamet p\u00e5 din skola eller h\u00f6gskola. Om du \u00e4r ny i huset eller beh\u00f6ver utbildning f\u00f6r att st\u00f6dja din roll kommer n\u00e4sta tillf\u00e4lle i februari! Hoppa ombord p\u00e5 en kostnadsfri distansutbildning onsdagen den 4 februari kl. 14.15-15.45 med v\u00e5ra utbildare Nina och Mick. <br><br><strong>Du kan f\u00e5 l\u00e4nk och material genom att registrera dig i f\u00f6rv\u00e4g p\u00e5 nina.huhtinen@sovittelu.com<\/strong>!<\/p>\n\n\n<div class=\"wp-block-image\">\n<figure class=\"alignleft size-full is-resized\"><img loading=\"lazy\" decoding=\"async\" width=\"800\" height=\"643\" src=\"https:\/\/sovittelu.com\/vertaissovittelu\/wp-content\/uploads\/2025\/11\/verso_sydan_800x643px.jpg\" alt=\"Verson-halsband arrangerade i form av ett hj\u00e4rta.\" class=\"wp-image-13944\" style=\"aspect-ratio:1.2441981968846443;width:347px;height:auto\" srcset=\"https:\/\/sovittelu.com\/vertaissovittelu\/wp-content\/uploads\/2025\/11\/verso_sydan_800x643px.jpg 800w, https:\/\/sovittelu.com\/vertaissovittelu\/wp-content\/uploads\/2025\/11\/verso_sydan_800x643px-500x402.jpg 500w, https:\/\/sovittelu.com\/vertaissovittelu\/wp-content\/uploads\/2025\/11\/verso_sydan_800x643px-768x617.jpg 768w\" sizes=\"auto, (max-width: 800px) 100vw, 800px\" \/><\/figure>\n<\/div>","protected":false},"excerpt":{"rendered":"<p>Vi kommer att erbjuda distansutbildning f\u00f6r nya Verso-vuxna i februari 2026! F\u00f6r att f\u00e5 den b\u00e4sta introduktionen till din viktiga roll, kontakta medlingsteamet p\u00e5 din skola eller h\u00f6gskola. Om du \u00e4r ny i huset eller ocks\u00e5 beh\u00f6ver utbildning f\u00f6r att st\u00f6dja din roll kommer n\u00e4sta tillf\u00e4lle i februari! Hoppa ombord p\u00e5 en kostnadsfri distansutbildning onsdagen den 4 februari kl. 14.15-15.45 med v\u00e5ra utbildare Nina och Mick. Du kan f\u00e5 l\u00e4nk och material genom att f\u00f6rregistrera dig p\u00e5 nina.huhtinen@sovittelu.com!<\/p>","protected":false},"author":14,"featured_media":0,"comment_status":"closed","ping_status":"open","sticky":false,"template":"","format":"standard","meta":{"_kad_post_transparent":"","_kad_post_title":"","_kad_post_layout":"","_kad_post_sidebar_id":"","_kad_post_content_style":"","_kad_post_vertical_padding":"","_kad_post_feature":"","_kad_post_feature_position":"","_kad_post_header":false,"_kad_post_footer":false,"_kad_post_classname":"","footnotes":""},"categories":[3,593,1],"tags":[222,133,26,931,932,87,929,930],"class_list":["post-17012","post","type-post","status-publish","format-standard","hentry","category-koulutus","category-verso","category-yleinen","tag-222","tag-etakoulutus","tag-koulutus","tag-perehdytys","tag-sovitteluohjaaja","tag-verso","tag-verso-aikuinen","tag-verso-ohjaaja"],"yoast_head":"<!-- This site is optimized with the Yoast SEO plugin v27.5 - https:\/\/yoast.com\/product\/yoast-seo-wordpress\/ -->\n<title>Uusien Verso-aikuisten et\u00e4koulutus ke 4.2. klo 14.15-15:45 | Verso<\/title>\n<meta name=\"robots\" content=\"index, follow, max-snippet:-1, max-image-preview:large, max-video-preview:-1\" \/>\n<link rel=\"canonical\" href=\"https:\/\/sovittelu.com\/vertaissovittelu\/sv\/ny-verso-e-utbildning-for-vuxna-ons-4-2-kl-14-15-1545\/\" \/>\n<meta property=\"og:locale\" content=\"sv_SE\" \/>\n<meta property=\"og:type\" content=\"article\" \/>\n<meta property=\"og:title\" content=\"Uusien Verso-aikuisten et\u00e4koulutus ke 4.2. klo 14.15-15:45 | Verso\" \/>\n<meta property=\"og:description\" content=\"Tarjoamme et\u00e4koulutusta uusille Verso-aikuisille helmikuussa 2026! Parhaan perehdytyksen t\u00e4rke\u00e4\u00e4n rooliisi saat oman koulun tai oppilaitoksen sovittelutiimilt\u00e4. Jos olet uusi talossa tai kaipaat my\u00f6s koulutusta roolisi tueksi, niin seuraava mahis tulee vastaan jo helmikuussa! Hypp\u00e4\u00e4 mukaan maksuttomaan et\u00e4koulutukseen ke 4.2. klo 14:15-15:45 kouluttajiemme Ninan ja Mickin kanssa. Linkin ja materiaalit saat ilmoittautumalla etuk\u00e4teen nina.huhtinen@sovittelu.com!\" \/>\n<meta property=\"og:url\" content=\"https:\/\/sovittelu.com\/vertaissovittelu\/sv\/ny-verso-e-utbildning-for-vuxna-ons-4-2-kl-14-15-1545\/\" \/>\n<meta property=\"og:site_name\" content=\"Verso\" \/>\n<meta property=\"article:publisher\" content=\"https:\/\/www.facebook.com\/VERSOsovittelu\" \/>\n<meta property=\"article:published_time\" content=\"2026-01-27T08:48:57+00:00\" \/>\n<meta property=\"article:modified_time\" content=\"2026-01-27T08:48:59+00:00\" \/>\n<meta property=\"og:image\" content=\"https:\/\/sovittelu.com\/vertaissovittelu\/wp-content\/uploads\/2025\/11\/verso_sydan_800x643px.jpg\" \/>\n\t<meta property=\"og:image:width\" content=\"800\" \/>\n\t<meta property=\"og:image:height\" content=\"643\" \/>\n\t<meta property=\"og:image:type\" content=\"image\/jpeg\" \/>\n<meta name=\"author\" content=\"Nina Huhtinen\" \/>\n<meta name=\"twitter:card\" content=\"summary_large_image\" \/>\n<meta name=\"twitter:label1\" content=\"Skriven av\" \/>\n\t<meta name=\"twitter:data1\" content=\"Nina Huhtinen\" \/>\n\t<meta name=\"twitter:label2\" content=\"Ber\u00e4knad l\u00e4stid\" \/>\n\t<meta name=\"twitter:data2\" content=\"1 minut\" \/>\n<script type=\"application\/ld+json\" class=\"yoast-schema-graph\">{\"@context\":\"https:\\\/\\\/schema.org\",\"@graph\":[{\"@type\":\"Article\",\"@id\":\"https:\\\/\\\/sovittelu.com\\\/vertaissovittelu\\\/uusien-verso-aikuisten-etakoulutus-ke-4-2-klo-14-15-1545\\\/#article\",\"isPartOf\":{\"@id\":\"https:\\\/\\\/sovittelu.com\\\/vertaissovittelu\\\/uusien-verso-aikuisten-etakoulutus-ke-4-2-klo-14-15-1545\\\/\"},\"author\":{\"name\":\"Nina Huhtinen\",\"@id\":\"https:\\\/\\\/sovittelu.com\\\/vertaissovittelu\\\/#\\\/schema\\\/person\\\/7cf9dc57a10e1fba817a3f9f9cf56494\"},\"headline\":\"Uusien Verso-aikuisten et\u00e4koulutus ke 4.2. klo 14.15-15:45\",\"datePublished\":\"2026-01-27T08:48:57+00:00\",\"dateModified\":\"2026-01-27T08:48:59+00:00\",\"mainEntityOfPage\":{\"@id\":\"https:\\\/\\\/sovittelu.com\\\/vertaissovittelu\\\/uusien-verso-aikuisten-etakoulutus-ke-4-2-klo-14-15-1545\\\/\"},\"wordCount\":67,\"publisher\":{\"@id\":\"https:\\\/\\\/sovittelu.com\\\/vertaissovittelu\\\/#organization\"},\"image\":{\"@id\":\"https:\\\/\\\/sovittelu.com\\\/vertaissovittelu\\\/uusien-verso-aikuisten-etakoulutus-ke-4-2-klo-14-15-1545\\\/#primaryimage\"},\"thumbnailUrl\":\"https:\\\/\\\/sovittelu.com\\\/vertaissovittelu\\\/wp-content\\\/uploads\\\/2025\\\/11\\\/verso_sydan_800x643px.jpg\",\"keywords\":[\"2026\",\"et\u00e4koulutus\",\"koulutus\",\"perehdytys\",\"sovitteluohjaaja\",\"verso\",\"Verso-aikuinen\",\"Verso-ohjaaja\"],\"articleSection\":[\"Koulutus\",\"Verso\",\"Yleinen\"],\"inLanguage\":\"sv-SE\"},{\"@type\":\"WebPage\",\"@id\":\"https:\\\/\\\/sovittelu.com\\\/vertaissovittelu\\\/uusien-verso-aikuisten-etakoulutus-ke-4-2-klo-14-15-1545\\\/\",\"url\":\"https:\\\/\\\/sovittelu.com\\\/vertaissovittelu\\\/uusien-verso-aikuisten-etakoulutus-ke-4-2-klo-14-15-1545\\\/\",\"name\":\"Uusien Verso-aikuisten et\u00e4koulutus ke 4.2. klo 14.15-15:45 | Verso\",\"isPartOf\":{\"@id\":\"https:\\\/\\\/sovittelu.com\\\/vertaissovittelu\\\/#website\"},\"primaryImageOfPage\":{\"@id\":\"https:\\\/\\\/sovittelu.com\\\/vertaissovittelu\\\/uusien-verso-aikuisten-etakoulutus-ke-4-2-klo-14-15-1545\\\/#primaryimage\"},\"image\":{\"@id\":\"https:\\\/\\\/sovittelu.com\\\/vertaissovittelu\\\/uusien-verso-aikuisten-etakoulutus-ke-4-2-klo-14-15-1545\\\/#primaryimage\"},\"thumbnailUrl\":\"https:\\\/\\\/sovittelu.com\\\/vertaissovittelu\\\/wp-content\\\/uploads\\\/2025\\\/11\\\/verso_sydan_800x643px.jpg\",\"datePublished\":\"2026-01-27T08:48:57+00:00\",\"dateModified\":\"2026-01-27T08:48:59+00:00\",\"breadcrumb\":{\"@id\":\"https:\\\/\\\/sovittelu.com\\\/vertaissovittelu\\\/uusien-verso-aikuisten-etakoulutus-ke-4-2-klo-14-15-1545\\\/#breadcrumb\"},\"inLanguage\":\"sv-SE\",\"potentialAction\":[{\"@type\":\"ReadAction\",\"target\":[\"https:\\\/\\\/sovittelu.com\\\/vertaissovittelu\\\/uusien-verso-aikuisten-etakoulutus-ke-4-2-klo-14-15-1545\\\/\"]}]},{\"@type\":\"ImageObject\",\"inLanguage\":\"sv-SE\",\"@id\":\"https:\\\/\\\/sovittelu.com\\\/vertaissovittelu\\\/uusien-verso-aikuisten-etakoulutus-ke-4-2-klo-14-15-1545\\\/#primaryimage\",\"url\":\"https:\\\/\\\/sovittelu.com\\\/vertaissovittelu\\\/wp-content\\\/uploads\\\/2025\\\/11\\\/verso_sydan_800x643px.jpg\",\"contentUrl\":\"https:\\\/\\\/sovittelu.com\\\/vertaissovittelu\\\/wp-content\\\/uploads\\\/2025\\\/11\\\/verso_sydan_800x643px.jpg\"},{\"@type\":\"BreadcrumbList\",\"@id\":\"https:\\\/\\\/sovittelu.com\\\/vertaissovittelu\\\/uusien-verso-aikuisten-etakoulutus-ke-4-2-klo-14-15-1545\\\/#breadcrumb\",\"itemListElement\":[{\"@type\":\"ListItem\",\"position\":1,\"name\":\"Etusivu\",\"item\":\"https:\\\/\\\/sovittelu.com\\\/vertaissovittelu\\\/\"},{\"@type\":\"ListItem\",\"position\":2,\"name\":\"Uusien Verso-aikuisten et\u00e4koulutus ke 4.2. klo 14.15-15:45\"}]},{\"@type\":\"WebSite\",\"@id\":\"https:\\\/\\\/sovittelu.com\\\/vertaissovittelu\\\/#website\",\"url\":\"https:\\\/\\\/sovittelu.com\\\/vertaissovittelu\\\/\",\"name\":\"VERSO-ohjelma\",\"description\":\"Vertaissovitteluohjelma\",\"publisher\":{\"@id\":\"https:\\\/\\\/sovittelu.com\\\/vertaissovittelu\\\/#organization\"},\"potentialAction\":[{\"@type\":\"SearchAction\",\"target\":{\"@type\":\"EntryPoint\",\"urlTemplate\":\"https:\\\/\\\/sovittelu.com\\\/vertaissovittelu\\\/?s={search_term_string}\"},\"query-input\":{\"@type\":\"PropertyValueSpecification\",\"valueRequired\":true,\"valueName\":\"search_term_string\"}}],\"inLanguage\":\"sv-SE\"},{\"@type\":\"Organization\",\"@id\":\"https:\\\/\\\/sovittelu.com\\\/vertaissovittelu\\\/#organization\",\"name\":\"VERSO-ohjelma\",\"url\":\"https:\\\/\\\/sovittelu.com\\\/vertaissovittelu\\\/\",\"logo\":{\"@type\":\"ImageObject\",\"inLanguage\":\"sv-SE\",\"@id\":\"https:\\\/\\\/sovittelu.com\\\/vertaissovittelu\\\/#\\\/schema\\\/logo\\\/image\\\/\",\"url\":\"https:\\\/\\\/sovittelu.com\\\/vertaissovittelu\\\/wp-content\\\/uploads\\\/2026\\\/01\\\/verso_ikoni_512x512px.png\",\"contentUrl\":\"https:\\\/\\\/sovittelu.com\\\/vertaissovittelu\\\/wp-content\\\/uploads\\\/2026\\\/01\\\/verso_ikoni_512x512px.png\",\"width\":512,\"height\":512,\"caption\":\"VERSO-ohjelma\"},\"image\":{\"@id\":\"https:\\\/\\\/sovittelu.com\\\/vertaissovittelu\\\/#\\\/schema\\\/logo\\\/image\\\/\"},\"sameAs\":[\"https:\\\/\\\/www.facebook.com\\\/VERSOsovittelu\",\"https:\\\/\\\/www.instagram.com\\\/verso_sovittelu\\\/\"]},{\"@type\":\"Person\",\"@id\":\"https:\\\/\\\/sovittelu.com\\\/vertaissovittelu\\\/#\\\/schema\\\/person\\\/7cf9dc57a10e1fba817a3f9f9cf56494\",\"name\":\"Nina Huhtinen\",\"url\":\"https:\\\/\\\/sovittelu.com\\\/vertaissovittelu\\\/sv\\\/author\\\/nina\\\/\"}]}<\/script>\n<!-- \/ Yoast SEO plugin. -->","yoast_head_json":{"title":"Distansutbildning f\u00f6r nya Verso-vuxna Ons 4 feb kl 14.15-15.45 | Verso","robots":{"index":"index","follow":"follow","max-snippet":"max-snippet:-1","max-image-preview":"max-image-preview:large","max-video-preview":"max-video-preview:-1"},"canonical":"https:\/\/sovittelu.com\/vertaissovittelu\/sv\/ny-verso-e-utbildning-for-vuxna-ons-4-2-kl-14-15-1545\/","og_locale":"sv_SE","og_type":"article","og_title":"Uusien Verso-aikuisten et\u00e4koulutus ke 4.2. klo 14.15-15:45 | Verso","og_description":"Tarjoamme et\u00e4koulutusta uusille Verso-aikuisille helmikuussa 2026! Parhaan perehdytyksen t\u00e4rke\u00e4\u00e4n rooliisi saat oman koulun tai oppilaitoksen sovittelutiimilt\u00e4. Jos olet uusi talossa tai kaipaat my\u00f6s koulutusta roolisi tueksi, niin seuraava mahis tulee vastaan jo helmikuussa! Hypp\u00e4\u00e4 mukaan maksuttomaan et\u00e4koulutukseen ke 4.2. klo 14:15-15:45 kouluttajiemme Ninan ja Mickin kanssa. Linkin ja materiaalit saat ilmoittautumalla etuk\u00e4teen nina.huhtinen@sovittelu.com!","og_url":"https:\/\/sovittelu.com\/vertaissovittelu\/sv\/ny-verso-e-utbildning-for-vuxna-ons-4-2-kl-14-15-1545\/","og_site_name":"Verso","article_publisher":"https:\/\/www.facebook.com\/VERSOsovittelu","article_published_time":"2026-01-27T08:48:57+00:00","article_modified_time":"2026-01-27T08:48:59+00:00","og_image":[{"width":800,"height":643,"url":"https:\/\/sovittelu.com\/vertaissovittelu\/wp-content\/uploads\/2025\/11\/verso_sydan_800x643px.jpg","type":"image\/jpeg"}],"author":"Nina Huhtinen","twitter_card":"summary_large_image","twitter_misc":{"Skriven av":"Nina Huhtinen","Ber\u00e4knad l\u00e4stid":"1 minut"},"schema":{"@context":"https:\/\/schema.org","@graph":[{"@type":"Article","@id":"https:\/\/sovittelu.com\/vertaissovittelu\/uusien-verso-aikuisten-etakoulutus-ke-4-2-klo-14-15-1545\/#article","isPartOf":{"@id":"https:\/\/sovittelu.com\/vertaissovittelu\/uusien-verso-aikuisten-etakoulutus-ke-4-2-klo-14-15-1545\/"},"author":{"name":"Nina Huhtinen","@id":"https:\/\/sovittelu.com\/vertaissovittelu\/#\/schema\/person\/7cf9dc57a10e1fba817a3f9f9cf56494"},"headline":"Uusien Verso-aikuisten et\u00e4koulutus ke 4.2. klo 14.15-15:45","datePublished":"2026-01-27T08:48:57+00:00","dateModified":"2026-01-27T08:48:59+00:00","mainEntityOfPage":{"@id":"https:\/\/sovittelu.com\/vertaissovittelu\/uusien-verso-aikuisten-etakoulutus-ke-4-2-klo-14-15-1545\/"},"wordCount":67,"publisher":{"@id":"https:\/\/sovittelu.com\/vertaissovittelu\/#organization"},"image":{"@id":"https:\/\/sovittelu.com\/vertaissovittelu\/uusien-verso-aikuisten-etakoulutus-ke-4-2-klo-14-15-1545\/#primaryimage"},"thumbnailUrl":"https:\/\/sovittelu.com\/vertaissovittelu\/wp-content\/uploads\/2025\/11\/verso_sydan_800x643px.jpg","keywords":["2026","et\u00e4koulutus","koulutus","perehdytys","sovitteluohjaaja","verso","Verso-aikuinen","Verso-ohjaaja"],"articleSection":["Koulutus","Verso","Yleinen"],"inLanguage":"sv-SE"},{"@type":"WebPage","@id":"https:\/\/sovittelu.com\/vertaissovittelu\/uusien-verso-aikuisten-etakoulutus-ke-4-2-klo-14-15-1545\/","url":"https:\/\/sovittelu.com\/vertaissovittelu\/uusien-verso-aikuisten-etakoulutus-ke-4-2-klo-14-15-1545\/","name":"Distansutbildning f\u00f6r nya Verso-vuxna Ons 4 feb kl 14.15-15.45 | Verso","isPartOf":{"@id":"https:\/\/sovittelu.com\/vertaissovittelu\/#website"},"primaryImageOfPage":{"@id":"https:\/\/sovittelu.com\/vertaissovittelu\/uusien-verso-aikuisten-etakoulutus-ke-4-2-klo-14-15-1545\/#primaryimage"},"image":{"@id":"https:\/\/sovittelu.com\/vertaissovittelu\/uusien-verso-aikuisten-etakoulutus-ke-4-2-klo-14-15-1545\/#primaryimage"},"thumbnailUrl":"https:\/\/sovittelu.com\/vertaissovittelu\/wp-content\/uploads\/2025\/11\/verso_sydan_800x643px.jpg","datePublished":"2026-01-27T08:48:57+00:00","dateModified":"2026-01-27T08:48:59+00:00","breadcrumb":{"@id":"https:\/\/sovittelu.com\/vertaissovittelu\/uusien-verso-aikuisten-etakoulutus-ke-4-2-klo-14-15-1545\/#breadcrumb"},"inLanguage":"sv-SE","potentialAction":[{"@type":"ReadAction","target":["https:\/\/sovittelu.com\/vertaissovittelu\/uusien-verso-aikuisten-etakoulutus-ke-4-2-klo-14-15-1545\/"]}]},{"@type":"ImageObject","inLanguage":"sv-SE","@id":"https:\/\/sovittelu.com\/vertaissovittelu\/uusien-verso-aikuisten-etakoulutus-ke-4-2-klo-14-15-1545\/#primaryimage","url":"https:\/\/sovittelu.com\/vertaissovittelu\/wp-content\/uploads\/2025\/11\/verso_sydan_800x643px.jpg","contentUrl":"https:\/\/sovittelu.com\/vertaissovittelu\/wp-content\/uploads\/2025\/11\/verso_sydan_800x643px.jpg"},{"@type":"BreadcrumbList","@id":"https:\/\/sovittelu.com\/vertaissovittelu\/uusien-verso-aikuisten-etakoulutus-ke-4-2-klo-14-15-1545\/#breadcrumb","itemListElement":[{"@type":"ListItem","position":1,"name":"Etusivu","item":"https:\/\/sovittelu.com\/vertaissovittelu\/"},{"@type":"ListItem","position":2,"name":"Uusien Verso-aikuisten et\u00e4koulutus ke 4.2. klo 14.15-15:45"}]},{"@type":"WebSite","@id":"https:\/\/sovittelu.com\/vertaissovittelu\/#website","url":"https:\/\/sovittelu.com\/vertaissovittelu\/","name":"VERSO-programmet","description":"Program f\u00f6r kamratmedling","publisher":{"@id":"https:\/\/sovittelu.com\/vertaissovittelu\/#organization"},"potentialAction":[{"@type":"SearchAction","target":{"@type":"EntryPoint","urlTemplate":"https:\/\/sovittelu.com\/vertaissovittelu\/?s={search_term_string}"},"query-input":{"@type":"PropertyValueSpecification","valueRequired":true,"valueName":"search_term_string"}}],"inLanguage":"sv-SE"},{"@type":"Organization","@id":"https:\/\/sovittelu.com\/vertaissovittelu\/#organization","name":"VERSO-programmet","url":"https:\/\/sovittelu.com\/vertaissovittelu\/","logo":{"@type":"ImageObject","inLanguage":"sv-SE","@id":"https:\/\/sovittelu.com\/vertaissovittelu\/#\/schema\/logo\/image\/","url":"https:\/\/sovittelu.com\/vertaissovittelu\/wp-content\/uploads\/2026\/01\/verso_ikoni_512x512px.png","contentUrl":"https:\/\/sovittelu.com\/vertaissovittelu\/wp-content\/uploads\/2026\/01\/verso_ikoni_512x512px.png","width":512,"height":512,"caption":"VERSO-ohjelma"},"image":{"@id":"https:\/\/sovittelu.com\/vertaissovittelu\/#\/schema\/logo\/image\/"},"sameAs":["https:\/\/www.facebook.com\/VERSOsovittelu","https:\/\/www.instagram.com\/verso_sovittelu\/"]},{"@type":"Person","@id":"https:\/\/sovittelu.com\/vertaissovittelu\/#\/schema\/person\/7cf9dc57a10e1fba817a3f9f9cf56494","name":"Nina Huhtinen","url":"https:\/\/sovittelu.com\/vertaissovittelu\/sv\/author\/nina\/"}]}},"_links":{"self":[{"href":"https:\/\/sovittelu.com\/vertaissovittelu\/sv\/wp-json\/wp\/v2\/posts\/17012","targetHints":{"allow":["GET"]}}],"collection":[{"href":"https:\/\/sovittelu.com\/vertaissovittelu\/sv\/wp-json\/wp\/v2\/posts"}],"about":[{"href":"https:\/\/sovittelu.com\/vertaissovittelu\/sv\/wp-json\/wp\/v2\/types\/post"}],"author":[{"embeddable":true,"href":"https:\/\/sovittelu.com\/vertaissovittelu\/sv\/wp-json\/wp\/v2\/users\/14"}],"replies":[{"embeddable":true,"href":"https:\/\/sovittelu.com\/vertaissovittelu\/sv\/wp-json\/wp\/v2\/comments?post=17012"}],"version-history":[{"count":0,"href":"https:\/\/sovittelu.com\/vertaissovittelu\/sv\/wp-json\/wp\/v2\/posts\/17012\/revisions"}],"wp:attachment":[{"href":"https:\/\/sovittelu.com\/vertaissovittelu\/sv\/wp-json\/wp\/v2\/media?parent=17012"}],"wp:term":[{"taxonomy":"category","embeddable":true,"href":"https:\/\/sovittelu.com\/vertaissovittelu\/sv\/wp-json\/wp\/v2\/categories?post=17012"},{"taxonomy":"post_tag","embeddable":true,"href":"https:\/\/sovittelu.com\/vertaissovittelu\/sv\/wp-json\/wp\/v2\/tags?post=17012"}],"curies":[{"name":"wp","href":"https:\/\/api.w.org\/{rel}","templated":true}]}}