{"id":16947,"date":"2026-01-16T08:40:42","date_gmt":"2026-01-16T06:40:42","guid":{"rendered":"https:\/\/sovittelu.com\/vertaissovittelu\/?p=16947"},"modified":"2026-03-06T12:58:57","modified_gmt":"2026-03-06T10:58:57","slug":"oppen-restautbildning-pa-vart-kontor-i-kevala-2026-anmal-dig-nu","status":"publish","type":"post","link":"https:\/\/sovittelu.com\/vertaissovittelu\/sv\/avoin-resto-koulutus-toimistollamme-kevaalla-2026-ilmoittaudu-nyt\/","title":{"rendered":"FULL! \u00d6ppen RESTO-utbildning p\u00e5 v\u00e5rt kontor v\u00e5ren 2026 -"},"content":{"rendered":"<p><br><strong>Uppdatering 5.6.: Den h\u00e4r utbildningsgruppen \u00e4r full, n\u00e4sta \u00f6ppna utbildning \u00e4r planerad till h\u00f6sten 2026!<br><\/strong><br>Baserat p\u00e5 \u00f6nskem\u00e5l fr\u00e5n f\u00e4ltet har vi \u00f6ppnat anm\u00e4lan till den nya \u00f6ppna RESTO - Restorative and Reconciliatory Community Training v\u00e5ren 2026. L\u00e4s mer nedan och anm\u00e4l dig!<\/p>\n\n\n\n<p>Restorative and Reconciliatory Community (mer k\u00e4nd som RESTO-utbildningen) ger deltagarna kunskap och f\u00e4rdigheter att implementera ett restorativt f\u00f6rh\u00e5llningss\u00e4tt och medling i sitt eget arbete och i olika konfliktsituationer. Utbildningen \u00e4r praktisk och bygger p\u00e5 samarbete. Utbildningen ger det n\u00f6dv\u00e4ndiga materialet f\u00f6r praktiskt arbete, som varje deltagare kan anv\u00e4nda i sitt eget samh\u00e4lle som de vill. Inneh\u00e5llet i utbildningstillf\u00e4llena kommer att baseras p\u00e5 deltagarnas insikter, erfarenheter och diskussioner, s\u00e5 varje grupp kommer att skapa sin egen kurs.&nbsp;<\/p>\n\n\n\n<p><strong>OBS!<\/strong>&nbsp;Vi rekommenderar starkt att 2-4 personalrepresentanter fr\u00e5n varje l\u00e4rgrupp deltar i utbildningen. Detta m\u00f6jligg\u00f6r en mer effektiv \u00f6verf\u00f6ring av den reparativa metoden till deras egen gemenskap och att medling kan utf\u00f6ras i par vid behov.<\/p>\n\n\n\n<p>Utbildningen \u00e4r en process som kr\u00e4ver n\u00e4rvaro i alla steg. I slutet av utbildningen kommer deltagaren att ha en f\u00f6rst\u00e5else f\u00f6r reparativt t\u00e4nkande, inkludering och bem\u00f6tande. Deltagaren kommer ocks\u00e5 att kunna anv\u00e4nda processen f\u00f6r \u00e5teruppbyggande medling i vardagliga konfliktsituationer.<\/p>\n\n\n<style>.kb-image16947_5226fa-07.kb-image-is-ratio-size, .kb-image16947_5226fa-07 .kb-image-is-ratio-size{max-width:500px;width:100%;}.wp-block-kadence-column > .kt-inside-inner-col > .kb-image16947_5226fa-07.kb-image-is-ratio-size, .wp-block-kadence-column > .kt-inside-inner-col > .kb-image16947_5226fa-07 .kb-image-is-ratio-size{align-self:unset;}.kb-image16947_5226fa-07{max-width:500px;}.image-is-svg.kb-image16947_5226fa-07{-webkit-flex:0 1 100%;flex:0 1 100%;}.image-is-svg.kb-image16947_5226fa-07 img{width:100%;}.kb-image16947_5226fa-07 .kb-image-has-overlay:after{opacity:0.3;}<\/style>\n<figure class=\"wp-block-kadence-image kb-image16947_5226fa-07 size-large\"><img loading=\"lazy\" decoding=\"async\" width=\"1024\" height=\"288\" src=\"https:\/\/sovittelu.com\/vertaissovittelu\/wp-content\/uploads\/2025\/12\/JL3A0493-1024x288.jpg\" alt=\"Verson levererar kort och packar.\" class=\"kb-img wp-image-14776\" srcset=\"https:\/\/sovittelu.com\/vertaissovittelu\/wp-content\/uploads\/2025\/12\/JL3A0493-1024x288.jpg 1024w, https:\/\/sovittelu.com\/vertaissovittelu\/wp-content\/uploads\/2025\/12\/JL3A0493-500x141.jpg 500w, https:\/\/sovittelu.com\/vertaissovittelu\/wp-content\/uploads\/2025\/12\/JL3A0493-768x216.jpg 768w, https:\/\/sovittelu.com\/vertaissovittelu\/wp-content\/uploads\/2025\/12\/JL3A0493-1536x432.jpg 1536w, https:\/\/sovittelu.com\/vertaissovittelu\/wp-content\/uploads\/2025\/12\/JL3A0493.jpg 1920w\" sizes=\"auto, (max-width: 1024px) 100vw, 1024px\" \/><\/figure>\n\n\n\n<p><strong>M\u00e5lgrupp:<\/strong><\/p>\n\n\n\n<p>Utbildningen riktar sig till personal som ansvarar f\u00f6r utbildning och fortbildning p\u00e5 f\u00f6rskolor, skolor och utbildningsinstitutioner.&nbsp;<strong>Du \u00e4r v\u00e4lkommen att ansluta dig till oss fr\u00e5n var som helst i Finland!<\/strong><\/p>\n\n\n\n<p><strong>Tidtabell och struktur f\u00f6r utbildningen:<\/strong><\/p>\n\n\n\n<ol class=\"wp-block-list\">\n<li>period 9.-10.3.2026 (Reparativa cirklar, bygga en reparativ gemenskap)<\/li>\n\n\n\n<li>avsnitt 7.-8.4.2026 (Den reparativa medlarens roll och medlingsprocessen, medlings\u00f6vningar)<\/li>\n\n\n\n<li>Avsnitt 6.5.2026 (\u00c5terh\u00e4mtning i utmanande situationer, medlings\u00f6vningar forts\u00e4tter)<\/li>\n<\/ol>\n\n\n\n<p>Vi arbetar p\u00e5 tr\u00e4ningsdagar fr\u00e5n kl. 9.00 till 16.00, med lunchpaus ca kl. 11.30-12.30 och kortare pauser p\u00e5 f\u00f6r- och eftermiddag. En l\u00e4tt frukost och mellanm\u00e5l serveras i utbildningslokalen och du kan ocks\u00e5 f\u00f6rvara och \u00e4ta dina egna mellanm\u00e5l. Lunch \u00e4r sj\u00e4lvhush\u00e5ll.<\/p>\n\n\n\n<p><strong>Denna utbildning \u00e4ger rum p\u00e5 v\u00e5rt kontor i Sockenbacka, Helsingfors<\/strong> p\u00e5 Kutomotie 16 C. I n\u00e4rheten hittar du prisv\u00e4rt boende p\u00e5 Forenom l\u00e4genhetshotell.<\/p>\n\n\n\n<p><strong>Pris<\/strong>: 280 euro\/deltagare (moms 0%, ideell f\u00f6rening).<\/p>\n\n\n\n<p><strong>Utbildningens spr\u00e5k:<\/strong>&nbsp;Denna utbildningsgrupp genomf\u00f6rs p\u00e5 finska, men utbildaren talar \u00e4ven flytande engelska och utbildningsmaterial finns \u00e4ven p\u00e5 svenska och engelska. Om du \u00e4r os\u00e4ker p\u00e5 om du vill delta p\u00e5 finska kan du ocks\u00e5 r\u00e5dfr\u00e5ga utbildaren i f\u00f6rv\u00e4g per telefon.&nbsp;<strong>Micki \/ 040 197 7272<\/strong><\/p>\n\n\n\n<p><strong>Tr\u00e4nare:&nbsp;<\/strong>Utbildare \u00e4r Michaela Lindholm, utbildare inom VERSO-programmet.<\/p>\n\n\n\n<p><strong>Registrering:&nbsp;<\/strong>F\u00f6r att registrera dig, skicka ditt namn, titel, enhet och faktureringsuppgifter via e-post till michaela.lindholm@sovittelu.com. Se till att all efterfr\u00e5gad information finns med i ditt registreringsmeddelande. Platserna f\u00f6rdelas enligt principen \"f\u00f6rst till kvarn\" och f\u00f6rhandsbokningar \u00e4r redan tillg\u00e4ngliga.<\/p>\n\n\n\n<p><strong>OBS!&nbsp;<\/strong>Genom att anm\u00e4la dig f\u00f6rbinder du dig att delta i utbildningen i sin helhet. Vid oplanerad fr\u00e5nvaro kommer en ers\u00e4ttande kurs eller uppdrag att ordnas med instrukt\u00f6ren separat. Om du \u00e4nnu inte vet vilka deltagarna \u00e4r kan du ocks\u00e5 boka en prelimin\u00e4r plats genom att skicka ett e-postmeddelande till michaela.lindholm@sovittelu.com. Deltagarna kan \u00e4ndras enligt dina behov fram till den f\u00f6rsta perioden av utbildningen.<\/p>\n\n\n\n<p>Registreringsuppgifterna anv\u00e4nds f\u00f6r att sammanst\u00e4lla uppgifter om kursdeltagare, f\u00f6r fakturering och f\u00f6r att skicka kursbrev till deltagarna. Uppgifter om RESTO-deltagare lagras ocks\u00e5 i v\u00e5rt register, f\u00f6r mer information l\u00e4s v\u00e5r integritetspolicy: https:\/\/sovittelu.com\/tietosuojaseloste\/<br><br>L\u00e4s mer om utbildning&nbsp;<a href=\"https:\/\/sovittelu.com\/vertaissovittelu\/sv\/utbildning-2\/\" target=\"_blank\" rel=\"noreferrer noopener\">Fr\u00e5n v\u00e5r utbildningssida!<\/a><\/p>","protected":false},"excerpt":{"rendered":"<p>Uppdatering 5.6.: Denna utbildningsgrupp \u00e4r full, n\u00e4sta \u00f6ppna utbildning \u00e4r planerad till h\u00f6sten 2026!Baserat p\u00e5 \u00f6nskem\u00e5l fr\u00e5n f\u00e4ltet har vi \u00f6ppnat registreringen f\u00f6r en ny \u00f6ppen RESTO - Restorative and Reconciling Community-utbildning v\u00e5ren 2026. L\u00e4s mer nedan och registrera dig! Restorative and Conciliatory Community (RESTO) utbildningen ger deltagarna kunskap och f\u00e4rdigheter att implementera ett restorativt f\u00f6rh\u00e5llningss\u00e4tt och medling i sitt eget arbete och i olika konfliktsituationer....<\/p>","protected":false},"author":14,"featured_media":0,"comment_status":"closed","ping_status":"open","sticky":false,"template":"","format":"standard","meta":{"_kad_post_transparent":"","_kad_post_title":"","_kad_post_layout":"","_kad_post_sidebar_id":"","_kad_post_content_style":"","_kad_post_vertical_padding":"","_kad_post_feature":"","_kad_post_feature_position":"","_kad_post_header":false,"_kad_post_footer":false,"_kad_post_classname":"","footnotes":""},"categories":[3,575,1],"tags":[222,922,26,40,134,921,923,920],"class_list":["post-16947","post","type-post","status-publish","format-standard","hentry","category-koulutus","category-resto","category-yleinen","tag-222","tag-helsinki","tag-koulutus","tag-resto","tag-restoratiivinen-sovittelu","tag-restoratiiviset-menetelmat","tag-ryhmat","tag-yhteisosovittelu"],"yoast_head":"<!-- This site is optimized with the Yoast SEO plugin v27.5 - https:\/\/yoast.com\/product\/yoast-seo-wordpress\/ -->\n<title>T\u00c4YNN\u00c4! Avoin RESTO-koulutus toimistollamme kev\u00e4\u00e4ll\u00e4 2026 \u2013 | Verso<\/title>\n<meta name=\"robots\" content=\"index, follow, max-snippet:-1, max-image-preview:large, max-video-preview:-1\" \/>\n<link rel=\"canonical\" href=\"https:\/\/sovittelu.com\/vertaissovittelu\/sv\/oppen-restautbildning-pa-vart-kontor-i-kevala-2026-anmal-dig-nu\/\" \/>\n<meta property=\"og:locale\" content=\"sv_SE\" \/>\n<meta property=\"og:type\" content=\"article\" \/>\n<meta property=\"og:title\" content=\"T\u00c4YNN\u00c4! Avoin RESTO-koulutus toimistollamme kev\u00e4\u00e4ll\u00e4 2026 \u2013 | Verso\" \/>\n<meta property=\"og:description\" content=\"P\u00e4ivitys 5.6.: T\u00e4m\u00e4 koulutusryhm\u00e4 on t\u00e4yttynyt, seuraava avoin koulutus on kalenteroitu syksylle 2026!Kent\u00e4n toiveen perusteella olemme avanneet ilmoittautumisen uuteen avoimeen RESTO \u2013 Restoratiivinen ja sovitteleva yhteis\u00f6 -koulutukseen kev\u00e4\u00e4ll\u00e4 2026. Lue lis\u00e4\u00e4 alta ja ilmoittaudu mukaan! Restoratiivinen&nbsp;&nbsp;ja sovitteleva yhteis\u00f6 (tuttavallisemmin RESTO-koulutus) tuottaa osallistujille tiedon ja taidon restoratiivisen l\u00e4hestymistavan ja sovittelun toteuttamiseen omassa ty\u00f6ss\u00e4\u00e4n ja erilaisissa konfliktitilanteissa....\" \/>\n<meta property=\"og:url\" content=\"https:\/\/sovittelu.com\/vertaissovittelu\/sv\/oppen-restautbildning-pa-vart-kontor-i-kevala-2026-anmal-dig-nu\/\" \/>\n<meta property=\"og:site_name\" content=\"Verso\" \/>\n<meta property=\"article:publisher\" content=\"https:\/\/www.facebook.com\/VERSOsovittelu\" \/>\n<meta property=\"article:published_time\" content=\"2026-01-16T06:40:42+00:00\" \/>\n<meta property=\"article:modified_time\" content=\"2026-03-06T10:58:57+00:00\" \/>\n<meta property=\"og:image\" content=\"https:\/\/sovittelu.com\/vertaissovittelu\/wp-content\/uploads\/2025\/12\/JL3A0493.jpg\" \/>\n\t<meta property=\"og:image:width\" content=\"1920\" \/>\n\t<meta property=\"og:image:height\" content=\"540\" \/>\n\t<meta property=\"og:image:type\" content=\"image\/jpeg\" \/>\n<meta name=\"author\" content=\"Nina Huhtinen\" \/>\n<meta name=\"twitter:card\" content=\"summary_large_image\" \/>\n<meta name=\"twitter:label1\" content=\"Skriven av\" \/>\n\t<meta name=\"twitter:data1\" content=\"Nina Huhtinen\" \/>\n\t<meta name=\"twitter:label2\" content=\"Ber\u00e4knad l\u00e4stid\" \/>\n\t<meta name=\"twitter:data2\" content=\"3 minuter\" \/>\n<script type=\"application\/ld+json\" class=\"yoast-schema-graph\">{\"@context\":\"https:\\\/\\\/schema.org\",\"@graph\":[{\"@type\":\"Article\",\"@id\":\"https:\\\/\\\/sovittelu.com\\\/vertaissovittelu\\\/avoin-resto-koulutus-toimistollamme-kevaalla-2026-ilmoittaudu-nyt\\\/#article\",\"isPartOf\":{\"@id\":\"https:\\\/\\\/sovittelu.com\\\/vertaissovittelu\\\/avoin-resto-koulutus-toimistollamme-kevaalla-2026-ilmoittaudu-nyt\\\/\"},\"author\":{\"name\":\"Nina Huhtinen\",\"@id\":\"https:\\\/\\\/sovittelu.com\\\/vertaissovittelu\\\/#\\\/schema\\\/person\\\/7cf9dc57a10e1fba817a3f9f9cf56494\"},\"headline\":\"T\u00c4YNN\u00c4! Avoin RESTO-koulutus toimistollamme kev\u00e4\u00e4ll\u00e4 2026 \u2013\",\"datePublished\":\"2026-01-16T06:40:42+00:00\",\"dateModified\":\"2026-03-06T10:58:57+00:00\",\"mainEntityOfPage\":{\"@id\":\"https:\\\/\\\/sovittelu.com\\\/vertaissovittelu\\\/avoin-resto-koulutus-toimistollamme-kevaalla-2026-ilmoittaudu-nyt\\\/\"},\"wordCount\":501,\"publisher\":{\"@id\":\"https:\\\/\\\/sovittelu.com\\\/vertaissovittelu\\\/#organization\"},\"image\":{\"@id\":\"https:\\\/\\\/sovittelu.com\\\/vertaissovittelu\\\/avoin-resto-koulutus-toimistollamme-kevaalla-2026-ilmoittaudu-nyt\\\/#primaryimage\"},\"thumbnailUrl\":\"https:\\\/\\\/sovittelu.com\\\/vertaissovittelu\\\/wp-content\\\/uploads\\\/2025\\\/12\\\/JL3A0493-1024x288.jpg\",\"keywords\":[\"2026\",\"Helsinki\",\"koulutus\",\"RESTO\",\"restoratiivinen sovittelu\",\"restoratiiviset menetelm\u00e4t\",\"ryhm\u00e4t\",\"yhteis\u00f6sovittelu\"],\"articleSection\":[\"Koulutus\",\"RESTO\",\"Yleinen\"],\"inLanguage\":\"sv-SE\"},{\"@type\":\"WebPage\",\"@id\":\"https:\\\/\\\/sovittelu.com\\\/vertaissovittelu\\\/avoin-resto-koulutus-toimistollamme-kevaalla-2026-ilmoittaudu-nyt\\\/\",\"url\":\"https:\\\/\\\/sovittelu.com\\\/vertaissovittelu\\\/avoin-resto-koulutus-toimistollamme-kevaalla-2026-ilmoittaudu-nyt\\\/\",\"name\":\"T\u00c4YNN\u00c4! Avoin RESTO-koulutus toimistollamme kev\u00e4\u00e4ll\u00e4 2026 \u2013 | Verso\",\"isPartOf\":{\"@id\":\"https:\\\/\\\/sovittelu.com\\\/vertaissovittelu\\\/#website\"},\"primaryImageOfPage\":{\"@id\":\"https:\\\/\\\/sovittelu.com\\\/vertaissovittelu\\\/avoin-resto-koulutus-toimistollamme-kevaalla-2026-ilmoittaudu-nyt\\\/#primaryimage\"},\"image\":{\"@id\":\"https:\\\/\\\/sovittelu.com\\\/vertaissovittelu\\\/avoin-resto-koulutus-toimistollamme-kevaalla-2026-ilmoittaudu-nyt\\\/#primaryimage\"},\"thumbnailUrl\":\"https:\\\/\\\/sovittelu.com\\\/vertaissovittelu\\\/wp-content\\\/uploads\\\/2025\\\/12\\\/JL3A0493-1024x288.jpg\",\"datePublished\":\"2026-01-16T06:40:42+00:00\",\"dateModified\":\"2026-03-06T10:58:57+00:00\",\"breadcrumb\":{\"@id\":\"https:\\\/\\\/sovittelu.com\\\/vertaissovittelu\\\/avoin-resto-koulutus-toimistollamme-kevaalla-2026-ilmoittaudu-nyt\\\/#breadcrumb\"},\"inLanguage\":\"sv-SE\",\"potentialAction\":[{\"@type\":\"ReadAction\",\"target\":[\"https:\\\/\\\/sovittelu.com\\\/vertaissovittelu\\\/avoin-resto-koulutus-toimistollamme-kevaalla-2026-ilmoittaudu-nyt\\\/\"]}]},{\"@type\":\"ImageObject\",\"inLanguage\":\"sv-SE\",\"@id\":\"https:\\\/\\\/sovittelu.com\\\/vertaissovittelu\\\/avoin-resto-koulutus-toimistollamme-kevaalla-2026-ilmoittaudu-nyt\\\/#primaryimage\",\"url\":\"https:\\\/\\\/sovittelu.com\\\/vertaissovittelu\\\/wp-content\\\/uploads\\\/2025\\\/12\\\/JL3A0493-1024x288.jpg\",\"contentUrl\":\"https:\\\/\\\/sovittelu.com\\\/vertaissovittelu\\\/wp-content\\\/uploads\\\/2025\\\/12\\\/JL3A0493-1024x288.jpg\"},{\"@type\":\"BreadcrumbList\",\"@id\":\"https:\\\/\\\/sovittelu.com\\\/vertaissovittelu\\\/avoin-resto-koulutus-toimistollamme-kevaalla-2026-ilmoittaudu-nyt\\\/#breadcrumb\",\"itemListElement\":[{\"@type\":\"ListItem\",\"position\":1,\"name\":\"Etusivu\",\"item\":\"https:\\\/\\\/sovittelu.com\\\/vertaissovittelu\\\/\"},{\"@type\":\"ListItem\",\"position\":2,\"name\":\"T\u00c4YNN\u00c4! Avoin RESTO-koulutus toimistollamme kev\u00e4\u00e4ll\u00e4 2026 \u2013\"}]},{\"@type\":\"WebSite\",\"@id\":\"https:\\\/\\\/sovittelu.com\\\/vertaissovittelu\\\/#website\",\"url\":\"https:\\\/\\\/sovittelu.com\\\/vertaissovittelu\\\/\",\"name\":\"VERSO-ohjelma\",\"description\":\"Vertaissovitteluohjelma\",\"publisher\":{\"@id\":\"https:\\\/\\\/sovittelu.com\\\/vertaissovittelu\\\/#organization\"},\"potentialAction\":[{\"@type\":\"SearchAction\",\"target\":{\"@type\":\"EntryPoint\",\"urlTemplate\":\"https:\\\/\\\/sovittelu.com\\\/vertaissovittelu\\\/?s={search_term_string}\"},\"query-input\":{\"@type\":\"PropertyValueSpecification\",\"valueRequired\":true,\"valueName\":\"search_term_string\"}}],\"inLanguage\":\"sv-SE\"},{\"@type\":\"Organization\",\"@id\":\"https:\\\/\\\/sovittelu.com\\\/vertaissovittelu\\\/#organization\",\"name\":\"VERSO-ohjelma\",\"url\":\"https:\\\/\\\/sovittelu.com\\\/vertaissovittelu\\\/\",\"logo\":{\"@type\":\"ImageObject\",\"inLanguage\":\"sv-SE\",\"@id\":\"https:\\\/\\\/sovittelu.com\\\/vertaissovittelu\\\/#\\\/schema\\\/logo\\\/image\\\/\",\"url\":\"https:\\\/\\\/sovittelu.com\\\/vertaissovittelu\\\/wp-content\\\/uploads\\\/2026\\\/01\\\/verso_ikoni_512x512px.png\",\"contentUrl\":\"https:\\\/\\\/sovittelu.com\\\/vertaissovittelu\\\/wp-content\\\/uploads\\\/2026\\\/01\\\/verso_ikoni_512x512px.png\",\"width\":512,\"height\":512,\"caption\":\"VERSO-ohjelma\"},\"image\":{\"@id\":\"https:\\\/\\\/sovittelu.com\\\/vertaissovittelu\\\/#\\\/schema\\\/logo\\\/image\\\/\"},\"sameAs\":[\"https:\\\/\\\/www.facebook.com\\\/VERSOsovittelu\",\"https:\\\/\\\/www.instagram.com\\\/verso_sovittelu\\\/\"]},{\"@type\":\"Person\",\"@id\":\"https:\\\/\\\/sovittelu.com\\\/vertaissovittelu\\\/#\\\/schema\\\/person\\\/7cf9dc57a10e1fba817a3f9f9cf56494\",\"name\":\"Nina Huhtinen\",\"url\":\"https:\\\/\\\/sovittelu.com\\\/vertaissovittelu\\\/sv\\\/author\\\/nina\\\/\"}]}<\/script>\n<!-- \/ Yoast SEO plugin. -->","yoast_head_json":{"title":"FULL! \u00d6ppen RESTO-utbildning p\u00e5 v\u00e5rt kontor v\u00e5ren 2026 - | Verso","robots":{"index":"index","follow":"follow","max-snippet":"max-snippet:-1","max-image-preview":"max-image-preview:large","max-video-preview":"max-video-preview:-1"},"canonical":"https:\/\/sovittelu.com\/vertaissovittelu\/sv\/oppen-restautbildning-pa-vart-kontor-i-kevala-2026-anmal-dig-nu\/","og_locale":"sv_SE","og_type":"article","og_title":"T\u00c4YNN\u00c4! Avoin RESTO-koulutus toimistollamme kev\u00e4\u00e4ll\u00e4 2026 \u2013 | Verso","og_description":"P\u00e4ivitys 5.6.: T\u00e4m\u00e4 koulutusryhm\u00e4 on t\u00e4yttynyt, seuraava avoin koulutus on kalenteroitu syksylle 2026!Kent\u00e4n toiveen perusteella olemme avanneet ilmoittautumisen uuteen avoimeen RESTO \u2013 Restoratiivinen ja sovitteleva yhteis\u00f6 -koulutukseen kev\u00e4\u00e4ll\u00e4 2026. Lue lis\u00e4\u00e4 alta ja ilmoittaudu mukaan! Restoratiivinen&nbsp;&nbsp;ja sovitteleva yhteis\u00f6 (tuttavallisemmin RESTO-koulutus) tuottaa osallistujille tiedon ja taidon restoratiivisen l\u00e4hestymistavan ja sovittelun toteuttamiseen omassa ty\u00f6ss\u00e4\u00e4n ja erilaisissa konfliktitilanteissa....","og_url":"https:\/\/sovittelu.com\/vertaissovittelu\/sv\/oppen-restautbildning-pa-vart-kontor-i-kevala-2026-anmal-dig-nu\/","og_site_name":"Verso","article_publisher":"https:\/\/www.facebook.com\/VERSOsovittelu","article_published_time":"2026-01-16T06:40:42+00:00","article_modified_time":"2026-03-06T10:58:57+00:00","og_image":[{"width":1920,"height":540,"url":"https:\/\/sovittelu.com\/vertaissovittelu\/wp-content\/uploads\/2025\/12\/JL3A0493.jpg","type":"image\/jpeg"}],"author":"Nina Huhtinen","twitter_card":"summary_large_image","twitter_misc":{"Skriven av":"Nina Huhtinen","Ber\u00e4knad l\u00e4stid":"3 minuter"},"schema":{"@context":"https:\/\/schema.org","@graph":[{"@type":"Article","@id":"https:\/\/sovittelu.com\/vertaissovittelu\/avoin-resto-koulutus-toimistollamme-kevaalla-2026-ilmoittaudu-nyt\/#article","isPartOf":{"@id":"https:\/\/sovittelu.com\/vertaissovittelu\/avoin-resto-koulutus-toimistollamme-kevaalla-2026-ilmoittaudu-nyt\/"},"author":{"name":"Nina Huhtinen","@id":"https:\/\/sovittelu.com\/vertaissovittelu\/#\/schema\/person\/7cf9dc57a10e1fba817a3f9f9cf56494"},"headline":"T\u00c4YNN\u00c4! Avoin RESTO-koulutus toimistollamme kev\u00e4\u00e4ll\u00e4 2026 \u2013","datePublished":"2026-01-16T06:40:42+00:00","dateModified":"2026-03-06T10:58:57+00:00","mainEntityOfPage":{"@id":"https:\/\/sovittelu.com\/vertaissovittelu\/avoin-resto-koulutus-toimistollamme-kevaalla-2026-ilmoittaudu-nyt\/"},"wordCount":501,"publisher":{"@id":"https:\/\/sovittelu.com\/vertaissovittelu\/#organization"},"image":{"@id":"https:\/\/sovittelu.com\/vertaissovittelu\/avoin-resto-koulutus-toimistollamme-kevaalla-2026-ilmoittaudu-nyt\/#primaryimage"},"thumbnailUrl":"https:\/\/sovittelu.com\/vertaissovittelu\/wp-content\/uploads\/2025\/12\/JL3A0493-1024x288.jpg","keywords":["2026","Helsinki","koulutus","RESTO","restoratiivinen sovittelu","restoratiiviset menetelm\u00e4t","ryhm\u00e4t","yhteis\u00f6sovittelu"],"articleSection":["Koulutus","RESTO","Yleinen"],"inLanguage":"sv-SE"},{"@type":"WebPage","@id":"https:\/\/sovittelu.com\/vertaissovittelu\/avoin-resto-koulutus-toimistollamme-kevaalla-2026-ilmoittaudu-nyt\/","url":"https:\/\/sovittelu.com\/vertaissovittelu\/avoin-resto-koulutus-toimistollamme-kevaalla-2026-ilmoittaudu-nyt\/","name":"FULL! \u00d6ppen RESTO-utbildning p\u00e5 v\u00e5rt kontor v\u00e5ren 2026 - | Verso","isPartOf":{"@id":"https:\/\/sovittelu.com\/vertaissovittelu\/#website"},"primaryImageOfPage":{"@id":"https:\/\/sovittelu.com\/vertaissovittelu\/avoin-resto-koulutus-toimistollamme-kevaalla-2026-ilmoittaudu-nyt\/#primaryimage"},"image":{"@id":"https:\/\/sovittelu.com\/vertaissovittelu\/avoin-resto-koulutus-toimistollamme-kevaalla-2026-ilmoittaudu-nyt\/#primaryimage"},"thumbnailUrl":"https:\/\/sovittelu.com\/vertaissovittelu\/wp-content\/uploads\/2025\/12\/JL3A0493-1024x288.jpg","datePublished":"2026-01-16T06:40:42+00:00","dateModified":"2026-03-06T10:58:57+00:00","breadcrumb":{"@id":"https:\/\/sovittelu.com\/vertaissovittelu\/avoin-resto-koulutus-toimistollamme-kevaalla-2026-ilmoittaudu-nyt\/#breadcrumb"},"inLanguage":"sv-SE","potentialAction":[{"@type":"ReadAction","target":["https:\/\/sovittelu.com\/vertaissovittelu\/avoin-resto-koulutus-toimistollamme-kevaalla-2026-ilmoittaudu-nyt\/"]}]},{"@type":"ImageObject","inLanguage":"sv-SE","@id":"https:\/\/sovittelu.com\/vertaissovittelu\/avoin-resto-koulutus-toimistollamme-kevaalla-2026-ilmoittaudu-nyt\/#primaryimage","url":"https:\/\/sovittelu.com\/vertaissovittelu\/wp-content\/uploads\/2025\/12\/JL3A0493-1024x288.jpg","contentUrl":"https:\/\/sovittelu.com\/vertaissovittelu\/wp-content\/uploads\/2025\/12\/JL3A0493-1024x288.jpg"},{"@type":"BreadcrumbList","@id":"https:\/\/sovittelu.com\/vertaissovittelu\/avoin-resto-koulutus-toimistollamme-kevaalla-2026-ilmoittaudu-nyt\/#breadcrumb","itemListElement":[{"@type":"ListItem","position":1,"name":"Etusivu","item":"https:\/\/sovittelu.com\/vertaissovittelu\/"},{"@type":"ListItem","position":2,"name":"T\u00c4YNN\u00c4! Avoin RESTO-koulutus toimistollamme kev\u00e4\u00e4ll\u00e4 2026 \u2013"}]},{"@type":"WebSite","@id":"https:\/\/sovittelu.com\/vertaissovittelu\/#website","url":"https:\/\/sovittelu.com\/vertaissovittelu\/","name":"VERSO-programmet","description":"Program f\u00f6r kamratmedling","publisher":{"@id":"https:\/\/sovittelu.com\/vertaissovittelu\/#organization"},"potentialAction":[{"@type":"SearchAction","target":{"@type":"EntryPoint","urlTemplate":"https:\/\/sovittelu.com\/vertaissovittelu\/?s={search_term_string}"},"query-input":{"@type":"PropertyValueSpecification","valueRequired":true,"valueName":"search_term_string"}}],"inLanguage":"sv-SE"},{"@type":"Organization","@id":"https:\/\/sovittelu.com\/vertaissovittelu\/#organization","name":"VERSO-programmet","url":"https:\/\/sovittelu.com\/vertaissovittelu\/","logo":{"@type":"ImageObject","inLanguage":"sv-SE","@id":"https:\/\/sovittelu.com\/vertaissovittelu\/#\/schema\/logo\/image\/","url":"https:\/\/sovittelu.com\/vertaissovittelu\/wp-content\/uploads\/2026\/01\/verso_ikoni_512x512px.png","contentUrl":"https:\/\/sovittelu.com\/vertaissovittelu\/wp-content\/uploads\/2026\/01\/verso_ikoni_512x512px.png","width":512,"height":512,"caption":"VERSO-ohjelma"},"image":{"@id":"https:\/\/sovittelu.com\/vertaissovittelu\/#\/schema\/logo\/image\/"},"sameAs":["https:\/\/www.facebook.com\/VERSOsovittelu","https:\/\/www.instagram.com\/verso_sovittelu\/"]},{"@type":"Person","@id":"https:\/\/sovittelu.com\/vertaissovittelu\/#\/schema\/person\/7cf9dc57a10e1fba817a3f9f9cf56494","name":"Nina Huhtinen","url":"https:\/\/sovittelu.com\/vertaissovittelu\/sv\/author\/nina\/"}]}},"_links":{"self":[{"href":"https:\/\/sovittelu.com\/vertaissovittelu\/sv\/wp-json\/wp\/v2\/posts\/16947","targetHints":{"allow":["GET"]}}],"collection":[{"href":"https:\/\/sovittelu.com\/vertaissovittelu\/sv\/wp-json\/wp\/v2\/posts"}],"about":[{"href":"https:\/\/sovittelu.com\/vertaissovittelu\/sv\/wp-json\/wp\/v2\/types\/post"}],"author":[{"embeddable":true,"href":"https:\/\/sovittelu.com\/vertaissovittelu\/sv\/wp-json\/wp\/v2\/users\/14"}],"replies":[{"embeddable":true,"href":"https:\/\/sovittelu.com\/vertaissovittelu\/sv\/wp-json\/wp\/v2\/comments?post=16947"}],"version-history":[{"count":1,"href":"https:\/\/sovittelu.com\/vertaissovittelu\/sv\/wp-json\/wp\/v2\/posts\/16947\/revisions"}],"predecessor-version":[{"id":17041,"href":"https:\/\/sovittelu.com\/vertaissovittelu\/sv\/wp-json\/wp\/v2\/posts\/16947\/revisions\/17041"}],"wp:attachment":[{"href":"https:\/\/sovittelu.com\/vertaissovittelu\/sv\/wp-json\/wp\/v2\/media?parent=16947"}],"wp:term":[{"taxonomy":"category","embeddable":true,"href":"https:\/\/sovittelu.com\/vertaissovittelu\/sv\/wp-json\/wp\/v2\/categories?post=16947"},{"taxonomy":"post_tag","embeddable":true,"href":"https:\/\/sovittelu.com\/vertaissovittelu\/sv\/wp-json\/wp\/v2\/tags?post=16947"}],"curies":[{"name":"wp","href":"https:\/\/api.w.org\/{rel}","templated":true}]}}