{"id":5018,"date":"2025-09-01T08:12:50","date_gmt":"2025-09-01T05:12:50","guid":{"rendered":"https:\/\/sovittelu.com\/vertaissovittelu\/?p=5018"},"modified":"2025-12-17T10:39:07","modified_gmt":"2025-12-17T08:39:07","slug":"verso-week-2025-is-back-come-to-sopula-on-mon-1-9-at-14","status":"publish","type":"post","link":"https:\/\/sovittelu.com\/vertaissovittelu\/en\/verso-viikko-2025-on-taalla-tule-sopulaan-ma-1-9-klo-14\/","title":{"rendered":"VERSO Week 2025 is here! Come to SOPULA today 1.9. at 14:00!"},"content":{"rendered":"<style>.wp-block-kadence-advancedheading.kt-adv-heading5018_36ccfe-e2, .wp-block-kadence-advancedheading.kt-adv-heading5018_36ccfe-e2[data-kb-block=\"kb-adv-heading5018_36ccfe-e2\"]{font-style:normal;}.wp-block-kadence-advancedheading.kt-adv-heading5018_36ccfe-e2 mark.kt-highlight, .wp-block-kadence-advancedheading.kt-adv-heading5018_36ccfe-e2[data-kb-block=\"kb-adv-heading5018_36ccfe-e2\"] mark.kt-highlight{font-style:normal;color:#f76a0c;-webkit-box-decoration-break:clone;box-decoration-break:clone;padding-top:0px;padding-right:0px;padding-bottom:0px;padding-left:0px;}.wp-block-kadence-advancedheading.kt-adv-heading5018_36ccfe-e2 img.kb-inline-image, .wp-block-kadence-advancedheading.kt-adv-heading5018_36ccfe-e2[data-kb-block=\"kb-adv-heading5018_36ccfe-e2\"] img.kb-inline-image{width:150px;vertical-align:baseline;}<\/style>\n<p class=\"kt-adv-heading5018_36ccfe-e2 wp-block-kadence-advancedheading\" data-kb-block=\"kb-adv-heading5018_36ccfe-e2\">Valtakunnallinen VERSO-viikko syyskuun alussa on vuosittainen teemaviikko opetus- ja kasvatuskent\u00e4n sovittelutoiminnan esiin nostamiseksi.&nbsp;<img loading=\"lazy\" decoding=\"async\" height=\"16\" width=\"16\" src=\"https:\/\/static.xx.fbcdn.net\/images\/emoji.php\/v9\/td8\/2\/16\/1f4e2.png\" alt=\"????\">&nbsp;Teemaviikkoja saa toteuttaa just teid\u00e4n tavalla ja toisessakin kohtaa, t\u00e4n\u00e4 vuonna kannustamme ottamaan lapset ja nuoret mukaan ideointiin esimerkiksi k\u00e4ym\u00e4ll\u00e4 heid\u00e4n kanssaan materiaalipankissa seuraavassa yhteisess\u00e4 kokoontumisessanne!&nbsp;<img loading=\"lazy\" decoding=\"async\" height=\"16\" width=\"16\" src=\"https:\/\/static.xx.fbcdn.net\/images\/emoji.php\/v9\/t20\/2\/16\/1f5a5.png\" alt=\"????\ufe0f\"><\/p>\n\n\n<style>.wp-block-kadence-advancedheading.kt-adv-heading5018_bd5aef-02, .wp-block-kadence-advancedheading.kt-adv-heading5018_bd5aef-02[data-kb-block=\"kb-adv-heading5018_bd5aef-02\"]{font-style:normal;}.wp-block-kadence-advancedheading.kt-adv-heading5018_bd5aef-02 mark.kt-highlight, .wp-block-kadence-advancedheading.kt-adv-heading5018_bd5aef-02[data-kb-block=\"kb-adv-heading5018_bd5aef-02\"] mark.kt-highlight{font-style:normal;color:#f76a0c;-webkit-box-decoration-break:clone;box-decoration-break:clone;padding-top:0px;padding-right:0px;padding-bottom:0px;padding-left:0px;}.wp-block-kadence-advancedheading.kt-adv-heading5018_bd5aef-02 img.kb-inline-image, .wp-block-kadence-advancedheading.kt-adv-heading5018_bd5aef-02[data-kb-block=\"kb-adv-heading5018_bd5aef-02\"] img.kb-inline-image{width:150px;vertical-align:baseline;}<\/style>\n<p class=\"kt-adv-heading5018_bd5aef-02 wp-block-kadence-advancedheading\" data-kb-block=\"kb-adv-heading5018_bd5aef-02\">T\u00e4n\u00e4\u00e4n maanantaina j\u00e4rjest\u00e4mme valtakunnallisen et\u00e4kokoontumisen Verson \u00e4\u00e4rell\u00e4 toimiville klo 14:00-15:30! Olet tervetullut mukaan keskustelemaan tai kuulolle sen pituiseksi hetkeksi kuin haluat! Linjoilla ovat t\u00e4n\u00e4\u00e4n Verson koulutussuunnittelija Nelli ja kouluttaja Nina! Tervetuloa!<\/p>\n\n\n\n<p>Liittym\u00e4\u00e4n p\u00e4\u00e4set t\u00e4m\u00e4n Teams-linkin kautta: <\/p>\n\n\n\n<p><strong>Microsoft Teams<\/strong>\u00a0<a href=\"https:\/\/aka.ms\/JoinTeamsMeeting?omkt=fi-FI\" target=\"_blank\" rel=\"noreferrer noopener\">Tarvitsetko apua?<\/a><\/p>\n\n\n\n<p><a href=\"https:\/\/teams.microsoft.com\/l\/meetup-join\/19%3ameeting_MWVmMjQxMDMtZjIyNy00ZDI3LWIxZTctNjM2NWNkMTA3NTcy%40thread.v2\/0?context=%7b%22Tid%22%3a%22eca12cf3-836e-45b1-aba0-e406c6098e3a%22%2c%22Oid%22%3a%2270ad57b2-ed73-445e-8076-0d10ebb10f8d%22%7d\" target=\"_blank\" rel=\"noreferrer noopener\">Liity kokoukseen nyt<\/a><\/p>\n\n\n\n<p>Kokoustunnus:&nbsp;310 585 928 408 8<\/p>\n\n\n\n<p>Tunnuskoodi:&nbsp;3kK9dQ7f<\/p>\n","protected":false},"excerpt":{"rendered":"<p>The national VERSO week in early September is an annual theme week to highlight mediation in the education field.  The theme weeks can be implemented in your own way or another, this year we encourage you to involve children and young people in the brainstorming, for example by visiting the materials bank with them at your next joint meeting!  Today, Monday, we are organising a nationwide remote meeting for those working at the Verson from 14:00 to 15:30! You are welcome to join us to discuss or hear about...<\/p>","protected":false},"author":14,"featured_media":0,"comment_status":"closed","ping_status":"closed","sticky":false,"template":"","format":"standard","meta":{"_kad_post_transparent":"","_kad_post_title":"","_kad_post_layout":"default","_kad_post_sidebar_id":"","_kad_post_content_style":"default","_kad_post_vertical_padding":"","_kad_post_feature":"","_kad_post_feature_position":"","_kad_post_header":false,"_kad_post_footer":false,"_kad_post_classname":"","footnotes":""},"categories":[5,1],"tags":[200,221,166],"class_list":["post-5018","post","type-post","status-publish","format-standard","hentry","category-verso","category-yleinen","tag-200","tag-sopula","tag-verso-viikko"],"yoast_head":"<!-- This site is optimized with the Yoast SEO plugin v27.4 - https:\/\/yoast.com\/product\/yoast-seo-wordpress\/ -->\n<title>VERSO-viikko 2025 on t\u00e4\u00e4ll\u00e4! Tule SOPULAAN ma 1.9. klo 14! | Verso<\/title>\n<meta name=\"robots\" content=\"index, follow, max-snippet:-1, max-image-preview:large, max-video-preview:-1\" \/>\n<link rel=\"canonical\" href=\"https:\/\/sovittelu.com\/vertaissovittelu\/en\/verso-week-2025-is-back-come-to-sopula-on-mon-1-9-at-14\/\" \/>\n<meta property=\"og:locale\" content=\"en_GB\" \/>\n<meta property=\"og:type\" content=\"article\" \/>\n<meta property=\"og:title\" content=\"VERSO-viikko 2025 on t\u00e4\u00e4ll\u00e4! Tule SOPULAAN ma 1.9. klo 14! | Verso\" \/>\n<meta property=\"og:description\" content=\"Valtakunnallinen VERSO-viikko syyskuun alussa on vuosittainen teemaviikko opetus- ja kasvatuskent\u00e4n sovittelutoiminnan esiin nostamiseksi.&nbsp;&nbsp;Teemaviikkoja saa toteuttaa just teid\u00e4n tavalla ja toisessakin kohtaa, t\u00e4n\u00e4 vuonna kannustamme ottamaan lapset ja nuoret mukaan ideointiin esimerkiksi k\u00e4ym\u00e4ll\u00e4 heid\u00e4n kanssaan materiaalipankissa seuraavassa yhteisess\u00e4 kokoontumisessanne!&nbsp; T\u00e4n\u00e4\u00e4n maanantaina j\u00e4rjest\u00e4mme valtakunnallisen et\u00e4kokoontumisen Verson \u00e4\u00e4rell\u00e4 toimiville klo 14:00-15:30! Olet tervetullut mukaan keskustelemaan tai kuulolle sen...\" \/>\n<meta property=\"og:url\" content=\"https:\/\/sovittelu.com\/vertaissovittelu\/en\/verso-week-2025-is-back-come-to-sopula-on-mon-1-9-at-14\/\" \/>\n<meta property=\"og:site_name\" content=\"Verso\" \/>\n<meta property=\"article:publisher\" content=\"https:\/\/www.facebook.com\/VERSOsovittelu\" \/>\n<meta property=\"article:published_time\" content=\"2025-09-01T05:12:50+00:00\" \/>\n<meta property=\"article:modified_time\" content=\"2025-12-17T08:39:07+00:00\" \/>\n<meta property=\"og:image\" content=\"https:\/\/static.xx.fbcdn.net\/images\/emoji.php\/v9\/td8\/2\/16\/1f4e2.png\" \/>\n<meta name=\"author\" content=\"Nina Huhtinen\" \/>\n<meta name=\"twitter:card\" content=\"summary_large_image\" \/>\n<meta name=\"twitter:label1\" content=\"Written by\" \/>\n\t<meta name=\"twitter:data1\" content=\"Nina Huhtinen\" \/>\n\t<meta name=\"twitter:label2\" content=\"Estimated reading time\" \/>\n\t<meta name=\"twitter:data2\" content=\"1 minute\" \/>\n<script type=\"application\/ld+json\" class=\"yoast-schema-graph\">{\"@context\":\"https:\\\/\\\/schema.org\",\"@graph\":[{\"@type\":\"Article\",\"@id\":\"https:\\\/\\\/sovittelu.com\\\/vertaissovittelu\\\/verso-viikko-2025-on-taalla-tule-sopulaan-ma-1-9-klo-14\\\/#article\",\"isPartOf\":{\"@id\":\"https:\\\/\\\/sovittelu.com\\\/vertaissovittelu\\\/verso-viikko-2025-on-taalla-tule-sopulaan-ma-1-9-klo-14\\\/\"},\"author\":{\"name\":\"Nina Huhtinen\",\"@id\":\"https:\\\/\\\/sovittelu.com\\\/vertaissovittelu\\\/#\\\/schema\\\/person\\\/7cf9dc57a10e1fba817a3f9f9cf56494\"},\"headline\":\"VERSO-viikko 2025 on t\u00e4\u00e4ll\u00e4! Tule SOPULAAN ma 1.9. klo 14!\",\"datePublished\":\"2025-09-01T05:12:50+00:00\",\"dateModified\":\"2025-12-17T08:39:07+00:00\",\"mainEntityOfPage\":{\"@id\":\"https:\\\/\\\/sovittelu.com\\\/vertaissovittelu\\\/verso-viikko-2025-on-taalla-tule-sopulaan-ma-1-9-klo-14\\\/\"},\"wordCount\":117,\"publisher\":{\"@id\":\"https:\\\/\\\/sovittelu.com\\\/vertaissovittelu\\\/#organization\"},\"image\":{\"@id\":\"https:\\\/\\\/sovittelu.com\\\/vertaissovittelu\\\/verso-viikko-2025-on-taalla-tule-sopulaan-ma-1-9-klo-14\\\/#primaryimage\"},\"thumbnailUrl\":\"https:\\\/\\\/static.xx.fbcdn.net\\\/images\\\/emoji.php\\\/v9\\\/td8\\\/2\\\/16\\\/1f4e2.png\",\"keywords\":[\"2025\",\"SOPULA\",\"VERSO-viikko\"],\"articleSection\":[\"Verso\",\"Yleinen\"],\"inLanguage\":\"en-GB\"},{\"@type\":\"WebPage\",\"@id\":\"https:\\\/\\\/sovittelu.com\\\/vertaissovittelu\\\/verso-viikko-2025-on-taalla-tule-sopulaan-ma-1-9-klo-14\\\/\",\"url\":\"https:\\\/\\\/sovittelu.com\\\/vertaissovittelu\\\/verso-viikko-2025-on-taalla-tule-sopulaan-ma-1-9-klo-14\\\/\",\"name\":\"VERSO-viikko 2025 on t\u00e4\u00e4ll\u00e4! Tule SOPULAAN ma 1.9. klo 14! | Verso\",\"isPartOf\":{\"@id\":\"https:\\\/\\\/sovittelu.com\\\/vertaissovittelu\\\/#website\"},\"primaryImageOfPage\":{\"@id\":\"https:\\\/\\\/sovittelu.com\\\/vertaissovittelu\\\/verso-viikko-2025-on-taalla-tule-sopulaan-ma-1-9-klo-14\\\/#primaryimage\"},\"image\":{\"@id\":\"https:\\\/\\\/sovittelu.com\\\/vertaissovittelu\\\/verso-viikko-2025-on-taalla-tule-sopulaan-ma-1-9-klo-14\\\/#primaryimage\"},\"thumbnailUrl\":\"https:\\\/\\\/static.xx.fbcdn.net\\\/images\\\/emoji.php\\\/v9\\\/td8\\\/2\\\/16\\\/1f4e2.png\",\"datePublished\":\"2025-09-01T05:12:50+00:00\",\"dateModified\":\"2025-12-17T08:39:07+00:00\",\"breadcrumb\":{\"@id\":\"https:\\\/\\\/sovittelu.com\\\/vertaissovittelu\\\/verso-viikko-2025-on-taalla-tule-sopulaan-ma-1-9-klo-14\\\/#breadcrumb\"},\"inLanguage\":\"en-GB\",\"potentialAction\":[{\"@type\":\"ReadAction\",\"target\":[\"https:\\\/\\\/sovittelu.com\\\/vertaissovittelu\\\/verso-viikko-2025-on-taalla-tule-sopulaan-ma-1-9-klo-14\\\/\"]}]},{\"@type\":\"ImageObject\",\"inLanguage\":\"en-GB\",\"@id\":\"https:\\\/\\\/sovittelu.com\\\/vertaissovittelu\\\/verso-viikko-2025-on-taalla-tule-sopulaan-ma-1-9-klo-14\\\/#primaryimage\",\"url\":\"https:\\\/\\\/static.xx.fbcdn.net\\\/images\\\/emoji.php\\\/v9\\\/td8\\\/2\\\/16\\\/1f4e2.png\",\"contentUrl\":\"https:\\\/\\\/static.xx.fbcdn.net\\\/images\\\/emoji.php\\\/v9\\\/td8\\\/2\\\/16\\\/1f4e2.png\"},{\"@type\":\"BreadcrumbList\",\"@id\":\"https:\\\/\\\/sovittelu.com\\\/vertaissovittelu\\\/verso-viikko-2025-on-taalla-tule-sopulaan-ma-1-9-klo-14\\\/#breadcrumb\",\"itemListElement\":[{\"@type\":\"ListItem\",\"position\":1,\"name\":\"Etusivu\",\"item\":\"https:\\\/\\\/sovittelu.com\\\/vertaissovittelu\\\/\"},{\"@type\":\"ListItem\",\"position\":2,\"name\":\"VERSO-viikko 2025 on t\u00e4\u00e4ll\u00e4! Tule SOPULAAN ma 1.9. klo 14!\"}]},{\"@type\":\"WebSite\",\"@id\":\"https:\\\/\\\/sovittelu.com\\\/vertaissovittelu\\\/#website\",\"url\":\"https:\\\/\\\/sovittelu.com\\\/vertaissovittelu\\\/\",\"name\":\"VERSO-ohjelma\",\"description\":\"Vertaissovitteluohjelma\",\"publisher\":{\"@id\":\"https:\\\/\\\/sovittelu.com\\\/vertaissovittelu\\\/#organization\"},\"potentialAction\":[{\"@type\":\"SearchAction\",\"target\":{\"@type\":\"EntryPoint\",\"urlTemplate\":\"https:\\\/\\\/sovittelu.com\\\/vertaissovittelu\\\/?s={search_term_string}\"},\"query-input\":{\"@type\":\"PropertyValueSpecification\",\"valueRequired\":true,\"valueName\":\"search_term_string\"}}],\"inLanguage\":\"en-GB\"},{\"@type\":\"Organization\",\"@id\":\"https:\\\/\\\/sovittelu.com\\\/vertaissovittelu\\\/#organization\",\"name\":\"VERSO-ohjelma\",\"url\":\"https:\\\/\\\/sovittelu.com\\\/vertaissovittelu\\\/\",\"logo\":{\"@type\":\"ImageObject\",\"inLanguage\":\"en-GB\",\"@id\":\"https:\\\/\\\/sovittelu.com\\\/vertaissovittelu\\\/#\\\/schema\\\/logo\\\/image\\\/\",\"url\":\"https:\\\/\\\/sovittelu.com\\\/vertaissovittelu\\\/wp-content\\\/uploads\\\/2026\\\/01\\\/verso_ikoni_512x512px.png\",\"contentUrl\":\"https:\\\/\\\/sovittelu.com\\\/vertaissovittelu\\\/wp-content\\\/uploads\\\/2026\\\/01\\\/verso_ikoni_512x512px.png\",\"width\":512,\"height\":512,\"caption\":\"VERSO-ohjelma\"},\"image\":{\"@id\":\"https:\\\/\\\/sovittelu.com\\\/vertaissovittelu\\\/#\\\/schema\\\/logo\\\/image\\\/\"},\"sameAs\":[\"https:\\\/\\\/www.facebook.com\\\/VERSOsovittelu\",\"https:\\\/\\\/www.instagram.com\\\/verso_sovittelu\\\/\"]},{\"@type\":\"Person\",\"@id\":\"https:\\\/\\\/sovittelu.com\\\/vertaissovittelu\\\/#\\\/schema\\\/person\\\/7cf9dc57a10e1fba817a3f9f9cf56494\",\"name\":\"Nina Huhtinen\",\"url\":\"https:\\\/\\\/sovittelu.com\\\/vertaissovittelu\\\/en\\\/author\\\/nina\\\/\"}]}<\/script>\n<!-- \/ Yoast SEO plugin. -->","yoast_head_json":{"title":"VERSO Week 2025 is here! Come to SOPULA today 1.9. at 14:00! | Verso","robots":{"index":"index","follow":"follow","max-snippet":"max-snippet:-1","max-image-preview":"max-image-preview:large","max-video-preview":"max-video-preview:-1"},"canonical":"https:\/\/sovittelu.com\/vertaissovittelu\/en\/verso-week-2025-is-back-come-to-sopula-on-mon-1-9-at-14\/","og_locale":"en_GB","og_type":"article","og_title":"VERSO-viikko 2025 on t\u00e4\u00e4ll\u00e4! Tule SOPULAAN ma 1.9. klo 14! | Verso","og_description":"Valtakunnallinen VERSO-viikko syyskuun alussa on vuosittainen teemaviikko opetus- ja kasvatuskent\u00e4n sovittelutoiminnan esiin nostamiseksi.&nbsp;&nbsp;Teemaviikkoja saa toteuttaa just teid\u00e4n tavalla ja toisessakin kohtaa, t\u00e4n\u00e4 vuonna kannustamme ottamaan lapset ja nuoret mukaan ideointiin esimerkiksi k\u00e4ym\u00e4ll\u00e4 heid\u00e4n kanssaan materiaalipankissa seuraavassa yhteisess\u00e4 kokoontumisessanne!&nbsp; T\u00e4n\u00e4\u00e4n maanantaina j\u00e4rjest\u00e4mme valtakunnallisen et\u00e4kokoontumisen Verson \u00e4\u00e4rell\u00e4 toimiville klo 14:00-15:30! Olet tervetullut mukaan keskustelemaan tai kuulolle sen...","og_url":"https:\/\/sovittelu.com\/vertaissovittelu\/en\/verso-week-2025-is-back-come-to-sopula-on-mon-1-9-at-14\/","og_site_name":"Verso","article_publisher":"https:\/\/www.facebook.com\/VERSOsovittelu","article_published_time":"2025-09-01T05:12:50+00:00","article_modified_time":"2025-12-17T08:39:07+00:00","og_image":[{"url":"https:\/\/static.xx.fbcdn.net\/images\/emoji.php\/v9\/td8\/2\/16\/1f4e2.png","type":"","width":"","height":""}],"author":"Nina Huhtinen","twitter_card":"summary_large_image","twitter_misc":{"Written by":"Nina Huhtinen","Estimated reading time":"1 minute"},"schema":{"@context":"https:\/\/schema.org","@graph":[{"@type":"Article","@id":"https:\/\/sovittelu.com\/vertaissovittelu\/verso-viikko-2025-on-taalla-tule-sopulaan-ma-1-9-klo-14\/#article","isPartOf":{"@id":"https:\/\/sovittelu.com\/vertaissovittelu\/verso-viikko-2025-on-taalla-tule-sopulaan-ma-1-9-klo-14\/"},"author":{"name":"Nina Huhtinen","@id":"https:\/\/sovittelu.com\/vertaissovittelu\/#\/schema\/person\/7cf9dc57a10e1fba817a3f9f9cf56494"},"headline":"VERSO-viikko 2025 on t\u00e4\u00e4ll\u00e4! Tule SOPULAAN ma 1.9. klo 14!","datePublished":"2025-09-01T05:12:50+00:00","dateModified":"2025-12-17T08:39:07+00:00","mainEntityOfPage":{"@id":"https:\/\/sovittelu.com\/vertaissovittelu\/verso-viikko-2025-on-taalla-tule-sopulaan-ma-1-9-klo-14\/"},"wordCount":117,"publisher":{"@id":"https:\/\/sovittelu.com\/vertaissovittelu\/#organization"},"image":{"@id":"https:\/\/sovittelu.com\/vertaissovittelu\/verso-viikko-2025-on-taalla-tule-sopulaan-ma-1-9-klo-14\/#primaryimage"},"thumbnailUrl":"https:\/\/static.xx.fbcdn.net\/images\/emoji.php\/v9\/td8\/2\/16\/1f4e2.png","keywords":["2025","SOPULA","VERSO-viikko"],"articleSection":["Verso","Yleinen"],"inLanguage":"en-GB"},{"@type":"WebPage","@id":"https:\/\/sovittelu.com\/vertaissovittelu\/verso-viikko-2025-on-taalla-tule-sopulaan-ma-1-9-klo-14\/","url":"https:\/\/sovittelu.com\/vertaissovittelu\/verso-viikko-2025-on-taalla-tule-sopulaan-ma-1-9-klo-14\/","name":"VERSO Week 2025 is here! Come to SOPULA today 1.9. at 14:00! | Verso","isPartOf":{"@id":"https:\/\/sovittelu.com\/vertaissovittelu\/#website"},"primaryImageOfPage":{"@id":"https:\/\/sovittelu.com\/vertaissovittelu\/verso-viikko-2025-on-taalla-tule-sopulaan-ma-1-9-klo-14\/#primaryimage"},"image":{"@id":"https:\/\/sovittelu.com\/vertaissovittelu\/verso-viikko-2025-on-taalla-tule-sopulaan-ma-1-9-klo-14\/#primaryimage"},"thumbnailUrl":"https:\/\/static.xx.fbcdn.net\/images\/emoji.php\/v9\/td8\/2\/16\/1f4e2.png","datePublished":"2025-09-01T05:12:50+00:00","dateModified":"2025-12-17T08:39:07+00:00","breadcrumb":{"@id":"https:\/\/sovittelu.com\/vertaissovittelu\/verso-viikko-2025-on-taalla-tule-sopulaan-ma-1-9-klo-14\/#breadcrumb"},"inLanguage":"en-GB","potentialAction":[{"@type":"ReadAction","target":["https:\/\/sovittelu.com\/vertaissovittelu\/verso-viikko-2025-on-taalla-tule-sopulaan-ma-1-9-klo-14\/"]}]},{"@type":"ImageObject","inLanguage":"en-GB","@id":"https:\/\/sovittelu.com\/vertaissovittelu\/verso-viikko-2025-on-taalla-tule-sopulaan-ma-1-9-klo-14\/#primaryimage","url":"https:\/\/static.xx.fbcdn.net\/images\/emoji.php\/v9\/td8\/2\/16\/1f4e2.png","contentUrl":"https:\/\/static.xx.fbcdn.net\/images\/emoji.php\/v9\/td8\/2\/16\/1f4e2.png"},{"@type":"BreadcrumbList","@id":"https:\/\/sovittelu.com\/vertaissovittelu\/verso-viikko-2025-on-taalla-tule-sopulaan-ma-1-9-klo-14\/#breadcrumb","itemListElement":[{"@type":"ListItem","position":1,"name":"Etusivu","item":"https:\/\/sovittelu.com\/vertaissovittelu\/"},{"@type":"ListItem","position":2,"name":"VERSO-viikko 2025 on t\u00e4\u00e4ll\u00e4! Tule SOPULAAN ma 1.9. klo 14!"}]},{"@type":"WebSite","@id":"https:\/\/sovittelu.com\/vertaissovittelu\/#website","url":"https:\/\/sovittelu.com\/vertaissovittelu\/","name":"VERSO programme","description":"Peer mediation programme","publisher":{"@id":"https:\/\/sovittelu.com\/vertaissovittelu\/#organization"},"potentialAction":[{"@type":"SearchAction","target":{"@type":"EntryPoint","urlTemplate":"https:\/\/sovittelu.com\/vertaissovittelu\/?s={search_term_string}"},"query-input":{"@type":"PropertyValueSpecification","valueRequired":true,"valueName":"search_term_string"}}],"inLanguage":"en-GB"},{"@type":"Organization","@id":"https:\/\/sovittelu.com\/vertaissovittelu\/#organization","name":"VERSO programme","url":"https:\/\/sovittelu.com\/vertaissovittelu\/","logo":{"@type":"ImageObject","inLanguage":"en-GB","@id":"https:\/\/sovittelu.com\/vertaissovittelu\/#\/schema\/logo\/image\/","url":"https:\/\/sovittelu.com\/vertaissovittelu\/wp-content\/uploads\/2026\/01\/verso_ikoni_512x512px.png","contentUrl":"https:\/\/sovittelu.com\/vertaissovittelu\/wp-content\/uploads\/2026\/01\/verso_ikoni_512x512px.png","width":512,"height":512,"caption":"VERSO-ohjelma"},"image":{"@id":"https:\/\/sovittelu.com\/vertaissovittelu\/#\/schema\/logo\/image\/"},"sameAs":["https:\/\/www.facebook.com\/VERSOsovittelu","https:\/\/www.instagram.com\/verso_sovittelu\/"]},{"@type":"Person","@id":"https:\/\/sovittelu.com\/vertaissovittelu\/#\/schema\/person\/7cf9dc57a10e1fba817a3f9f9cf56494","name":"Nina Huhtinen","url":"https:\/\/sovittelu.com\/vertaissovittelu\/en\/author\/nina\/"}]}},"_links":{"self":[{"href":"https:\/\/sovittelu.com\/vertaissovittelu\/en\/wp-json\/wp\/v2\/posts\/5018","targetHints":{"allow":["GET"]}}],"collection":[{"href":"https:\/\/sovittelu.com\/vertaissovittelu\/en\/wp-json\/wp\/v2\/posts"}],"about":[{"href":"https:\/\/sovittelu.com\/vertaissovittelu\/en\/wp-json\/wp\/v2\/types\/post"}],"author":[{"embeddable":true,"href":"https:\/\/sovittelu.com\/vertaissovittelu\/en\/wp-json\/wp\/v2\/users\/14"}],"replies":[{"embeddable":true,"href":"https:\/\/sovittelu.com\/vertaissovittelu\/en\/wp-json\/wp\/v2\/comments?post=5018"}],"version-history":[{"count":0,"href":"https:\/\/sovittelu.com\/vertaissovittelu\/en\/wp-json\/wp\/v2\/posts\/5018\/revisions"}],"wp:attachment":[{"href":"https:\/\/sovittelu.com\/vertaissovittelu\/en\/wp-json\/wp\/v2\/media?parent=5018"}],"wp:term":[{"taxonomy":"category","embeddable":true,"href":"https:\/\/sovittelu.com\/vertaissovittelu\/en\/wp-json\/wp\/v2\/categories?post=5018"},{"taxonomy":"post_tag","embeddable":true,"href":"https:\/\/sovittelu.com\/vertaissovittelu\/en\/wp-json\/wp\/v2\/tags?post=5018"}],"curies":[{"name":"wp","href":"https:\/\/api.w.org\/{rel}","templated":true}]}}