{"id":4976,"date":"2025-08-07T13:40:15","date_gmt":"2025-08-07T10:40:15","guid":{"rendered":"https:\/\/sovittelu.com\/vertaissovittelu\/?p=4976"},"modified":"2025-11-23T21:49:08","modified_gmt":"2025-11-23T19:49:08","slug":"verso-week-comes-again-1-5-9-2025","status":"publish","type":"post","link":"https:\/\/sovittelu.com\/vertaissovittelu\/en\/verso-viikko-tulee-taas-1-5-9-2025\/","title":{"rendered":"VERSO week will come again on 1-5.9.2025!"},"content":{"rendered":"<figure class=\"wp-block-image size-full is-resized\"><img loading=\"lazy\" decoding=\"async\" width=\"1000\" height=\"562\" src=\"https:\/\/sovittelu.com\/vertaissovittelu\/wp-content\/uploads\/2025\/08\/verso-viikon_lukujarjestys.jpg\" alt=\"\" class=\"wp-image-13217\" style=\"width:449px;height:auto\" srcset=\"https:\/\/sovittelu.com\/vertaissovittelu\/wp-content\/uploads\/2025\/08\/verso-viikon_lukujarjestys.jpg 1000w, https:\/\/sovittelu.com\/vertaissovittelu\/wp-content\/uploads\/2025\/08\/verso-viikon_lukujarjestys-500x281.jpg 500w, https:\/\/sovittelu.com\/vertaissovittelu\/wp-content\/uploads\/2025\/08\/verso-viikon_lukujarjestys-768x432.jpg 768w\" sizes=\"auto, (max-width: 1000px) 100vw, 1000px\" \/><\/figure>\n\n\n\n<p>The national VERSO week in early September is an annual theme week to highlight mediation in the education field. <img loading=\"lazy\" decoding=\"async\" height=\"16\" width=\"16\" src=\"https:\/\/static.xx.fbcdn.net\/images\/emoji.php\/v9\/td8\/2\/16\/1f4e2.png\" alt=\"????\"> The theme weeks can be implemented in your own way and in other ways, this year we encourage you to involve children and young people in the brainstorming process, for example by visiting the materials bank with them at your next joint meeting! <img loading=\"lazy\" decoding=\"async\" height=\"16\" width=\"16\" src=\"https:\/\/static.xx.fbcdn.net\/images\/emoji.php\/v9\/t20\/2\/16\/1f5a5.png\" alt=\"????\ufe0f\"><\/p>\n\n\n\n<p>And if you've lost your Material Bank login after the summer, for example, you can get it back by sending a message to a familiar trainer or verso@sovittelu.com \/ miniverso@sovittelu.com. Likewise, we are always interested in all your mediation queries! <img loading=\"lazy\" decoding=\"async\" height=\"16\" width=\"16\" src=\"https:\/\/static.xx.fbcdn.net\/images\/emoji.php\/v9\/te8\/2\/16\/1faf6.png\" alt=\"????\"><\/p>\n\n\n\n<p>Above are the themes for the VERSO social media channels (Facebook and Instagram) this year, but you can also design your own reading schedule and fill it in with plans that fit your theme week, even in this empty planner! <\/p>","protected":false},"excerpt":{"rendered":"<p>The national VERSO week in early September is an annual theme week to highlight mediation in the education field. The theme weeks can be implemented in your own way or another, this year we encourage you to involve children and young people in the brainstorming, for example by visiting the materials bank with them at your next joint meeting! And if you've lost your Material Bank login after the summer, for example, you can get it back by sending a message to a friend...<\/p>","protected":false},"author":14,"featured_media":0,"comment_status":"closed","ping_status":"closed","sticky":false,"template":"","format":"standard","meta":{"_kad_post_transparent":"","_kad_post_title":"","_kad_post_layout":"","_kad_post_sidebar_id":"","_kad_post_content_style":"","_kad_post_vertical_padding":"","_kad_post_feature":"","_kad_post_feature_position":"","_kad_post_header":false,"_kad_post_footer":false,"_kad_post_classname":"","footnotes":""},"categories":[6,4,5,1],"tags":[200,219,166],"class_list":["post-4976","post","type-post","status-publish","format-standard","hentry","category-miniverso","category-resto","category-verso","category-yleinen","tag-200","tag-verso-veckan","tag-verso-viikko"],"yoast_head":"<!-- This site is optimized with the Yoast SEO plugin v27.5 - https:\/\/yoast.com\/product\/yoast-seo-wordpress\/ -->\n<title>VERSO-viikko tulee taas 1.-5.9.2025! | Verso<\/title>\n<meta name=\"robots\" content=\"index, follow, max-snippet:-1, max-image-preview:large, max-video-preview:-1\" \/>\n<link rel=\"canonical\" href=\"https:\/\/sovittelu.com\/vertaissovittelu\/en\/verso-week-comes-again-1-5-9-2025\/\" \/>\n<meta property=\"og:locale\" content=\"en_GB\" \/>\n<meta property=\"og:type\" content=\"article\" \/>\n<meta property=\"og:title\" content=\"VERSO-viikko tulee taas 1.-5.9.2025! | Verso\" \/>\n<meta property=\"og:description\" content=\"Valtakunnallinen VERSO-viikko syyskuun alussa on vuosittainen teemaviikko opetus- ja kasvatuskent\u00e4n sovittelutoiminnan esiin nostamiseksi. Teemaviikkoja saa toteuttaa just teid\u00e4n tavalla ja toisessakin kohtaa, t\u00e4n\u00e4 vuonna kannustamme ottamaan lapset ja nuoret mukaan ideointiin esimerkiksi k\u00e4ym\u00e4ll\u00e4 heid\u00e4n kanssaan materiaalipankissa seuraavassa yhteisess\u00e4 kokoontumisessanne! Ja jos materiaalipankin tunnukset ovat vaikkapa kes\u00e4n j\u00e4ljilt\u00e4 hukassa, saatte ne taas k\u00e4ytt\u00f6\u00f6n laittamalla viesti\u00e4 tutulle...\" \/>\n<meta property=\"og:url\" content=\"https:\/\/sovittelu.com\/vertaissovittelu\/en\/verso-week-comes-again-1-5-9-2025\/\" \/>\n<meta property=\"og:site_name\" content=\"Verso\" \/>\n<meta property=\"article:publisher\" content=\"https:\/\/www.facebook.com\/VERSOsovittelu\" \/>\n<meta property=\"article:published_time\" content=\"2025-08-07T10:40:15+00:00\" \/>\n<meta property=\"article:modified_time\" content=\"2025-11-23T19:49:08+00:00\" \/>\n<meta property=\"og:image\" content=\"https:\/\/sovittelu.com\/vertaissovittelu\/wp-content\/uploads\/2025\/08\/verso-viikon_lukujarjestys.jpg\" \/>\n\t<meta property=\"og:image:width\" content=\"1000\" \/>\n\t<meta property=\"og:image:height\" content=\"562\" \/>\n\t<meta property=\"og:image:type\" content=\"image\/jpeg\" \/>\n<meta name=\"author\" content=\"Nina Huhtinen\" \/>\n<meta name=\"twitter:card\" content=\"summary_large_image\" \/>\n<meta name=\"twitter:label1\" content=\"Written by\" \/>\n\t<meta name=\"twitter:data1\" content=\"Nina Huhtinen\" \/>\n\t<meta name=\"twitter:label2\" content=\"Estimated reading time\" \/>\n\t<meta name=\"twitter:data2\" content=\"2 minutes\" \/>\n<script type=\"application\/ld+json\" class=\"yoast-schema-graph\">{\"@context\":\"https:\\\/\\\/schema.org\",\"@graph\":[{\"@type\":\"Article\",\"@id\":\"https:\\\/\\\/sovittelu.com\\\/vertaissovittelu\\\/verso-viikko-tulee-taas-1-5-9-2025\\\/#article\",\"isPartOf\":{\"@id\":\"https:\\\/\\\/sovittelu.com\\\/vertaissovittelu\\\/verso-viikko-tulee-taas-1-5-9-2025\\\/\"},\"author\":{\"name\":\"Nina Huhtinen\",\"@id\":\"https:\\\/\\\/sovittelu.com\\\/vertaissovittelu\\\/#\\\/schema\\\/person\\\/7cf9dc57a10e1fba817a3f9f9cf56494\"},\"headline\":\"VERSO-viikko tulee taas 1.-5.9.2025!\",\"datePublished\":\"2025-08-07T10:40:15+00:00\",\"dateModified\":\"2025-11-23T19:49:08+00:00\",\"mainEntityOfPage\":{\"@id\":\"https:\\\/\\\/sovittelu.com\\\/vertaissovittelu\\\/verso-viikko-tulee-taas-1-5-9-2025\\\/\"},\"wordCount\":117,\"publisher\":{\"@id\":\"https:\\\/\\\/sovittelu.com\\\/vertaissovittelu\\\/#organization\"},\"image\":{\"@id\":\"https:\\\/\\\/sovittelu.com\\\/vertaissovittelu\\\/verso-viikko-tulee-taas-1-5-9-2025\\\/#primaryimage\"},\"thumbnailUrl\":\"https:\\\/\\\/sovittelu.com\\\/vertaissovittelu\\\/wp-content\\\/uploads\\\/2025\\\/08\\\/verso-viikon_lukujarjestys.jpg\",\"keywords\":[\"2025\",\"VERSO veckan\",\"VERSO-viikko\"],\"articleSection\":[\"MiniVerso\",\"RESTO\",\"Verso\",\"Yleinen\"],\"inLanguage\":\"en-GB\"},{\"@type\":\"WebPage\",\"@id\":\"https:\\\/\\\/sovittelu.com\\\/vertaissovittelu\\\/verso-viikko-tulee-taas-1-5-9-2025\\\/\",\"url\":\"https:\\\/\\\/sovittelu.com\\\/vertaissovittelu\\\/verso-viikko-tulee-taas-1-5-9-2025\\\/\",\"name\":\"VERSO-viikko tulee taas 1.-5.9.2025! | Verso\",\"isPartOf\":{\"@id\":\"https:\\\/\\\/sovittelu.com\\\/vertaissovittelu\\\/#website\"},\"primaryImageOfPage\":{\"@id\":\"https:\\\/\\\/sovittelu.com\\\/vertaissovittelu\\\/verso-viikko-tulee-taas-1-5-9-2025\\\/#primaryimage\"},\"image\":{\"@id\":\"https:\\\/\\\/sovittelu.com\\\/vertaissovittelu\\\/verso-viikko-tulee-taas-1-5-9-2025\\\/#primaryimage\"},\"thumbnailUrl\":\"https:\\\/\\\/sovittelu.com\\\/vertaissovittelu\\\/wp-content\\\/uploads\\\/2025\\\/08\\\/verso-viikon_lukujarjestys.jpg\",\"datePublished\":\"2025-08-07T10:40:15+00:00\",\"dateModified\":\"2025-11-23T19:49:08+00:00\",\"breadcrumb\":{\"@id\":\"https:\\\/\\\/sovittelu.com\\\/vertaissovittelu\\\/verso-viikko-tulee-taas-1-5-9-2025\\\/#breadcrumb\"},\"inLanguage\":\"en-GB\",\"potentialAction\":[{\"@type\":\"ReadAction\",\"target\":[\"https:\\\/\\\/sovittelu.com\\\/vertaissovittelu\\\/verso-viikko-tulee-taas-1-5-9-2025\\\/\"]}]},{\"@type\":\"ImageObject\",\"inLanguage\":\"en-GB\",\"@id\":\"https:\\\/\\\/sovittelu.com\\\/vertaissovittelu\\\/verso-viikko-tulee-taas-1-5-9-2025\\\/#primaryimage\",\"url\":\"https:\\\/\\\/sovittelu.com\\\/vertaissovittelu\\\/wp-content\\\/uploads\\\/2025\\\/08\\\/verso-viikon_lukujarjestys.jpg\",\"contentUrl\":\"https:\\\/\\\/sovittelu.com\\\/vertaissovittelu\\\/wp-content\\\/uploads\\\/2025\\\/08\\\/verso-viikon_lukujarjestys.jpg\"},{\"@type\":\"BreadcrumbList\",\"@id\":\"https:\\\/\\\/sovittelu.com\\\/vertaissovittelu\\\/verso-viikko-tulee-taas-1-5-9-2025\\\/#breadcrumb\",\"itemListElement\":[{\"@type\":\"ListItem\",\"position\":1,\"name\":\"Etusivu\",\"item\":\"https:\\\/\\\/sovittelu.com\\\/vertaissovittelu\\\/\"},{\"@type\":\"ListItem\",\"position\":2,\"name\":\"VERSO-viikko tulee taas 1.-5.9.2025!\"}]},{\"@type\":\"WebSite\",\"@id\":\"https:\\\/\\\/sovittelu.com\\\/vertaissovittelu\\\/#website\",\"url\":\"https:\\\/\\\/sovittelu.com\\\/vertaissovittelu\\\/\",\"name\":\"VERSO-ohjelma\",\"description\":\"Vertaissovitteluohjelma\",\"publisher\":{\"@id\":\"https:\\\/\\\/sovittelu.com\\\/vertaissovittelu\\\/#organization\"},\"potentialAction\":[{\"@type\":\"SearchAction\",\"target\":{\"@type\":\"EntryPoint\",\"urlTemplate\":\"https:\\\/\\\/sovittelu.com\\\/vertaissovittelu\\\/?s={search_term_string}\"},\"query-input\":{\"@type\":\"PropertyValueSpecification\",\"valueRequired\":true,\"valueName\":\"search_term_string\"}}],\"inLanguage\":\"en-GB\"},{\"@type\":\"Organization\",\"@id\":\"https:\\\/\\\/sovittelu.com\\\/vertaissovittelu\\\/#organization\",\"name\":\"VERSO-ohjelma\",\"url\":\"https:\\\/\\\/sovittelu.com\\\/vertaissovittelu\\\/\",\"logo\":{\"@type\":\"ImageObject\",\"inLanguage\":\"en-GB\",\"@id\":\"https:\\\/\\\/sovittelu.com\\\/vertaissovittelu\\\/#\\\/schema\\\/logo\\\/image\\\/\",\"url\":\"https:\\\/\\\/sovittelu.com\\\/vertaissovittelu\\\/wp-content\\\/uploads\\\/2026\\\/01\\\/verso_ikoni_512x512px.png\",\"contentUrl\":\"https:\\\/\\\/sovittelu.com\\\/vertaissovittelu\\\/wp-content\\\/uploads\\\/2026\\\/01\\\/verso_ikoni_512x512px.png\",\"width\":512,\"height\":512,\"caption\":\"VERSO-ohjelma\"},\"image\":{\"@id\":\"https:\\\/\\\/sovittelu.com\\\/vertaissovittelu\\\/#\\\/schema\\\/logo\\\/image\\\/\"},\"sameAs\":[\"https:\\\/\\\/www.facebook.com\\\/VERSOsovittelu\",\"https:\\\/\\\/www.instagram.com\\\/verso_sovittelu\\\/\"]},{\"@type\":\"Person\",\"@id\":\"https:\\\/\\\/sovittelu.com\\\/vertaissovittelu\\\/#\\\/schema\\\/person\\\/7cf9dc57a10e1fba817a3f9f9cf56494\",\"name\":\"Nina Huhtinen\",\"url\":\"https:\\\/\\\/sovittelu.com\\\/vertaissovittelu\\\/en\\\/author\\\/nina\\\/\"}]}<\/script>\n<!-- \/ Yoast SEO plugin. -->","yoast_head_json":{"title":"VERSO week will come again on 1-5.9.2025! | Verso","robots":{"index":"index","follow":"follow","max-snippet":"max-snippet:-1","max-image-preview":"max-image-preview:large","max-video-preview":"max-video-preview:-1"},"canonical":"https:\/\/sovittelu.com\/vertaissovittelu\/en\/verso-week-comes-again-1-5-9-2025\/","og_locale":"en_GB","og_type":"article","og_title":"VERSO-viikko tulee taas 1.-5.9.2025! | Verso","og_description":"Valtakunnallinen VERSO-viikko syyskuun alussa on vuosittainen teemaviikko opetus- ja kasvatuskent\u00e4n sovittelutoiminnan esiin nostamiseksi. Teemaviikkoja saa toteuttaa just teid\u00e4n tavalla ja toisessakin kohtaa, t\u00e4n\u00e4 vuonna kannustamme ottamaan lapset ja nuoret mukaan ideointiin esimerkiksi k\u00e4ym\u00e4ll\u00e4 heid\u00e4n kanssaan materiaalipankissa seuraavassa yhteisess\u00e4 kokoontumisessanne! Ja jos materiaalipankin tunnukset ovat vaikkapa kes\u00e4n j\u00e4ljilt\u00e4 hukassa, saatte ne taas k\u00e4ytt\u00f6\u00f6n laittamalla viesti\u00e4 tutulle...","og_url":"https:\/\/sovittelu.com\/vertaissovittelu\/en\/verso-week-comes-again-1-5-9-2025\/","og_site_name":"Verso","article_publisher":"https:\/\/www.facebook.com\/VERSOsovittelu","article_published_time":"2025-08-07T10:40:15+00:00","article_modified_time":"2025-11-23T19:49:08+00:00","og_image":[{"width":1000,"height":562,"url":"https:\/\/sovittelu.com\/vertaissovittelu\/wp-content\/uploads\/2025\/08\/verso-viikon_lukujarjestys.jpg","type":"image\/jpeg"}],"author":"Nina Huhtinen","twitter_card":"summary_large_image","twitter_misc":{"Written by":"Nina Huhtinen","Estimated reading time":"2 minutes"},"schema":{"@context":"https:\/\/schema.org","@graph":[{"@type":"Article","@id":"https:\/\/sovittelu.com\/vertaissovittelu\/verso-viikko-tulee-taas-1-5-9-2025\/#article","isPartOf":{"@id":"https:\/\/sovittelu.com\/vertaissovittelu\/verso-viikko-tulee-taas-1-5-9-2025\/"},"author":{"name":"Nina Huhtinen","@id":"https:\/\/sovittelu.com\/vertaissovittelu\/#\/schema\/person\/7cf9dc57a10e1fba817a3f9f9cf56494"},"headline":"VERSO-viikko tulee taas 1.-5.9.2025!","datePublished":"2025-08-07T10:40:15+00:00","dateModified":"2025-11-23T19:49:08+00:00","mainEntityOfPage":{"@id":"https:\/\/sovittelu.com\/vertaissovittelu\/verso-viikko-tulee-taas-1-5-9-2025\/"},"wordCount":117,"publisher":{"@id":"https:\/\/sovittelu.com\/vertaissovittelu\/#organization"},"image":{"@id":"https:\/\/sovittelu.com\/vertaissovittelu\/verso-viikko-tulee-taas-1-5-9-2025\/#primaryimage"},"thumbnailUrl":"https:\/\/sovittelu.com\/vertaissovittelu\/wp-content\/uploads\/2025\/08\/verso-viikon_lukujarjestys.jpg","keywords":["2025","VERSO veckan","VERSO-viikko"],"articleSection":["MiniVerso","RESTO","Verso","Yleinen"],"inLanguage":"en-GB"},{"@type":"WebPage","@id":"https:\/\/sovittelu.com\/vertaissovittelu\/verso-viikko-tulee-taas-1-5-9-2025\/","url":"https:\/\/sovittelu.com\/vertaissovittelu\/verso-viikko-tulee-taas-1-5-9-2025\/","name":"VERSO week will come again on 1-5.9.2025! | Verso","isPartOf":{"@id":"https:\/\/sovittelu.com\/vertaissovittelu\/#website"},"primaryImageOfPage":{"@id":"https:\/\/sovittelu.com\/vertaissovittelu\/verso-viikko-tulee-taas-1-5-9-2025\/#primaryimage"},"image":{"@id":"https:\/\/sovittelu.com\/vertaissovittelu\/verso-viikko-tulee-taas-1-5-9-2025\/#primaryimage"},"thumbnailUrl":"https:\/\/sovittelu.com\/vertaissovittelu\/wp-content\/uploads\/2025\/08\/verso-viikon_lukujarjestys.jpg","datePublished":"2025-08-07T10:40:15+00:00","dateModified":"2025-11-23T19:49:08+00:00","breadcrumb":{"@id":"https:\/\/sovittelu.com\/vertaissovittelu\/verso-viikko-tulee-taas-1-5-9-2025\/#breadcrumb"},"inLanguage":"en-GB","potentialAction":[{"@type":"ReadAction","target":["https:\/\/sovittelu.com\/vertaissovittelu\/verso-viikko-tulee-taas-1-5-9-2025\/"]}]},{"@type":"ImageObject","inLanguage":"en-GB","@id":"https:\/\/sovittelu.com\/vertaissovittelu\/verso-viikko-tulee-taas-1-5-9-2025\/#primaryimage","url":"https:\/\/sovittelu.com\/vertaissovittelu\/wp-content\/uploads\/2025\/08\/verso-viikon_lukujarjestys.jpg","contentUrl":"https:\/\/sovittelu.com\/vertaissovittelu\/wp-content\/uploads\/2025\/08\/verso-viikon_lukujarjestys.jpg"},{"@type":"BreadcrumbList","@id":"https:\/\/sovittelu.com\/vertaissovittelu\/verso-viikko-tulee-taas-1-5-9-2025\/#breadcrumb","itemListElement":[{"@type":"ListItem","position":1,"name":"Etusivu","item":"https:\/\/sovittelu.com\/vertaissovittelu\/"},{"@type":"ListItem","position":2,"name":"VERSO-viikko tulee taas 1.-5.9.2025!"}]},{"@type":"WebSite","@id":"https:\/\/sovittelu.com\/vertaissovittelu\/#website","url":"https:\/\/sovittelu.com\/vertaissovittelu\/","name":"VERSO programme","description":"Peer mediation programme","publisher":{"@id":"https:\/\/sovittelu.com\/vertaissovittelu\/#organization"},"potentialAction":[{"@type":"SearchAction","target":{"@type":"EntryPoint","urlTemplate":"https:\/\/sovittelu.com\/vertaissovittelu\/?s={search_term_string}"},"query-input":{"@type":"PropertyValueSpecification","valueRequired":true,"valueName":"search_term_string"}}],"inLanguage":"en-GB"},{"@type":"Organization","@id":"https:\/\/sovittelu.com\/vertaissovittelu\/#organization","name":"VERSO programme","url":"https:\/\/sovittelu.com\/vertaissovittelu\/","logo":{"@type":"ImageObject","inLanguage":"en-GB","@id":"https:\/\/sovittelu.com\/vertaissovittelu\/#\/schema\/logo\/image\/","url":"https:\/\/sovittelu.com\/vertaissovittelu\/wp-content\/uploads\/2026\/01\/verso_ikoni_512x512px.png","contentUrl":"https:\/\/sovittelu.com\/vertaissovittelu\/wp-content\/uploads\/2026\/01\/verso_ikoni_512x512px.png","width":512,"height":512,"caption":"VERSO-ohjelma"},"image":{"@id":"https:\/\/sovittelu.com\/vertaissovittelu\/#\/schema\/logo\/image\/"},"sameAs":["https:\/\/www.facebook.com\/VERSOsovittelu","https:\/\/www.instagram.com\/verso_sovittelu\/"]},{"@type":"Person","@id":"https:\/\/sovittelu.com\/vertaissovittelu\/#\/schema\/person\/7cf9dc57a10e1fba817a3f9f9cf56494","name":"Nina Huhtinen","url":"https:\/\/sovittelu.com\/vertaissovittelu\/en\/author\/nina\/"}]}},"_links":{"self":[{"href":"https:\/\/sovittelu.com\/vertaissovittelu\/en\/wp-json\/wp\/v2\/posts\/4976","targetHints":{"allow":["GET"]}}],"collection":[{"href":"https:\/\/sovittelu.com\/vertaissovittelu\/en\/wp-json\/wp\/v2\/posts"}],"about":[{"href":"https:\/\/sovittelu.com\/vertaissovittelu\/en\/wp-json\/wp\/v2\/types\/post"}],"author":[{"embeddable":true,"href":"https:\/\/sovittelu.com\/vertaissovittelu\/en\/wp-json\/wp\/v2\/users\/14"}],"replies":[{"embeddable":true,"href":"https:\/\/sovittelu.com\/vertaissovittelu\/en\/wp-json\/wp\/v2\/comments?post=4976"}],"version-history":[{"count":0,"href":"https:\/\/sovittelu.com\/vertaissovittelu\/en\/wp-json\/wp\/v2\/posts\/4976\/revisions"}],"wp:attachment":[{"href":"https:\/\/sovittelu.com\/vertaissovittelu\/en\/wp-json\/wp\/v2\/media?parent=4976"}],"wp:term":[{"taxonomy":"category","embeddable":true,"href":"https:\/\/sovittelu.com\/vertaissovittelu\/en\/wp-json\/wp\/v2\/categories?post=4976"},{"taxonomy":"post_tag","embeddable":true,"href":"https:\/\/sovittelu.com\/vertaissovittelu\/en\/wp-json\/wp\/v2\/tags?post=4976"}],"curies":[{"name":"wp","href":"https:\/\/api.w.org\/{rel}","templated":true}]}}