{"id":4860,"date":"2025-04-17T10:26:55","date_gmt":"2025-04-17T07:26:55","guid":{"rendered":"https:\/\/sovittelu.com\/vertaissovittelu\/?p=4860"},"modified":"2025-12-17T10:41:46","modified_gmt":"2025-12-17T08:41:46","slug":"open-resto-training-for-autumn-2025-open-enrol-now","status":"publish","type":"post","link":"https:\/\/sovittelu.com\/vertaissovittelu\/en\/avoin-resto-koulutus-syksylle-2025-avattu-ilmoittaudu-mukaan-nyt\/","title":{"rendered":"FULL! Open RESTO training for autumn 2025 is now open - register now!"},"content":{"rendered":"<p><br>Update: This training group is full, the next open group is planned for spring 2026!<\/p>\n\n\n\n<p>Based on field demand, we have opened enrolment for the new open RESTO - Restorative and Reconciliatory Community Training in autumn 2025. Read more below and enrol soon!<\/p>\n\n\n\n<p>The Restorative and Conciliatory Community (more commonly known as RESTO training) provides participants with the knowledge and skills to implement a restorative approach and mediation in their own work and in different conflict situations. The training is practical and collaborative. The training will provide the necessary material for practical work, which each participant can use in their own community in the way they wish. The content of the training sessions will be based on the participants' insights, experiences and discussions, so each group will create its own course.&nbsp;<\/p>\n\n\n\n<p><strong>NOTE!<\/strong>&nbsp;We strongly recommend that 2-4 staff representatives from each learning community attend the training. This will allow for a more effective transfer of the restorative approach to their own community and for mediation to be carried out in pairs where necessary.<\/p>\n\n\n\n<p>The training is a process, which requires attendance at all stages. At the end of the training, the participant will have an understanding of restorative thinking, inclusion and encounter. The participant will also be able to use the process of restorative mediation in everyday conflict situations.<\/p>\n\n\n\n<figure class=\"wp-block-image size-large is-resized\"><img decoding=\"async\" src=\"https:\/\/sovittelu.com\/vertaissovittelu\/wp-content\/uploads\/2025\/04\/Milla-sanalla-kuvailisit-Verso-Sanapilvi-1024x725.png\" alt=\"\" class=\"wp-image-12786\" style=\"width:377px;height:auto\"\/><\/figure>\n\n\n\n<p><strong>Target group:<\/strong><\/p>\n\n\n\n<p>The training is targeted at staff in charge of education and training in nurseries, schools and educational institutions.&nbsp;<strong>You are welcome to join us from anywhere in Finland!<\/strong><\/p>\n\n\n\n<p><strong>Time and place:<\/strong><\/p>\n\n\n\n<ol class=\"wp-block-list\">\n<li>period (Mon-Sat) 6.- 7.10.2025 (Restorative circles, restorative community building)<\/li>\n\n\n\n<li>period (Wed-Thu) 29 - 30.10.2025 (Role of the Restorative Mediator and the mediation process, mediation exercises)<\/li>\n\n\n\n<li>period (Tue) 2.12.2025 (Restorative skills in challenging situations, mediation exercises continue)<\/li>\n<\/ol>\n\n\n\n<p>We work on training days from 9am to 4pm.<\/p>\n\n\n\n<p><strong>Training space: <\/strong>The VERSO office is located at Kutomo Business Park, Kutomo Road 16, Helsinki.<\/p>\n\n\n\n<p><strong>Price<\/strong>: 250\u20ac\/participant (VAT 0%, non-profit association).<\/p>\n\n\n\n<p><strong>Language of education:<\/strong> This training group is conducted in Finnish, but the trainer is also fluent in Swedish and English and training materials are also available in these languages. If you are unsure about participating in Finnish, you can consult the trainer in advance by telephone <strong>Michaela \/ 040 197 7272<\/strong>.<\/p>\n\n\n\n<p><strong>Trainer: <\/strong>The trainer is Michaela Lindholm, trainer of the VERSO programme.<\/p>\n\n\n\n<p><strong>Registration: <\/strong>To register, send your name, title, unit and billing details by email to michaela.lindholm@sovittelu.com. Please make sure that all the requested information is included in your registration message. Places will be filled on a first come, first served basis and advance bookings are already available.<\/p>\n\n\n\n<p><strong>NOTE! <\/strong>By registering, you commit to attending the training in full. In the case of unplanned absences, a substitute course or assignment will be arranged with the instructor separately. If you do not yet know the details of the participants, you can also book a provisional place by sending an email to michaela.lindholm@sovittelu.com. Participants can be changed according to your needs up to the 1st period of the training.<\/p>\n\n\n\n<p>The registration data is used to compile course participant data, for invoicing and for sending course letters to participants. The data of RESTO participants is also stored in our register, for more information please read our privacy policy: https:\/\/sovittelu.com\/tietosuojaseloste\/<br><br>Read more about training\u00a0<a href=\"https:\/\/sovittelu.com\/vertaissovittelu\/en\/education\/\" target=\"_blank\" rel=\"noreferrer noopener\">From our Training page!<\/a><\/p>","protected":false},"excerpt":{"rendered":"<p>Update: This training group is full, the next open group is planned for spring 2026! Based on field demand, we have opened enrollment for a new open RESTO - Restorative and Reconciling Community training for fall 2025. Read more below and sign up soon! Restorative and Reconciling Community (aka RESTO training) provides participants with the knowledge and skills to implement a restorative approach and reconciliation in their own work and...<\/p>","protected":false},"author":14,"featured_media":0,"comment_status":"closed","ping_status":"closed","sticky":false,"template":"","format":"standard","meta":{"_kad_post_transparent":"","_kad_post_title":"show","_kad_post_layout":"normal","_kad_post_sidebar_id":"","_kad_post_content_style":"boxed","_kad_post_vertical_padding":"","_kad_post_feature":"","_kad_post_feature_position":"","_kad_post_header":false,"_kad_post_footer":false,"_kad_post_classname":"","footnotes":""},"categories":[3,4,1],"tags":[200,183,213,40,41,184,212],"class_list":["post-4860","post","type-post","status-publish","format-standard","hentry","category-koulutus","category-resto","category-yleinen","tag-200","tag-avoin","tag-piirimenetelmat","tag-resto","tag-restoratiivisuus","tag-sovittelukoulutus","tag-syksy"],"yoast_head":"<!-- This site is optimized with the Yoast SEO plugin v27.5 - https:\/\/yoast.com\/product\/yoast-seo-wordpress\/ -->\n<title>T\u00c4YNN\u00c4! Avoin RESTO-koulutus syksylle 2025 avattu \u2013 ilmoittaudu mukaan nyt! | Verso<\/title>\n<meta name=\"robots\" content=\"index, follow, max-snippet:-1, max-image-preview:large, max-video-preview:-1\" \/>\n<link rel=\"canonical\" href=\"https:\/\/sovittelu.com\/vertaissovittelu\/en\/open-resto-training-for-autumn-2025-open-enrol-now\/\" \/>\n<meta property=\"og:locale\" content=\"en_GB\" \/>\n<meta property=\"og:type\" content=\"article\" \/>\n<meta property=\"og:title\" content=\"T\u00c4YNN\u00c4! Avoin RESTO-koulutus syksylle 2025 avattu \u2013 ilmoittaudu mukaan nyt! | Verso\" \/>\n<meta property=\"og:description\" content=\"P\u00e4ivitys: T\u00e4m\u00e4 koulutusryhm\u00e4 on t\u00e4ynn\u00e4, seuraava avoin ryhm\u00e4 on suunnitteilla kev\u00e4\u00e4lle 2026! Kent\u00e4n toiveen perusteella olemme avanneet ilmoittautumisen uuteen avoimeen RESTO \u2013 Restoratiivinen ja sovitteleva yhteis\u00f6 -koulutukseen syksyll\u00e4 2025. Lue lis\u00e4\u00e4 alta ja ilmoittaudu mukaan pian! Restoratiivinen&nbsp;&nbsp;ja sovitteleva yhteis\u00f6 (tuttavallisemmin RESTO -koulutus) tuottaa osallistujille tiedon ja taidon restoratiivisen l\u00e4hestymistavan ja sovittelun toteuttamiseen omassa ty\u00f6ss\u00e4\u00e4n ja...\" \/>\n<meta property=\"og:url\" content=\"https:\/\/sovittelu.com\/vertaissovittelu\/en\/open-resto-training-for-autumn-2025-open-enrol-now\/\" \/>\n<meta property=\"og:site_name\" content=\"Verso\" \/>\n<meta property=\"article:publisher\" content=\"https:\/\/www.facebook.com\/VERSOsovittelu\" \/>\n<meta property=\"article:published_time\" content=\"2025-04-17T07:26:55+00:00\" \/>\n<meta property=\"article:modified_time\" content=\"2025-12-17T08:41:46+00:00\" \/>\n<meta property=\"og:image\" content=\"https:\/\/sovittelu.com\/vertaissovittelu\/wp-content\/uploads\/2025\/12\/verso-ohjelma_1200x675px.jpg\" \/>\n\t<meta property=\"og:image:width\" content=\"1200\" \/>\n\t<meta property=\"og:image:height\" content=\"675\" \/>\n\t<meta property=\"og:image:type\" content=\"image\/jpeg\" \/>\n<meta name=\"author\" content=\"Nina Huhtinen\" \/>\n<meta name=\"twitter:card\" content=\"summary_large_image\" \/>\n<meta name=\"twitter:label1\" content=\"Written by\" \/>\n\t<meta name=\"twitter:data1\" content=\"Nina Huhtinen\" \/>\n\t<meta name=\"twitter:label2\" content=\"Estimated reading time\" \/>\n\t<meta name=\"twitter:data2\" content=\"3 minutes\" \/>\n<script type=\"application\/ld+json\" class=\"yoast-schema-graph\">{\"@context\":\"https:\\\/\\\/schema.org\",\"@graph\":[{\"@type\":\"Article\",\"@id\":\"https:\\\/\\\/sovittelu.com\\\/vertaissovittelu\\\/avoin-resto-koulutus-syksylle-2025-avattu-ilmoittaudu-mukaan-nyt\\\/#article\",\"isPartOf\":{\"@id\":\"https:\\\/\\\/sovittelu.com\\\/vertaissovittelu\\\/avoin-resto-koulutus-syksylle-2025-avattu-ilmoittaudu-mukaan-nyt\\\/\"},\"author\":{\"name\":\"Nina Huhtinen\",\"@id\":\"https:\\\/\\\/sovittelu.com\\\/vertaissovittelu\\\/#\\\/schema\\\/person\\\/7cf9dc57a10e1fba817a3f9f9cf56494\"},\"headline\":\"T\u00c4YNN\u00c4! Avoin RESTO-koulutus syksylle 2025 avattu \u2013 ilmoittaudu mukaan nyt!\",\"datePublished\":\"2025-04-17T07:26:55+00:00\",\"dateModified\":\"2025-12-17T08:41:46+00:00\",\"mainEntityOfPage\":{\"@id\":\"https:\\\/\\\/sovittelu.com\\\/vertaissovittelu\\\/avoin-resto-koulutus-syksylle-2025-avattu-ilmoittaudu-mukaan-nyt\\\/\"},\"wordCount\":454,\"publisher\":{\"@id\":\"https:\\\/\\\/sovittelu.com\\\/vertaissovittelu\\\/#organization\"},\"image\":{\"@id\":\"https:\\\/\\\/sovittelu.com\\\/vertaissovittelu\\\/avoin-resto-koulutus-syksylle-2025-avattu-ilmoittaudu-mukaan-nyt\\\/#primaryimage\"},\"thumbnailUrl\":\"https:\\\/\\\/sovittelu.com\\\/vertaissovittelu\\\/wp-content\\\/uploads\\\/2025\\\/04\\\/Milla-sanalla-kuvailisit-Verso-Sanapilvi-1024x725.png\",\"keywords\":[\"2025\",\"avoin\",\"piirimenetelm\u00e4t\",\"RESTO\",\"restoratiivisuus\",\"sovittelukoulutus\",\"syksy\"],\"articleSection\":[\"Koulutus\",\"RESTO\",\"Yleinen\"],\"inLanguage\":\"en-GB\"},{\"@type\":\"WebPage\",\"@id\":\"https:\\\/\\\/sovittelu.com\\\/vertaissovittelu\\\/avoin-resto-koulutus-syksylle-2025-avattu-ilmoittaudu-mukaan-nyt\\\/\",\"url\":\"https:\\\/\\\/sovittelu.com\\\/vertaissovittelu\\\/avoin-resto-koulutus-syksylle-2025-avattu-ilmoittaudu-mukaan-nyt\\\/\",\"name\":\"T\u00c4YNN\u00c4! Avoin RESTO-koulutus syksylle 2025 avattu \u2013 ilmoittaudu mukaan nyt! | Verso\",\"isPartOf\":{\"@id\":\"https:\\\/\\\/sovittelu.com\\\/vertaissovittelu\\\/#website\"},\"primaryImageOfPage\":{\"@id\":\"https:\\\/\\\/sovittelu.com\\\/vertaissovittelu\\\/avoin-resto-koulutus-syksylle-2025-avattu-ilmoittaudu-mukaan-nyt\\\/#primaryimage\"},\"image\":{\"@id\":\"https:\\\/\\\/sovittelu.com\\\/vertaissovittelu\\\/avoin-resto-koulutus-syksylle-2025-avattu-ilmoittaudu-mukaan-nyt\\\/#primaryimage\"},\"thumbnailUrl\":\"https:\\\/\\\/sovittelu.com\\\/vertaissovittelu\\\/wp-content\\\/uploads\\\/2025\\\/04\\\/Milla-sanalla-kuvailisit-Verso-Sanapilvi-1024x725.png\",\"datePublished\":\"2025-04-17T07:26:55+00:00\",\"dateModified\":\"2025-12-17T08:41:46+00:00\",\"breadcrumb\":{\"@id\":\"https:\\\/\\\/sovittelu.com\\\/vertaissovittelu\\\/avoin-resto-koulutus-syksylle-2025-avattu-ilmoittaudu-mukaan-nyt\\\/#breadcrumb\"},\"inLanguage\":\"en-GB\",\"potentialAction\":[{\"@type\":\"ReadAction\",\"target\":[\"https:\\\/\\\/sovittelu.com\\\/vertaissovittelu\\\/avoin-resto-koulutus-syksylle-2025-avattu-ilmoittaudu-mukaan-nyt\\\/\"]}]},{\"@type\":\"ImageObject\",\"inLanguage\":\"en-GB\",\"@id\":\"https:\\\/\\\/sovittelu.com\\\/vertaissovittelu\\\/avoin-resto-koulutus-syksylle-2025-avattu-ilmoittaudu-mukaan-nyt\\\/#primaryimage\",\"url\":\"https:\\\/\\\/sovittelu.com\\\/vertaissovittelu\\\/wp-content\\\/uploads\\\/2025\\\/04\\\/Milla-sanalla-kuvailisit-Verso-Sanapilvi-1024x725.png\",\"contentUrl\":\"https:\\\/\\\/sovittelu.com\\\/vertaissovittelu\\\/wp-content\\\/uploads\\\/2025\\\/04\\\/Milla-sanalla-kuvailisit-Verso-Sanapilvi-1024x725.png\"},{\"@type\":\"BreadcrumbList\",\"@id\":\"https:\\\/\\\/sovittelu.com\\\/vertaissovittelu\\\/avoin-resto-koulutus-syksylle-2025-avattu-ilmoittaudu-mukaan-nyt\\\/#breadcrumb\",\"itemListElement\":[{\"@type\":\"ListItem\",\"position\":1,\"name\":\"Etusivu\",\"item\":\"https:\\\/\\\/sovittelu.com\\\/vertaissovittelu\\\/\"},{\"@type\":\"ListItem\",\"position\":2,\"name\":\"T\u00c4YNN\u00c4! Avoin RESTO-koulutus syksylle 2025 avattu \u2013 ilmoittaudu mukaan nyt!\"}]},{\"@type\":\"WebSite\",\"@id\":\"https:\\\/\\\/sovittelu.com\\\/vertaissovittelu\\\/#website\",\"url\":\"https:\\\/\\\/sovittelu.com\\\/vertaissovittelu\\\/\",\"name\":\"VERSO-ohjelma\",\"description\":\"Vertaissovitteluohjelma\",\"publisher\":{\"@id\":\"https:\\\/\\\/sovittelu.com\\\/vertaissovittelu\\\/#organization\"},\"potentialAction\":[{\"@type\":\"SearchAction\",\"target\":{\"@type\":\"EntryPoint\",\"urlTemplate\":\"https:\\\/\\\/sovittelu.com\\\/vertaissovittelu\\\/?s={search_term_string}\"},\"query-input\":{\"@type\":\"PropertyValueSpecification\",\"valueRequired\":true,\"valueName\":\"search_term_string\"}}],\"inLanguage\":\"en-GB\"},{\"@type\":\"Organization\",\"@id\":\"https:\\\/\\\/sovittelu.com\\\/vertaissovittelu\\\/#organization\",\"name\":\"VERSO-ohjelma\",\"url\":\"https:\\\/\\\/sovittelu.com\\\/vertaissovittelu\\\/\",\"logo\":{\"@type\":\"ImageObject\",\"inLanguage\":\"en-GB\",\"@id\":\"https:\\\/\\\/sovittelu.com\\\/vertaissovittelu\\\/#\\\/schema\\\/logo\\\/image\\\/\",\"url\":\"https:\\\/\\\/sovittelu.com\\\/vertaissovittelu\\\/wp-content\\\/uploads\\\/2026\\\/01\\\/verso_ikoni_512x512px.png\",\"contentUrl\":\"https:\\\/\\\/sovittelu.com\\\/vertaissovittelu\\\/wp-content\\\/uploads\\\/2026\\\/01\\\/verso_ikoni_512x512px.png\",\"width\":512,\"height\":512,\"caption\":\"VERSO-ohjelma\"},\"image\":{\"@id\":\"https:\\\/\\\/sovittelu.com\\\/vertaissovittelu\\\/#\\\/schema\\\/logo\\\/image\\\/\"},\"sameAs\":[\"https:\\\/\\\/www.facebook.com\\\/VERSOsovittelu\",\"https:\\\/\\\/www.instagram.com\\\/verso_sovittelu\\\/\"]},{\"@type\":\"Person\",\"@id\":\"https:\\\/\\\/sovittelu.com\\\/vertaissovittelu\\\/#\\\/schema\\\/person\\\/7cf9dc57a10e1fba817a3f9f9cf56494\",\"name\":\"Nina Huhtinen\",\"url\":\"https:\\\/\\\/sovittelu.com\\\/vertaissovittelu\\\/en\\\/author\\\/nina\\\/\"}]}<\/script>\n<!-- \/ Yoast SEO plugin. -->","yoast_head_json":{"title":"FULL! Open RESTO training for autumn 2025 is now open - register now! | Verso","robots":{"index":"index","follow":"follow","max-snippet":"max-snippet:-1","max-image-preview":"max-image-preview:large","max-video-preview":"max-video-preview:-1"},"canonical":"https:\/\/sovittelu.com\/vertaissovittelu\/en\/open-resto-training-for-autumn-2025-open-enrol-now\/","og_locale":"en_GB","og_type":"article","og_title":"T\u00c4YNN\u00c4! Avoin RESTO-koulutus syksylle 2025 avattu \u2013 ilmoittaudu mukaan nyt! | Verso","og_description":"P\u00e4ivitys: T\u00e4m\u00e4 koulutusryhm\u00e4 on t\u00e4ynn\u00e4, seuraava avoin ryhm\u00e4 on suunnitteilla kev\u00e4\u00e4lle 2026! Kent\u00e4n toiveen perusteella olemme avanneet ilmoittautumisen uuteen avoimeen RESTO \u2013 Restoratiivinen ja sovitteleva yhteis\u00f6 -koulutukseen syksyll\u00e4 2025. Lue lis\u00e4\u00e4 alta ja ilmoittaudu mukaan pian! Restoratiivinen&nbsp;&nbsp;ja sovitteleva yhteis\u00f6 (tuttavallisemmin RESTO -koulutus) tuottaa osallistujille tiedon ja taidon restoratiivisen l\u00e4hestymistavan ja sovittelun toteuttamiseen omassa ty\u00f6ss\u00e4\u00e4n ja...","og_url":"https:\/\/sovittelu.com\/vertaissovittelu\/en\/open-resto-training-for-autumn-2025-open-enrol-now\/","og_site_name":"Verso","article_publisher":"https:\/\/www.facebook.com\/VERSOsovittelu","article_published_time":"2025-04-17T07:26:55+00:00","article_modified_time":"2025-12-17T08:41:46+00:00","og_image":[{"width":1200,"height":675,"url":"https:\/\/sovittelu.com\/vertaissovittelu\/wp-content\/uploads\/2025\/12\/verso-ohjelma_1200x675px.jpg","type":"image\/jpeg"}],"author":"Nina Huhtinen","twitter_card":"summary_large_image","twitter_misc":{"Written by":"Nina Huhtinen","Estimated reading time":"3 minutes"},"schema":{"@context":"https:\/\/schema.org","@graph":[{"@type":"Article","@id":"https:\/\/sovittelu.com\/vertaissovittelu\/avoin-resto-koulutus-syksylle-2025-avattu-ilmoittaudu-mukaan-nyt\/#article","isPartOf":{"@id":"https:\/\/sovittelu.com\/vertaissovittelu\/avoin-resto-koulutus-syksylle-2025-avattu-ilmoittaudu-mukaan-nyt\/"},"author":{"name":"Nina Huhtinen","@id":"https:\/\/sovittelu.com\/vertaissovittelu\/#\/schema\/person\/7cf9dc57a10e1fba817a3f9f9cf56494"},"headline":"T\u00c4YNN\u00c4! Avoin RESTO-koulutus syksylle 2025 avattu \u2013 ilmoittaudu mukaan nyt!","datePublished":"2025-04-17T07:26:55+00:00","dateModified":"2025-12-17T08:41:46+00:00","mainEntityOfPage":{"@id":"https:\/\/sovittelu.com\/vertaissovittelu\/avoin-resto-koulutus-syksylle-2025-avattu-ilmoittaudu-mukaan-nyt\/"},"wordCount":454,"publisher":{"@id":"https:\/\/sovittelu.com\/vertaissovittelu\/#organization"},"image":{"@id":"https:\/\/sovittelu.com\/vertaissovittelu\/avoin-resto-koulutus-syksylle-2025-avattu-ilmoittaudu-mukaan-nyt\/#primaryimage"},"thumbnailUrl":"https:\/\/sovittelu.com\/vertaissovittelu\/wp-content\/uploads\/2025\/04\/Milla-sanalla-kuvailisit-Verso-Sanapilvi-1024x725.png","keywords":["2025","avoin","piirimenetelm\u00e4t","RESTO","restoratiivisuus","sovittelukoulutus","syksy"],"articleSection":["Koulutus","RESTO","Yleinen"],"inLanguage":"en-GB"},{"@type":"WebPage","@id":"https:\/\/sovittelu.com\/vertaissovittelu\/avoin-resto-koulutus-syksylle-2025-avattu-ilmoittaudu-mukaan-nyt\/","url":"https:\/\/sovittelu.com\/vertaissovittelu\/avoin-resto-koulutus-syksylle-2025-avattu-ilmoittaudu-mukaan-nyt\/","name":"FULL! Open RESTO training for autumn 2025 is now open - register now! | Verso","isPartOf":{"@id":"https:\/\/sovittelu.com\/vertaissovittelu\/#website"},"primaryImageOfPage":{"@id":"https:\/\/sovittelu.com\/vertaissovittelu\/avoin-resto-koulutus-syksylle-2025-avattu-ilmoittaudu-mukaan-nyt\/#primaryimage"},"image":{"@id":"https:\/\/sovittelu.com\/vertaissovittelu\/avoin-resto-koulutus-syksylle-2025-avattu-ilmoittaudu-mukaan-nyt\/#primaryimage"},"thumbnailUrl":"https:\/\/sovittelu.com\/vertaissovittelu\/wp-content\/uploads\/2025\/04\/Milla-sanalla-kuvailisit-Verso-Sanapilvi-1024x725.png","datePublished":"2025-04-17T07:26:55+00:00","dateModified":"2025-12-17T08:41:46+00:00","breadcrumb":{"@id":"https:\/\/sovittelu.com\/vertaissovittelu\/avoin-resto-koulutus-syksylle-2025-avattu-ilmoittaudu-mukaan-nyt\/#breadcrumb"},"inLanguage":"en-GB","potentialAction":[{"@type":"ReadAction","target":["https:\/\/sovittelu.com\/vertaissovittelu\/avoin-resto-koulutus-syksylle-2025-avattu-ilmoittaudu-mukaan-nyt\/"]}]},{"@type":"ImageObject","inLanguage":"en-GB","@id":"https:\/\/sovittelu.com\/vertaissovittelu\/avoin-resto-koulutus-syksylle-2025-avattu-ilmoittaudu-mukaan-nyt\/#primaryimage","url":"https:\/\/sovittelu.com\/vertaissovittelu\/wp-content\/uploads\/2025\/04\/Milla-sanalla-kuvailisit-Verso-Sanapilvi-1024x725.png","contentUrl":"https:\/\/sovittelu.com\/vertaissovittelu\/wp-content\/uploads\/2025\/04\/Milla-sanalla-kuvailisit-Verso-Sanapilvi-1024x725.png"},{"@type":"BreadcrumbList","@id":"https:\/\/sovittelu.com\/vertaissovittelu\/avoin-resto-koulutus-syksylle-2025-avattu-ilmoittaudu-mukaan-nyt\/#breadcrumb","itemListElement":[{"@type":"ListItem","position":1,"name":"Etusivu","item":"https:\/\/sovittelu.com\/vertaissovittelu\/"},{"@type":"ListItem","position":2,"name":"T\u00c4YNN\u00c4! Avoin RESTO-koulutus syksylle 2025 avattu \u2013 ilmoittaudu mukaan nyt!"}]},{"@type":"WebSite","@id":"https:\/\/sovittelu.com\/vertaissovittelu\/#website","url":"https:\/\/sovittelu.com\/vertaissovittelu\/","name":"VERSO programme","description":"Peer mediation programme","publisher":{"@id":"https:\/\/sovittelu.com\/vertaissovittelu\/#organization"},"potentialAction":[{"@type":"SearchAction","target":{"@type":"EntryPoint","urlTemplate":"https:\/\/sovittelu.com\/vertaissovittelu\/?s={search_term_string}"},"query-input":{"@type":"PropertyValueSpecification","valueRequired":true,"valueName":"search_term_string"}}],"inLanguage":"en-GB"},{"@type":"Organization","@id":"https:\/\/sovittelu.com\/vertaissovittelu\/#organization","name":"VERSO programme","url":"https:\/\/sovittelu.com\/vertaissovittelu\/","logo":{"@type":"ImageObject","inLanguage":"en-GB","@id":"https:\/\/sovittelu.com\/vertaissovittelu\/#\/schema\/logo\/image\/","url":"https:\/\/sovittelu.com\/vertaissovittelu\/wp-content\/uploads\/2026\/01\/verso_ikoni_512x512px.png","contentUrl":"https:\/\/sovittelu.com\/vertaissovittelu\/wp-content\/uploads\/2026\/01\/verso_ikoni_512x512px.png","width":512,"height":512,"caption":"VERSO-ohjelma"},"image":{"@id":"https:\/\/sovittelu.com\/vertaissovittelu\/#\/schema\/logo\/image\/"},"sameAs":["https:\/\/www.facebook.com\/VERSOsovittelu","https:\/\/www.instagram.com\/verso_sovittelu\/"]},{"@type":"Person","@id":"https:\/\/sovittelu.com\/vertaissovittelu\/#\/schema\/person\/7cf9dc57a10e1fba817a3f9f9cf56494","name":"Nina Huhtinen","url":"https:\/\/sovittelu.com\/vertaissovittelu\/en\/author\/nina\/"}]}},"_links":{"self":[{"href":"https:\/\/sovittelu.com\/vertaissovittelu\/en\/wp-json\/wp\/v2\/posts\/4860","targetHints":{"allow":["GET"]}}],"collection":[{"href":"https:\/\/sovittelu.com\/vertaissovittelu\/en\/wp-json\/wp\/v2\/posts"}],"about":[{"href":"https:\/\/sovittelu.com\/vertaissovittelu\/en\/wp-json\/wp\/v2\/types\/post"}],"author":[{"embeddable":true,"href":"https:\/\/sovittelu.com\/vertaissovittelu\/en\/wp-json\/wp\/v2\/users\/14"}],"replies":[{"embeddable":true,"href":"https:\/\/sovittelu.com\/vertaissovittelu\/en\/wp-json\/wp\/v2\/comments?post=4860"}],"version-history":[{"count":0,"href":"https:\/\/sovittelu.com\/vertaissovittelu\/en\/wp-json\/wp\/v2\/posts\/4860\/revisions"}],"wp:attachment":[{"href":"https:\/\/sovittelu.com\/vertaissovittelu\/en\/wp-json\/wp\/v2\/media?parent=4860"}],"wp:term":[{"taxonomy":"category","embeddable":true,"href":"https:\/\/sovittelu.com\/vertaissovittelu\/en\/wp-json\/wp\/v2\/categories?post=4860"},{"taxonomy":"post_tag","embeddable":true,"href":"https:\/\/sovittelu.com\/vertaissovittelu\/en\/wp-json\/wp\/v2\/tags?post=4860"}],"curies":[{"name":"wp","href":"https:\/\/api.w.org\/{rel}","templated":true}]}}