{"id":4834,"date":"2025-03-07T10:29:49","date_gmt":"2025-03-07T08:29:49","guid":{"rendered":"https:\/\/sovittelu.com\/vertaissovittelu\/?p=4834"},"modified":"2025-12-17T10:43:50","modified_gmt":"2025-12-17T08:43:50","slug":"mediators-days-20-21-5-in-tampere-restorativeness-mediation-and-social-peace","status":"publish","type":"post","link":"https:\/\/sovittelu.com\/vertaissovittelu\/en\/sovittelijapaivat-20-21-5-tampereella-restoratiivisuus-sovittelu-ja-yhteiskuntarauha\/","title":{"rendered":"Mediation Days 20-21 May in Tampere: restorative justice, mediation and social peace"},"content":{"rendered":"<p><strong>Welcome to Mediator Days 2025 in Tampere!<\/strong><\/p>\n\n\n\n<p>The days will explore challenging, silent and visible phenomena in society and the role of mediation and other restorative practices in helping individuals and communities deal with tensions, conflicts and crimes. The two-day event will include keynote speeches, interactive panel discussions, a wide range of workshops and opportunities for discussion and networking.<\/p>\n\n\n\n<p>The theme of Mediation Days 2025 will involve not only the field of mediation but also other actors in society whose activities and decision-making are related to aspects of social peace (e.g. social and health sector, public authorities, representatives of NGOs). The mediation days will bring a fresh perspective, especially for public actors whose work is related to the well-being of families and young people. In addition, polarisation, changes in working life and the current needs of community mediation will be important themes.<\/p>\n\n\n\n<p>In the workshops, experts will present their work, results and experiences on issues such as dealing with hate crime, violence among young people in schools and on the streets, well-being and good practice in work communities, the role of mediation in community trauma, digital dialogue in work communities, aftercare for serious crime and restorative services in relationships.<\/p>\n\n\n\n<p><strong>Time: <\/strong>Tue 20.5. at 8.30 - Wed 21.5. at 15.15<\/p>\n\n\n\n<p><strong>Location: <\/strong>University of Tampere, Central Campus, P\u00e4\u00e4talo (Kalevantie 4)<\/p>\n\n\n\n<p><strong>Registration and participation fee: <\/strong>The participation fee is \u20ac70. Instructions on how to pay the registration fee can be found on the registration form.<\/p>\n\n\n\n<p>Register for the mediator days by filling in the registration form here: <a href=\"https:\/\/www.sovittelijapaivat.fi\/ilmoittautuminen-2025\/\" target=\"_blank\" rel=\"noreferrer noopener\">https:\/\/www.sovittelijapaivat.fi\/ilmoittautuminen-2025\/<\/a><\/p>\n\n\n\n<p>You can also access the registration form using the QR code below.<\/p>\n\n\n\n<figure class=\"wp-block-image size-full\"><img loading=\"lazy\" decoding=\"async\" width=\"190\" height=\"174\" src=\"https:\/\/sovittelu.com\/vertaissovittelu\/wp-content\/uploads\/2025\/03\/qr-koodi.jpg\" alt=\"\" class=\"wp-image-13220\"\/><\/figure>\n\n\n\n<p><strong>Programme: <\/strong>For a more detailed programme, visit the event website&nbsp;<a rel=\"noreferrer noopener\" href=\"http:\/\/www.sovittelijapaivat.fi\" target=\"_blank\">www.sovittelijapaivat.fi<\/a><\/p>\n\n\n\n<p><strong>NOTE! The free pre-seminar \u201dRestorativeness and Social Peace\u201d, open to all interested parties, will take place on the Teams working platform on Thu 8 May at 14:00-15:30.<\/strong> You can join by clicking on the Teams link below under \u201dJoin the meeting now\u201d or by entering your meeting ID and password in the Teams app. The convener is Jens Gellin, coordinator of the mediator days \/ jens@gellin.fi<\/p>\n\n\n\n<p><strong>Microsoft Teams<\/strong>\u00a0<a href=\"https:\/\/aka.ms\/JoinTeamsMeeting?omkt=fi-FI\" target=\"_blank\" rel=\"noreferrer noopener\">Need help?<\/a><\/p>\n\n\n\n<p><a href=\"https:\/\/teams.microsoft.com\/l\/meetup-join\/19%3ameeting_ODVjOGY1NDctOGE4NC00NzcwLWE5ZjgtMGE1YjI5ZTRmZTFj%40thread.v2\/0?context=%7b%22Tid%22%3a%22454660ed-91bb-4afc-9fa8-2644ac452980%22%2c%22Oid%22%3a%226d44f367-ccad-4213-b871-637683cf2ed5%22%7d\" target=\"_blank\" rel=\"noreferrer noopener\"><strong>Join the meeting now<\/strong><\/a><\/p>\n\n\n\n<p>Meeting ID: 355 761 275 426<\/p>\n\n\n\n<p>Identification code: sy7kd39q<\/p>\n\n\n\n<figure class=\"wp-block-image size-full is-resized\"><img loading=\"lazy\" decoding=\"async\" width=\"1024\" height=\"1024\" src=\"https:\/\/sovittelu.com\/vertaissovittelu\/wp-content\/uploads\/2025\/03\/restoratiivisuus_ja_yhteiskuntarauha-1024x1024-1.jpg\" alt=\"\" class=\"wp-image-13221\" style=\"width:331px;height:331px\" srcset=\"https:\/\/sovittelu.com\/vertaissovittelu\/wp-content\/uploads\/2025\/03\/restoratiivisuus_ja_yhteiskuntarauha-1024x1024-1.jpg 1024w, https:\/\/sovittelu.com\/vertaissovittelu\/wp-content\/uploads\/2025\/03\/restoratiivisuus_ja_yhteiskuntarauha-1024x1024-1-500x500.jpg 500w, https:\/\/sovittelu.com\/vertaissovittelu\/wp-content\/uploads\/2025\/03\/restoratiivisuus_ja_yhteiskuntarauha-1024x1024-1-768x768.jpg 768w\" sizes=\"auto, (max-width: 1024px) 100vw, 1024px\" \/><\/figure>\n\n\n\n<p><strong>For more information:<\/strong><\/p>\n\n\n\n<p>Jens Gellin, Mediator Days Coordinator, jens@gellin.fi<\/p>\n\n\n\n<p>Saija J\u00e4rvinen, Advisory Officer, Ministry of Justice, saija.jarvinen@gov.fi<\/p>\n\n\n\n<p>Ilona Rimpil\u00e4, Specialist, National Institute for Health and Welfare, ilona.rimpila@thl.fi<\/p>\n\n\n\n<p>In cooperation with:<\/p>\n\n\n\n<p>National Institute for Health and Welfare, Ministry of Justice, Finnish Council for Crime Prevention, Finnish Mediation Forum, MAP Finland, Aseman Lapset ry, Onni-Inno ok<\/p>","protected":false},"excerpt":{"rendered":"<p>Welcome to Mediator Days 2025 in Tampere! The days will explore challenging, silent and visible phenomena in society and the role of mediation and other restorative practices in helping individuals and communities deal with various tensions, conflicts and crimes. The two-day event will include keynote speeches, interactive panel discussions, a wide range of workshops and opportunities for discussion and networking. The theme of Mediation Days 2025 will involve not only the mediation field but also other actors in society,...<\/p>","protected":false},"author":14,"featured_media":0,"comment_status":"closed","ping_status":"closed","sticky":false,"template":"","format":"standard","meta":{"_kad_post_transparent":"","_kad_post_title":"","_kad_post_layout":"","_kad_post_sidebar_id":"","_kad_post_content_style":"","_kad_post_vertical_padding":"","_kad_post_feature":"","_kad_post_feature_position":"","_kad_post_header":false,"_kad_post_footer":false,"_kad_post_classname":"","footnotes":""},"categories":[1],"tags":[200,214,206,41,148,25,207],"class_list":["post-4834","post","type-post","status-publish","format-standard","hentry","category-yleinen","tag-200","tag-esiseminaari","tag-konferenssi","tag-restoratiivisuus","tag-sovittelijapaivat","tag-sovittelu","tag-yhteiskuntarauha"],"yoast_head":"<!-- This site is optimized with the Yoast SEO plugin v27.5 - https:\/\/yoast.com\/product\/yoast-seo-wordpress\/ -->\n<title>Sovittelijap\u00e4iv\u00e4t 20.-21.5. Tampereella: Restoratiivisuus, sovittelu ja yhteiskuntarauha | Verso<\/title>\n<meta name=\"robots\" content=\"index, follow, max-snippet:-1, max-image-preview:large, max-video-preview:-1\" \/>\n<link rel=\"canonical\" href=\"https:\/\/sovittelu.com\/vertaissovittelu\/en\/mediators-days-20-21-5-in-tampere-restorativeness-mediation-and-social-peace\/\" \/>\n<meta property=\"og:locale\" content=\"en_GB\" \/>\n<meta property=\"og:type\" content=\"article\" \/>\n<meta property=\"og:title\" content=\"Sovittelijap\u00e4iv\u00e4t 20.-21.5. Tampereella: Restoratiivisuus, sovittelu ja yhteiskuntarauha | Verso\" \/>\n<meta property=\"og:description\" content=\"Tervetuloa Sovittelijap\u00e4iville 2025 Tampereelle! P\u00e4ivien aikana tarkastellaan yhteiskunnan haastavia, hiljaisia ja n\u00e4kyvi\u00e4 ilmi\u00f6it\u00e4 sek\u00e4 sovittelun ett\u00e4 muiden restoratiivisten menettelyjen merkityst\u00e4, kun autetaan yksil\u00f6it\u00e4 ja yhteis\u00f6j\u00e4 erilaisten j\u00e4nnitteiden, konfliktien ja rikosten k\u00e4sittelyss\u00e4.&nbsp;Kaksip\u00e4iv\u00e4isen tapahtuman ohjelmaan kuuluu alustuspuheenvuoroja, dialogisia paneelikeskusteluja, monipuolisia ty\u00f6pajoja ja mahdollisuuksia keskusteluun ja verkostoitumiseen. Sovittelijap\u00e4ivien 2025 teema tuo mukaan sovittelun kent\u00e4n lis\u00e4ksi muita yhteiskunnan toimijoita,...\" \/>\n<meta property=\"og:url\" content=\"https:\/\/sovittelu.com\/vertaissovittelu\/en\/mediators-days-20-21-5-in-tampere-restorativeness-mediation-and-social-peace\/\" \/>\n<meta property=\"og:site_name\" content=\"Verso\" \/>\n<meta property=\"article:publisher\" content=\"https:\/\/www.facebook.com\/VERSOsovittelu\" \/>\n<meta property=\"article:published_time\" content=\"2025-03-07T08:29:49+00:00\" \/>\n<meta property=\"article:modified_time\" content=\"2025-12-17T08:43:50+00:00\" \/>\n<meta property=\"og:image\" content=\"https:\/\/sovittelu.com\/vertaissovittelu\/wp-content\/uploads\/2025\/03\/qr-koodi.jpg\" \/>\n\t<meta property=\"og:image:width\" content=\"190\" \/>\n\t<meta property=\"og:image:height\" content=\"174\" \/>\n\t<meta property=\"og:image:type\" content=\"image\/jpeg\" \/>\n<meta name=\"author\" content=\"Nina Huhtinen\" \/>\n<meta name=\"twitter:card\" content=\"summary_large_image\" \/>\n<meta name=\"twitter:label1\" content=\"Written by\" \/>\n\t<meta name=\"twitter:data1\" content=\"Nina Huhtinen\" \/>\n\t<meta name=\"twitter:label2\" content=\"Estimated reading time\" \/>\n\t<meta name=\"twitter:data2\" content=\"3 minutes\" \/>\n<script type=\"application\/ld+json\" class=\"yoast-schema-graph\">{\"@context\":\"https:\\\/\\\/schema.org\",\"@graph\":[{\"@type\":\"Article\",\"@id\":\"https:\\\/\\\/sovittelu.com\\\/vertaissovittelu\\\/sovittelijapaivat-20-21-5-tampereella-restoratiivisuus-sovittelu-ja-yhteiskuntarauha\\\/#article\",\"isPartOf\":{\"@id\":\"https:\\\/\\\/sovittelu.com\\\/vertaissovittelu\\\/sovittelijapaivat-20-21-5-tampereella-restoratiivisuus-sovittelu-ja-yhteiskuntarauha\\\/\"},\"author\":{\"name\":\"Nina Huhtinen\",\"@id\":\"https:\\\/\\\/sovittelu.com\\\/vertaissovittelu\\\/#\\\/schema\\\/person\\\/7cf9dc57a10e1fba817a3f9f9cf56494\"},\"headline\":\"Sovittelijap\u00e4iv\u00e4t 20.-21.5. Tampereella: Restoratiivisuus, sovittelu ja yhteiskuntarauha\",\"datePublished\":\"2025-03-07T08:29:49+00:00\",\"dateModified\":\"2025-12-17T08:43:50+00:00\",\"mainEntityOfPage\":{\"@id\":\"https:\\\/\\\/sovittelu.com\\\/vertaissovittelu\\\/sovittelijapaivat-20-21-5-tampereella-restoratiivisuus-sovittelu-ja-yhteiskuntarauha\\\/\"},\"wordCount\":361,\"publisher\":{\"@id\":\"https:\\\/\\\/sovittelu.com\\\/vertaissovittelu\\\/#organization\"},\"image\":{\"@id\":\"https:\\\/\\\/sovittelu.com\\\/vertaissovittelu\\\/sovittelijapaivat-20-21-5-tampereella-restoratiivisuus-sovittelu-ja-yhteiskuntarauha\\\/#primaryimage\"},\"thumbnailUrl\":\"https:\\\/\\\/sovittelu.com\\\/vertaissovittelu\\\/wp-content\\\/uploads\\\/2025\\\/03\\\/qr-koodi.jpg\",\"keywords\":[\"2025\",\"esiseminaari\",\"konferenssi\",\"restoratiivisuus\",\"Sovittelijap\u00e4iv\u00e4t\",\"sovittelu\",\"yhteiskuntarauha\"],\"articleSection\":[\"Yleinen\"],\"inLanguage\":\"en-GB\"},{\"@type\":\"WebPage\",\"@id\":\"https:\\\/\\\/sovittelu.com\\\/vertaissovittelu\\\/sovittelijapaivat-20-21-5-tampereella-restoratiivisuus-sovittelu-ja-yhteiskuntarauha\\\/\",\"url\":\"https:\\\/\\\/sovittelu.com\\\/vertaissovittelu\\\/sovittelijapaivat-20-21-5-tampereella-restoratiivisuus-sovittelu-ja-yhteiskuntarauha\\\/\",\"name\":\"Sovittelijap\u00e4iv\u00e4t 20.-21.5. Tampereella: Restoratiivisuus, sovittelu ja yhteiskuntarauha | Verso\",\"isPartOf\":{\"@id\":\"https:\\\/\\\/sovittelu.com\\\/vertaissovittelu\\\/#website\"},\"primaryImageOfPage\":{\"@id\":\"https:\\\/\\\/sovittelu.com\\\/vertaissovittelu\\\/sovittelijapaivat-20-21-5-tampereella-restoratiivisuus-sovittelu-ja-yhteiskuntarauha\\\/#primaryimage\"},\"image\":{\"@id\":\"https:\\\/\\\/sovittelu.com\\\/vertaissovittelu\\\/sovittelijapaivat-20-21-5-tampereella-restoratiivisuus-sovittelu-ja-yhteiskuntarauha\\\/#primaryimage\"},\"thumbnailUrl\":\"https:\\\/\\\/sovittelu.com\\\/vertaissovittelu\\\/wp-content\\\/uploads\\\/2025\\\/03\\\/qr-koodi.jpg\",\"datePublished\":\"2025-03-07T08:29:49+00:00\",\"dateModified\":\"2025-12-17T08:43:50+00:00\",\"breadcrumb\":{\"@id\":\"https:\\\/\\\/sovittelu.com\\\/vertaissovittelu\\\/sovittelijapaivat-20-21-5-tampereella-restoratiivisuus-sovittelu-ja-yhteiskuntarauha\\\/#breadcrumb\"},\"inLanguage\":\"en-GB\",\"potentialAction\":[{\"@type\":\"ReadAction\",\"target\":[\"https:\\\/\\\/sovittelu.com\\\/vertaissovittelu\\\/sovittelijapaivat-20-21-5-tampereella-restoratiivisuus-sovittelu-ja-yhteiskuntarauha\\\/\"]}]},{\"@type\":\"ImageObject\",\"inLanguage\":\"en-GB\",\"@id\":\"https:\\\/\\\/sovittelu.com\\\/vertaissovittelu\\\/sovittelijapaivat-20-21-5-tampereella-restoratiivisuus-sovittelu-ja-yhteiskuntarauha\\\/#primaryimage\",\"url\":\"https:\\\/\\\/sovittelu.com\\\/vertaissovittelu\\\/wp-content\\\/uploads\\\/2025\\\/03\\\/qr-koodi.jpg\",\"contentUrl\":\"https:\\\/\\\/sovittelu.com\\\/vertaissovittelu\\\/wp-content\\\/uploads\\\/2025\\\/03\\\/qr-koodi.jpg\"},{\"@type\":\"BreadcrumbList\",\"@id\":\"https:\\\/\\\/sovittelu.com\\\/vertaissovittelu\\\/sovittelijapaivat-20-21-5-tampereella-restoratiivisuus-sovittelu-ja-yhteiskuntarauha\\\/#breadcrumb\",\"itemListElement\":[{\"@type\":\"ListItem\",\"position\":1,\"name\":\"Etusivu\",\"item\":\"https:\\\/\\\/sovittelu.com\\\/vertaissovittelu\\\/\"},{\"@type\":\"ListItem\",\"position\":2,\"name\":\"Sovittelijap\u00e4iv\u00e4t 20.-21.5. Tampereella: Restoratiivisuus, sovittelu ja yhteiskuntarauha\"}]},{\"@type\":\"WebSite\",\"@id\":\"https:\\\/\\\/sovittelu.com\\\/vertaissovittelu\\\/#website\",\"url\":\"https:\\\/\\\/sovittelu.com\\\/vertaissovittelu\\\/\",\"name\":\"VERSO-ohjelma\",\"description\":\"Vertaissovitteluohjelma\",\"publisher\":{\"@id\":\"https:\\\/\\\/sovittelu.com\\\/vertaissovittelu\\\/#organization\"},\"potentialAction\":[{\"@type\":\"SearchAction\",\"target\":{\"@type\":\"EntryPoint\",\"urlTemplate\":\"https:\\\/\\\/sovittelu.com\\\/vertaissovittelu\\\/?s={search_term_string}\"},\"query-input\":{\"@type\":\"PropertyValueSpecification\",\"valueRequired\":true,\"valueName\":\"search_term_string\"}}],\"inLanguage\":\"en-GB\"},{\"@type\":\"Organization\",\"@id\":\"https:\\\/\\\/sovittelu.com\\\/vertaissovittelu\\\/#organization\",\"name\":\"VERSO-ohjelma\",\"url\":\"https:\\\/\\\/sovittelu.com\\\/vertaissovittelu\\\/\",\"logo\":{\"@type\":\"ImageObject\",\"inLanguage\":\"en-GB\",\"@id\":\"https:\\\/\\\/sovittelu.com\\\/vertaissovittelu\\\/#\\\/schema\\\/logo\\\/image\\\/\",\"url\":\"https:\\\/\\\/sovittelu.com\\\/vertaissovittelu\\\/wp-content\\\/uploads\\\/2026\\\/01\\\/verso_ikoni_512x512px.png\",\"contentUrl\":\"https:\\\/\\\/sovittelu.com\\\/vertaissovittelu\\\/wp-content\\\/uploads\\\/2026\\\/01\\\/verso_ikoni_512x512px.png\",\"width\":512,\"height\":512,\"caption\":\"VERSO-ohjelma\"},\"image\":{\"@id\":\"https:\\\/\\\/sovittelu.com\\\/vertaissovittelu\\\/#\\\/schema\\\/logo\\\/image\\\/\"},\"sameAs\":[\"https:\\\/\\\/www.facebook.com\\\/VERSOsovittelu\",\"https:\\\/\\\/www.instagram.com\\\/verso_sovittelu\\\/\"]},{\"@type\":\"Person\",\"@id\":\"https:\\\/\\\/sovittelu.com\\\/vertaissovittelu\\\/#\\\/schema\\\/person\\\/7cf9dc57a10e1fba817a3f9f9cf56494\",\"name\":\"Nina Huhtinen\",\"url\":\"https:\\\/\\\/sovittelu.com\\\/vertaissovittelu\\\/en\\\/author\\\/nina\\\/\"}]}<\/script>\n<!-- \/ Yoast SEO plugin. -->","yoast_head_json":{"title":"Mediators' Days 20-21 May in Tampere: restorative justice, mediation and social peace | Verso","robots":{"index":"index","follow":"follow","max-snippet":"max-snippet:-1","max-image-preview":"max-image-preview:large","max-video-preview":"max-video-preview:-1"},"canonical":"https:\/\/sovittelu.com\/vertaissovittelu\/en\/mediators-days-20-21-5-in-tampere-restorativeness-mediation-and-social-peace\/","og_locale":"en_GB","og_type":"article","og_title":"Sovittelijap\u00e4iv\u00e4t 20.-21.5. Tampereella: Restoratiivisuus, sovittelu ja yhteiskuntarauha | Verso","og_description":"Tervetuloa Sovittelijap\u00e4iville 2025 Tampereelle! P\u00e4ivien aikana tarkastellaan yhteiskunnan haastavia, hiljaisia ja n\u00e4kyvi\u00e4 ilmi\u00f6it\u00e4 sek\u00e4 sovittelun ett\u00e4 muiden restoratiivisten menettelyjen merkityst\u00e4, kun autetaan yksil\u00f6it\u00e4 ja yhteis\u00f6j\u00e4 erilaisten j\u00e4nnitteiden, konfliktien ja rikosten k\u00e4sittelyss\u00e4.&nbsp;Kaksip\u00e4iv\u00e4isen tapahtuman ohjelmaan kuuluu alustuspuheenvuoroja, dialogisia paneelikeskusteluja, monipuolisia ty\u00f6pajoja ja mahdollisuuksia keskusteluun ja verkostoitumiseen. Sovittelijap\u00e4ivien 2025 teema tuo mukaan sovittelun kent\u00e4n lis\u00e4ksi muita yhteiskunnan toimijoita,...","og_url":"https:\/\/sovittelu.com\/vertaissovittelu\/en\/mediators-days-20-21-5-in-tampere-restorativeness-mediation-and-social-peace\/","og_site_name":"Verso","article_publisher":"https:\/\/www.facebook.com\/VERSOsovittelu","article_published_time":"2025-03-07T08:29:49+00:00","article_modified_time":"2025-12-17T08:43:50+00:00","og_image":[{"width":190,"height":174,"url":"https:\/\/sovittelu.com\/vertaissovittelu\/wp-content\/uploads\/2025\/03\/qr-koodi.jpg","type":"image\/jpeg"}],"author":"Nina Huhtinen","twitter_card":"summary_large_image","twitter_misc":{"Written by":"Nina Huhtinen","Estimated reading time":"3 minutes"},"schema":{"@context":"https:\/\/schema.org","@graph":[{"@type":"Article","@id":"https:\/\/sovittelu.com\/vertaissovittelu\/sovittelijapaivat-20-21-5-tampereella-restoratiivisuus-sovittelu-ja-yhteiskuntarauha\/#article","isPartOf":{"@id":"https:\/\/sovittelu.com\/vertaissovittelu\/sovittelijapaivat-20-21-5-tampereella-restoratiivisuus-sovittelu-ja-yhteiskuntarauha\/"},"author":{"name":"Nina Huhtinen","@id":"https:\/\/sovittelu.com\/vertaissovittelu\/#\/schema\/person\/7cf9dc57a10e1fba817a3f9f9cf56494"},"headline":"Sovittelijap\u00e4iv\u00e4t 20.-21.5. Tampereella: Restoratiivisuus, sovittelu ja yhteiskuntarauha","datePublished":"2025-03-07T08:29:49+00:00","dateModified":"2025-12-17T08:43:50+00:00","mainEntityOfPage":{"@id":"https:\/\/sovittelu.com\/vertaissovittelu\/sovittelijapaivat-20-21-5-tampereella-restoratiivisuus-sovittelu-ja-yhteiskuntarauha\/"},"wordCount":361,"publisher":{"@id":"https:\/\/sovittelu.com\/vertaissovittelu\/#organization"},"image":{"@id":"https:\/\/sovittelu.com\/vertaissovittelu\/sovittelijapaivat-20-21-5-tampereella-restoratiivisuus-sovittelu-ja-yhteiskuntarauha\/#primaryimage"},"thumbnailUrl":"https:\/\/sovittelu.com\/vertaissovittelu\/wp-content\/uploads\/2025\/03\/qr-koodi.jpg","keywords":["2025","esiseminaari","konferenssi","restoratiivisuus","Sovittelijap\u00e4iv\u00e4t","sovittelu","yhteiskuntarauha"],"articleSection":["Yleinen"],"inLanguage":"en-GB"},{"@type":"WebPage","@id":"https:\/\/sovittelu.com\/vertaissovittelu\/sovittelijapaivat-20-21-5-tampereella-restoratiivisuus-sovittelu-ja-yhteiskuntarauha\/","url":"https:\/\/sovittelu.com\/vertaissovittelu\/sovittelijapaivat-20-21-5-tampereella-restoratiivisuus-sovittelu-ja-yhteiskuntarauha\/","name":"Mediators' Days 20-21 May in Tampere: restorative justice, mediation and social peace | Verso","isPartOf":{"@id":"https:\/\/sovittelu.com\/vertaissovittelu\/#website"},"primaryImageOfPage":{"@id":"https:\/\/sovittelu.com\/vertaissovittelu\/sovittelijapaivat-20-21-5-tampereella-restoratiivisuus-sovittelu-ja-yhteiskuntarauha\/#primaryimage"},"image":{"@id":"https:\/\/sovittelu.com\/vertaissovittelu\/sovittelijapaivat-20-21-5-tampereella-restoratiivisuus-sovittelu-ja-yhteiskuntarauha\/#primaryimage"},"thumbnailUrl":"https:\/\/sovittelu.com\/vertaissovittelu\/wp-content\/uploads\/2025\/03\/qr-koodi.jpg","datePublished":"2025-03-07T08:29:49+00:00","dateModified":"2025-12-17T08:43:50+00:00","breadcrumb":{"@id":"https:\/\/sovittelu.com\/vertaissovittelu\/sovittelijapaivat-20-21-5-tampereella-restoratiivisuus-sovittelu-ja-yhteiskuntarauha\/#breadcrumb"},"inLanguage":"en-GB","potentialAction":[{"@type":"ReadAction","target":["https:\/\/sovittelu.com\/vertaissovittelu\/sovittelijapaivat-20-21-5-tampereella-restoratiivisuus-sovittelu-ja-yhteiskuntarauha\/"]}]},{"@type":"ImageObject","inLanguage":"en-GB","@id":"https:\/\/sovittelu.com\/vertaissovittelu\/sovittelijapaivat-20-21-5-tampereella-restoratiivisuus-sovittelu-ja-yhteiskuntarauha\/#primaryimage","url":"https:\/\/sovittelu.com\/vertaissovittelu\/wp-content\/uploads\/2025\/03\/qr-koodi.jpg","contentUrl":"https:\/\/sovittelu.com\/vertaissovittelu\/wp-content\/uploads\/2025\/03\/qr-koodi.jpg"},{"@type":"BreadcrumbList","@id":"https:\/\/sovittelu.com\/vertaissovittelu\/sovittelijapaivat-20-21-5-tampereella-restoratiivisuus-sovittelu-ja-yhteiskuntarauha\/#breadcrumb","itemListElement":[{"@type":"ListItem","position":1,"name":"Etusivu","item":"https:\/\/sovittelu.com\/vertaissovittelu\/"},{"@type":"ListItem","position":2,"name":"Sovittelijap\u00e4iv\u00e4t 20.-21.5. Tampereella: Restoratiivisuus, sovittelu ja yhteiskuntarauha"}]},{"@type":"WebSite","@id":"https:\/\/sovittelu.com\/vertaissovittelu\/#website","url":"https:\/\/sovittelu.com\/vertaissovittelu\/","name":"VERSO programme","description":"Peer mediation programme","publisher":{"@id":"https:\/\/sovittelu.com\/vertaissovittelu\/#organization"},"potentialAction":[{"@type":"SearchAction","target":{"@type":"EntryPoint","urlTemplate":"https:\/\/sovittelu.com\/vertaissovittelu\/?s={search_term_string}"},"query-input":{"@type":"PropertyValueSpecification","valueRequired":true,"valueName":"search_term_string"}}],"inLanguage":"en-GB"},{"@type":"Organization","@id":"https:\/\/sovittelu.com\/vertaissovittelu\/#organization","name":"VERSO programme","url":"https:\/\/sovittelu.com\/vertaissovittelu\/","logo":{"@type":"ImageObject","inLanguage":"en-GB","@id":"https:\/\/sovittelu.com\/vertaissovittelu\/#\/schema\/logo\/image\/","url":"https:\/\/sovittelu.com\/vertaissovittelu\/wp-content\/uploads\/2026\/01\/verso_ikoni_512x512px.png","contentUrl":"https:\/\/sovittelu.com\/vertaissovittelu\/wp-content\/uploads\/2026\/01\/verso_ikoni_512x512px.png","width":512,"height":512,"caption":"VERSO-ohjelma"},"image":{"@id":"https:\/\/sovittelu.com\/vertaissovittelu\/#\/schema\/logo\/image\/"},"sameAs":["https:\/\/www.facebook.com\/VERSOsovittelu","https:\/\/www.instagram.com\/verso_sovittelu\/"]},{"@type":"Person","@id":"https:\/\/sovittelu.com\/vertaissovittelu\/#\/schema\/person\/7cf9dc57a10e1fba817a3f9f9cf56494","name":"Nina Huhtinen","url":"https:\/\/sovittelu.com\/vertaissovittelu\/en\/author\/nina\/"}]}},"_links":{"self":[{"href":"https:\/\/sovittelu.com\/vertaissovittelu\/en\/wp-json\/wp\/v2\/posts\/4834","targetHints":{"allow":["GET"]}}],"collection":[{"href":"https:\/\/sovittelu.com\/vertaissovittelu\/en\/wp-json\/wp\/v2\/posts"}],"about":[{"href":"https:\/\/sovittelu.com\/vertaissovittelu\/en\/wp-json\/wp\/v2\/types\/post"}],"author":[{"embeddable":true,"href":"https:\/\/sovittelu.com\/vertaissovittelu\/en\/wp-json\/wp\/v2\/users\/14"}],"replies":[{"embeddable":true,"href":"https:\/\/sovittelu.com\/vertaissovittelu\/en\/wp-json\/wp\/v2\/comments?post=4834"}],"version-history":[{"count":0,"href":"https:\/\/sovittelu.com\/vertaissovittelu\/en\/wp-json\/wp\/v2\/posts\/4834\/revisions"}],"wp:attachment":[{"href":"https:\/\/sovittelu.com\/vertaissovittelu\/en\/wp-json\/wp\/v2\/media?parent=4834"}],"wp:term":[{"taxonomy":"category","embeddable":true,"href":"https:\/\/sovittelu.com\/vertaissovittelu\/en\/wp-json\/wp\/v2\/categories?post=4834"},{"taxonomy":"post_tag","embeddable":true,"href":"https:\/\/sovittelu.com\/vertaissovittelu\/en\/wp-json\/wp\/v2\/tags?post=4834"}],"curies":[{"name":"wp","href":"https:\/\/api.w.org\/{rel}","templated":true}]}}