{"id":4808,"date":"2025-02-03T13:40:06","date_gmt":"2025-02-03T11:40:06","guid":{"rendered":"https:\/\/sovittelu.com\/vertaissovittelu\/?p=4808"},"modified":"2025-11-23T21:59:19","modified_gmt":"2025-11-23T19:59:19","slug":"janne-johansson-verso-programme-director-versos-tradition-of-election-towards-the-future","status":"publish","type":"post","link":"https:\/\/sovittelu.com\/vertaissovittelu\/en\/janne-johansson-verso-ohjelman-ohjelmajohtajaksi-verson-perinteita-vaalien-kohti-tulevaisuutta\/","title":{"rendered":"Janne Johansson as VERSO Programme Manager: \u201dFostering VERSO's tradition towards the future\u201d"},"content":{"rendered":"<figure class=\"wp-block-image size-large is-resized\"><img loading=\"lazy\" decoding=\"async\" width=\"768\" height=\"1024\" src=\"https:\/\/sovittelu.com\/vertaissovittelu\/wp-content\/uploads\/2025\/11\/jj-768x1024.jpg\" alt=\"\" class=\"wp-image-9748\" style=\"aspect-ratio:1;object-fit:cover;width:244px;height:auto\" srcset=\"https:\/\/sovittelu.com\/vertaissovittelu\/wp-content\/uploads\/2025\/11\/jj-768x1024.jpg 768w, https:\/\/sovittelu.com\/vertaissovittelu\/wp-content\/uploads\/2025\/11\/jj-375x500.jpg 375w, https:\/\/sovittelu.com\/vertaissovittelu\/wp-content\/uploads\/2025\/11\/jj.jpg 900w\" sizes=\"auto, (max-width: 768px) 100vw, 768px\" \/><\/figure>\n\n\n\n<p>I started as Programme Manager of the VERSO programme at the beginning of 2025. This is a historic moment for the programme, as its founder, developer and researcher Maija Gellin is leaving after a pioneering career of almost 25 years. She will now continue to work on restorative approaches and mediation in a different role - in her well-deserved retirement.<\/p>\n\n\n\n<p>At this point, one could say that \u201dthere are big boots to fill\u201d. In reality, no one can fill Maija's boots. No one has ever had a job like this before. Maija has created a completely new model for the field of education, offering children and young people and the professionals working with them human presence and growth tools for everyday situations.<\/p>\n\n\n\n<p>This model supports the learning and practice of these skills together with the whole community, valuing all community members and their abilities. It highlights conflict as a tool for community well-being and enables these situations to be handled positively and learned from through mediation. Unique. In addition to the model, Maija has also been able to build a strong restorative work culture within the programme.<\/p>\n\n\n\n<p>Of course, this kind of work is not an individual effort. Over the years, it has been done by a growing number of dedicated and passionate people. Many have travelled part of the way along this path, sharing their expertise, leaving their own unique and valuable mark on the history of VERSO. It is this long history that makes VERSO such a special place to work.<\/p>\n\n\n\n<p>The current VERSO staff are part of this whole, built and honed over the years. Today, we are an exceptionally experienced and skilled team: we have a combined experience of more than 73 years working on the VERSO programme! Our main unifying factor is a strong desire to promote children's rights and to support the valuable work being done in the field of education and training.<\/p>\n\n\n\n<p>The key players in the VERSO programme are the people on the ground. The children, young people and adults who together, in many different ways, promote good everyday encounters and build a restorative culture and mediation in early childhood education and care and in schools. It is a privilege to work with you and to build a better world.<\/p>\n\n\n\n<p>I think that the role of the programme manager - in addition to the practical management - is to ensure that the restorative working culture built up and nurtured over the years in the programme is maintained. This culture is based on allowing everyone's potential to emerge in a respectful and appreciative community, both in good times and in the midst of conflict. It is precisely this culture that the VERSO programme aims to reinforce in the units we train. We will continue to persevere and develop this work with the same enthusiasm and dedication that the programme has shown for 25 years. That's what we do!<\/p>\n\n\n\n<p>Janne Johansson<\/p>\n\n\n\n<p>Programme Manager, VERSO programme<\/p>","protected":false},"excerpt":{"rendered":"<p>I started as Programme Manager of the VERSO programme at the beginning of 2025. This is a historic moment for the programme, as its founder, developer and researcher Maija Gellin is leaving after a pioneering career of almost 25 years. She will now continue to work on restorative approaches and mediation in a different role - in her well-deserved retirement. At this point, one could say that \u201dthere are big boots to fill\u201d. In fact, Maija's boots are not...<\/p>","protected":false},"author":7,"featured_media":0,"comment_status":"closed","ping_status":"closed","sticky":false,"template":"","format":"standard","meta":{"_kad_post_transparent":"","_kad_post_title":"","_kad_post_layout":"","_kad_post_sidebar_id":"","_kad_post_content_style":"","_kad_post_vertical_padding":"","_kad_post_feature":"","_kad_post_feature_position":"","_kad_post_header":false,"_kad_post_footer":false,"_kad_post_classname":"","footnotes":""},"categories":[1],"tags":[202,44,201,41,25,87,96],"class_list":["post-4808","post","type-post","status-publish","format-standard","hentry","category-yleinen","tag-janne-johansson","tag-maija-gellin","tag-ohjelmajohtaja","tag-restoratiivisuus","tag-sovittelu","tag-verso","tag-verso-ohjelma"],"yoast_head":"<!-- This site is optimized with the Yoast SEO plugin v27.5 - https:\/\/yoast.com\/product\/yoast-seo-wordpress\/ -->\n<title>Janne Johansson VERSO-ohjelman ohjelmajohtajaksi: \u201dVerson perinteit\u00e4 vaalien kohti tulevaisuutta\u201d | Verso<\/title>\n<meta name=\"robots\" content=\"index, follow, max-snippet:-1, max-image-preview:large, max-video-preview:-1\" \/>\n<link rel=\"canonical\" href=\"https:\/\/sovittelu.com\/vertaissovittelu\/en\/janne-johansson-verso-programme-director-versos-tradition-of-election-towards-the-future\/\" \/>\n<meta property=\"og:locale\" content=\"en_GB\" \/>\n<meta property=\"og:type\" content=\"article\" \/>\n<meta property=\"og:title\" content=\"Janne Johansson VERSO-ohjelman ohjelmajohtajaksi: \u201dVerson perinteit\u00e4 vaalien kohti tulevaisuutta\u201d | Verso\" \/>\n<meta property=\"og:description\" content=\"Aloitin VERSO-ohjelman ohjelmajohtajana vuoden 2025 alusta. Hetki on ohjelmalle historiallinen, sill\u00e4 ohjelman perustaja, kehitt\u00e4j\u00e4 ja tutkija Maija Gellin j\u00e4tti teht\u00e4v\u00e4n l\u00e4hes 25 vuoden uraauurtavan ty\u00f6rupeaman p\u00e4\u00e4tteeksi. H\u00e4n saa nyt jatkaa restoratiivisen l\u00e4hestymistavan ja sovittelun parissa eri roolista k\u00e4sin \u2013 hyvin ansaituilla el\u00e4kep\u00e4ivill\u00e4\u00e4n. T\u00e4ss\u00e4 kohdassa voisi todeta, ett\u00e4 \u201dj\u00e4i isot saappaat t\u00e4ytett\u00e4viksi\u201d. Tosiasiassa Maijan saappaita ei...\" \/>\n<meta property=\"og:url\" content=\"https:\/\/sovittelu.com\/vertaissovittelu\/en\/janne-johansson-verso-programme-director-versos-tradition-of-election-towards-the-future\/\" \/>\n<meta property=\"og:site_name\" content=\"Verso\" \/>\n<meta property=\"article:publisher\" content=\"https:\/\/www.facebook.com\/VERSOsovittelu\" \/>\n<meta property=\"article:published_time\" content=\"2025-02-03T11:40:06+00:00\" \/>\n<meta property=\"article:modified_time\" content=\"2025-11-23T19:59:19+00:00\" \/>\n<meta property=\"og:image\" content=\"https:\/\/sovittelu.com\/vertaissovittelu\/wp-content\/uploads\/2025\/11\/jj.jpg\" \/>\n\t<meta property=\"og:image:width\" content=\"900\" \/>\n\t<meta property=\"og:image:height\" content=\"1200\" \/>\n\t<meta property=\"og:image:type\" content=\"image\/jpeg\" \/>\n<meta name=\"author\" content=\"Janne Johansson\" \/>\n<meta name=\"twitter:card\" content=\"summary_large_image\" \/>\n<meta name=\"twitter:label1\" content=\"Written by\" \/>\n\t<meta name=\"twitter:data1\" content=\"Janne Johansson\" \/>\n\t<meta name=\"twitter:label2\" content=\"Estimated reading time\" \/>\n\t<meta name=\"twitter:data2\" content=\"3 minutes\" \/>\n<script type=\"application\/ld+json\" class=\"yoast-schema-graph\">{\"@context\":\"https:\\\/\\\/schema.org\",\"@graph\":[{\"@type\":\"Article\",\"@id\":\"https:\\\/\\\/sovittelu.com\\\/vertaissovittelu\\\/janne-johansson-verso-ohjelman-ohjelmajohtajaksi-verson-perinteita-vaalien-kohti-tulevaisuutta\\\/#article\",\"isPartOf\":{\"@id\":\"https:\\\/\\\/sovittelu.com\\\/vertaissovittelu\\\/janne-johansson-verso-ohjelman-ohjelmajohtajaksi-verson-perinteita-vaalien-kohti-tulevaisuutta\\\/\"},\"author\":{\"name\":\"Janne Johansson\",\"@id\":\"https:\\\/\\\/sovittelu.com\\\/vertaissovittelu\\\/#\\\/schema\\\/person\\\/be71eed9c767e02a2177516f2dcbb1b8\"},\"headline\":\"Janne Johansson VERSO-ohjelman ohjelmajohtajaksi: \u201dVerson perinteit\u00e4 vaalien kohti tulevaisuutta\u201d\",\"datePublished\":\"2025-02-03T11:40:06+00:00\",\"dateModified\":\"2025-11-23T19:59:19+00:00\",\"mainEntityOfPage\":{\"@id\":\"https:\\\/\\\/sovittelu.com\\\/vertaissovittelu\\\/janne-johansson-verso-ohjelman-ohjelmajohtajaksi-verson-perinteita-vaalien-kohti-tulevaisuutta\\\/\"},\"wordCount\":458,\"publisher\":{\"@id\":\"https:\\\/\\\/sovittelu.com\\\/vertaissovittelu\\\/#organization\"},\"image\":{\"@id\":\"https:\\\/\\\/sovittelu.com\\\/vertaissovittelu\\\/janne-johansson-verso-ohjelman-ohjelmajohtajaksi-verson-perinteita-vaalien-kohti-tulevaisuutta\\\/#primaryimage\"},\"thumbnailUrl\":\"https:\\\/\\\/sovittelu.com\\\/vertaissovittelu\\\/wp-content\\\/uploads\\\/2025\\\/11\\\/jj-768x1024.jpg\",\"keywords\":[\"janne johansson\",\"maija gellin\",\"ohjelmajohtaja\",\"restoratiivisuus\",\"sovittelu\",\"verso\",\"VERSO-ohjelma\"],\"articleSection\":[\"Yleinen\"],\"inLanguage\":\"en-GB\"},{\"@type\":\"WebPage\",\"@id\":\"https:\\\/\\\/sovittelu.com\\\/vertaissovittelu\\\/janne-johansson-verso-ohjelman-ohjelmajohtajaksi-verson-perinteita-vaalien-kohti-tulevaisuutta\\\/\",\"url\":\"https:\\\/\\\/sovittelu.com\\\/vertaissovittelu\\\/janne-johansson-verso-ohjelman-ohjelmajohtajaksi-verson-perinteita-vaalien-kohti-tulevaisuutta\\\/\",\"name\":\"Janne Johansson VERSO-ohjelman ohjelmajohtajaksi: \u201dVerson perinteit\u00e4 vaalien kohti tulevaisuutta\u201d | Verso\",\"isPartOf\":{\"@id\":\"https:\\\/\\\/sovittelu.com\\\/vertaissovittelu\\\/#website\"},\"primaryImageOfPage\":{\"@id\":\"https:\\\/\\\/sovittelu.com\\\/vertaissovittelu\\\/janne-johansson-verso-ohjelman-ohjelmajohtajaksi-verson-perinteita-vaalien-kohti-tulevaisuutta\\\/#primaryimage\"},\"image\":{\"@id\":\"https:\\\/\\\/sovittelu.com\\\/vertaissovittelu\\\/janne-johansson-verso-ohjelman-ohjelmajohtajaksi-verson-perinteita-vaalien-kohti-tulevaisuutta\\\/#primaryimage\"},\"thumbnailUrl\":\"https:\\\/\\\/sovittelu.com\\\/vertaissovittelu\\\/wp-content\\\/uploads\\\/2025\\\/11\\\/jj-768x1024.jpg\",\"datePublished\":\"2025-02-03T11:40:06+00:00\",\"dateModified\":\"2025-11-23T19:59:19+00:00\",\"breadcrumb\":{\"@id\":\"https:\\\/\\\/sovittelu.com\\\/vertaissovittelu\\\/janne-johansson-verso-ohjelman-ohjelmajohtajaksi-verson-perinteita-vaalien-kohti-tulevaisuutta\\\/#breadcrumb\"},\"inLanguage\":\"en-GB\",\"potentialAction\":[{\"@type\":\"ReadAction\",\"target\":[\"https:\\\/\\\/sovittelu.com\\\/vertaissovittelu\\\/janne-johansson-verso-ohjelman-ohjelmajohtajaksi-verson-perinteita-vaalien-kohti-tulevaisuutta\\\/\"]}]},{\"@type\":\"ImageObject\",\"inLanguage\":\"en-GB\",\"@id\":\"https:\\\/\\\/sovittelu.com\\\/vertaissovittelu\\\/janne-johansson-verso-ohjelman-ohjelmajohtajaksi-verson-perinteita-vaalien-kohti-tulevaisuutta\\\/#primaryimage\",\"url\":\"https:\\\/\\\/sovittelu.com\\\/vertaissovittelu\\\/wp-content\\\/uploads\\\/2025\\\/11\\\/jj-768x1024.jpg\",\"contentUrl\":\"https:\\\/\\\/sovittelu.com\\\/vertaissovittelu\\\/wp-content\\\/uploads\\\/2025\\\/11\\\/jj-768x1024.jpg\"},{\"@type\":\"BreadcrumbList\",\"@id\":\"https:\\\/\\\/sovittelu.com\\\/vertaissovittelu\\\/janne-johansson-verso-ohjelman-ohjelmajohtajaksi-verson-perinteita-vaalien-kohti-tulevaisuutta\\\/#breadcrumb\",\"itemListElement\":[{\"@type\":\"ListItem\",\"position\":1,\"name\":\"Etusivu\",\"item\":\"https:\\\/\\\/sovittelu.com\\\/vertaissovittelu\\\/\"},{\"@type\":\"ListItem\",\"position\":2,\"name\":\"Janne Johansson VERSO-ohjelman ohjelmajohtajaksi: \u201dVerson perinteit\u00e4 vaalien kohti tulevaisuutta\u201d\"}]},{\"@type\":\"WebSite\",\"@id\":\"https:\\\/\\\/sovittelu.com\\\/vertaissovittelu\\\/#website\",\"url\":\"https:\\\/\\\/sovittelu.com\\\/vertaissovittelu\\\/\",\"name\":\"VERSO-ohjelma\",\"description\":\"Vertaissovitteluohjelma\",\"publisher\":{\"@id\":\"https:\\\/\\\/sovittelu.com\\\/vertaissovittelu\\\/#organization\"},\"potentialAction\":[{\"@type\":\"SearchAction\",\"target\":{\"@type\":\"EntryPoint\",\"urlTemplate\":\"https:\\\/\\\/sovittelu.com\\\/vertaissovittelu\\\/?s={search_term_string}\"},\"query-input\":{\"@type\":\"PropertyValueSpecification\",\"valueRequired\":true,\"valueName\":\"search_term_string\"}}],\"inLanguage\":\"en-GB\"},{\"@type\":\"Organization\",\"@id\":\"https:\\\/\\\/sovittelu.com\\\/vertaissovittelu\\\/#organization\",\"name\":\"VERSO-ohjelma\",\"url\":\"https:\\\/\\\/sovittelu.com\\\/vertaissovittelu\\\/\",\"logo\":{\"@type\":\"ImageObject\",\"inLanguage\":\"en-GB\",\"@id\":\"https:\\\/\\\/sovittelu.com\\\/vertaissovittelu\\\/#\\\/schema\\\/logo\\\/image\\\/\",\"url\":\"https:\\\/\\\/sovittelu.com\\\/vertaissovittelu\\\/wp-content\\\/uploads\\\/2026\\\/01\\\/verso_ikoni_512x512px.png\",\"contentUrl\":\"https:\\\/\\\/sovittelu.com\\\/vertaissovittelu\\\/wp-content\\\/uploads\\\/2026\\\/01\\\/verso_ikoni_512x512px.png\",\"width\":512,\"height\":512,\"caption\":\"VERSO-ohjelma\"},\"image\":{\"@id\":\"https:\\\/\\\/sovittelu.com\\\/vertaissovittelu\\\/#\\\/schema\\\/logo\\\/image\\\/\"},\"sameAs\":[\"https:\\\/\\\/www.facebook.com\\\/VERSOsovittelu\",\"https:\\\/\\\/www.instagram.com\\\/verso_sovittelu\\\/\"]},{\"@type\":\"Person\",\"@id\":\"https:\\\/\\\/sovittelu.com\\\/vertaissovittelu\\\/#\\\/schema\\\/person\\\/be71eed9c767e02a2177516f2dcbb1b8\",\"name\":\"Janne Johansson\",\"url\":\"https:\\\/\\\/sovittelu.com\\\/vertaissovittelu\\\/en\\\/author\\\/janne\\\/\"}]}<\/script>\n<!-- \/ Yoast SEO plugin. -->","yoast_head_json":{"title":"Janne Johansson as VERSO Programme Director: \u201dNurturing VERSO's traditions towards the future\u201d | Verso","robots":{"index":"index","follow":"follow","max-snippet":"max-snippet:-1","max-image-preview":"max-image-preview:large","max-video-preview":"max-video-preview:-1"},"canonical":"https:\/\/sovittelu.com\/vertaissovittelu\/en\/janne-johansson-verso-programme-director-versos-tradition-of-election-towards-the-future\/","og_locale":"en_GB","og_type":"article","og_title":"Janne Johansson VERSO-ohjelman ohjelmajohtajaksi: \u201dVerson perinteit\u00e4 vaalien kohti tulevaisuutta\u201d | Verso","og_description":"Aloitin VERSO-ohjelman ohjelmajohtajana vuoden 2025 alusta. Hetki on ohjelmalle historiallinen, sill\u00e4 ohjelman perustaja, kehitt\u00e4j\u00e4 ja tutkija Maija Gellin j\u00e4tti teht\u00e4v\u00e4n l\u00e4hes 25 vuoden uraauurtavan ty\u00f6rupeaman p\u00e4\u00e4tteeksi. H\u00e4n saa nyt jatkaa restoratiivisen l\u00e4hestymistavan ja sovittelun parissa eri roolista k\u00e4sin \u2013 hyvin ansaituilla el\u00e4kep\u00e4ivill\u00e4\u00e4n. T\u00e4ss\u00e4 kohdassa voisi todeta, ett\u00e4 \u201dj\u00e4i isot saappaat t\u00e4ytett\u00e4viksi\u201d. Tosiasiassa Maijan saappaita ei...","og_url":"https:\/\/sovittelu.com\/vertaissovittelu\/en\/janne-johansson-verso-programme-director-versos-tradition-of-election-towards-the-future\/","og_site_name":"Verso","article_publisher":"https:\/\/www.facebook.com\/VERSOsovittelu","article_published_time":"2025-02-03T11:40:06+00:00","article_modified_time":"2025-11-23T19:59:19+00:00","og_image":[{"width":900,"height":1200,"url":"https:\/\/sovittelu.com\/vertaissovittelu\/wp-content\/uploads\/2025\/11\/jj.jpg","type":"image\/jpeg"}],"author":"Janne Johansson","twitter_card":"summary_large_image","twitter_misc":{"Written by":"Janne Johansson","Estimated reading time":"3 minutes"},"schema":{"@context":"https:\/\/schema.org","@graph":[{"@type":"Article","@id":"https:\/\/sovittelu.com\/vertaissovittelu\/janne-johansson-verso-ohjelman-ohjelmajohtajaksi-verson-perinteita-vaalien-kohti-tulevaisuutta\/#article","isPartOf":{"@id":"https:\/\/sovittelu.com\/vertaissovittelu\/janne-johansson-verso-ohjelman-ohjelmajohtajaksi-verson-perinteita-vaalien-kohti-tulevaisuutta\/"},"author":{"name":"Janne Johansson","@id":"https:\/\/sovittelu.com\/vertaissovittelu\/#\/schema\/person\/be71eed9c767e02a2177516f2dcbb1b8"},"headline":"Janne Johansson VERSO-ohjelman ohjelmajohtajaksi: \u201dVerson perinteit\u00e4 vaalien kohti tulevaisuutta\u201d","datePublished":"2025-02-03T11:40:06+00:00","dateModified":"2025-11-23T19:59:19+00:00","mainEntityOfPage":{"@id":"https:\/\/sovittelu.com\/vertaissovittelu\/janne-johansson-verso-ohjelman-ohjelmajohtajaksi-verson-perinteita-vaalien-kohti-tulevaisuutta\/"},"wordCount":458,"publisher":{"@id":"https:\/\/sovittelu.com\/vertaissovittelu\/#organization"},"image":{"@id":"https:\/\/sovittelu.com\/vertaissovittelu\/janne-johansson-verso-ohjelman-ohjelmajohtajaksi-verson-perinteita-vaalien-kohti-tulevaisuutta\/#primaryimage"},"thumbnailUrl":"https:\/\/sovittelu.com\/vertaissovittelu\/wp-content\/uploads\/2025\/11\/jj-768x1024.jpg","keywords":["janne johansson","maija gellin","ohjelmajohtaja","restoratiivisuus","sovittelu","verso","VERSO-ohjelma"],"articleSection":["Yleinen"],"inLanguage":"en-GB"},{"@type":"WebPage","@id":"https:\/\/sovittelu.com\/vertaissovittelu\/janne-johansson-verso-ohjelman-ohjelmajohtajaksi-verson-perinteita-vaalien-kohti-tulevaisuutta\/","url":"https:\/\/sovittelu.com\/vertaissovittelu\/janne-johansson-verso-ohjelman-ohjelmajohtajaksi-verson-perinteita-vaalien-kohti-tulevaisuutta\/","name":"Janne Johansson as VERSO Programme Director: \u201dNurturing VERSO's traditions towards the future\u201d | Verso","isPartOf":{"@id":"https:\/\/sovittelu.com\/vertaissovittelu\/#website"},"primaryImageOfPage":{"@id":"https:\/\/sovittelu.com\/vertaissovittelu\/janne-johansson-verso-ohjelman-ohjelmajohtajaksi-verson-perinteita-vaalien-kohti-tulevaisuutta\/#primaryimage"},"image":{"@id":"https:\/\/sovittelu.com\/vertaissovittelu\/janne-johansson-verso-ohjelman-ohjelmajohtajaksi-verson-perinteita-vaalien-kohti-tulevaisuutta\/#primaryimage"},"thumbnailUrl":"https:\/\/sovittelu.com\/vertaissovittelu\/wp-content\/uploads\/2025\/11\/jj-768x1024.jpg","datePublished":"2025-02-03T11:40:06+00:00","dateModified":"2025-11-23T19:59:19+00:00","breadcrumb":{"@id":"https:\/\/sovittelu.com\/vertaissovittelu\/janne-johansson-verso-ohjelman-ohjelmajohtajaksi-verson-perinteita-vaalien-kohti-tulevaisuutta\/#breadcrumb"},"inLanguage":"en-GB","potentialAction":[{"@type":"ReadAction","target":["https:\/\/sovittelu.com\/vertaissovittelu\/janne-johansson-verso-ohjelman-ohjelmajohtajaksi-verson-perinteita-vaalien-kohti-tulevaisuutta\/"]}]},{"@type":"ImageObject","inLanguage":"en-GB","@id":"https:\/\/sovittelu.com\/vertaissovittelu\/janne-johansson-verso-ohjelman-ohjelmajohtajaksi-verson-perinteita-vaalien-kohti-tulevaisuutta\/#primaryimage","url":"https:\/\/sovittelu.com\/vertaissovittelu\/wp-content\/uploads\/2025\/11\/jj-768x1024.jpg","contentUrl":"https:\/\/sovittelu.com\/vertaissovittelu\/wp-content\/uploads\/2025\/11\/jj-768x1024.jpg"},{"@type":"BreadcrumbList","@id":"https:\/\/sovittelu.com\/vertaissovittelu\/janne-johansson-verso-ohjelman-ohjelmajohtajaksi-verson-perinteita-vaalien-kohti-tulevaisuutta\/#breadcrumb","itemListElement":[{"@type":"ListItem","position":1,"name":"Etusivu","item":"https:\/\/sovittelu.com\/vertaissovittelu\/"},{"@type":"ListItem","position":2,"name":"Janne Johansson VERSO-ohjelman ohjelmajohtajaksi: \u201dVerson perinteit\u00e4 vaalien kohti tulevaisuutta\u201d"}]},{"@type":"WebSite","@id":"https:\/\/sovittelu.com\/vertaissovittelu\/#website","url":"https:\/\/sovittelu.com\/vertaissovittelu\/","name":"VERSO programme","description":"Peer mediation programme","publisher":{"@id":"https:\/\/sovittelu.com\/vertaissovittelu\/#organization"},"potentialAction":[{"@type":"SearchAction","target":{"@type":"EntryPoint","urlTemplate":"https:\/\/sovittelu.com\/vertaissovittelu\/?s={search_term_string}"},"query-input":{"@type":"PropertyValueSpecification","valueRequired":true,"valueName":"search_term_string"}}],"inLanguage":"en-GB"},{"@type":"Organization","@id":"https:\/\/sovittelu.com\/vertaissovittelu\/#organization","name":"VERSO programme","url":"https:\/\/sovittelu.com\/vertaissovittelu\/","logo":{"@type":"ImageObject","inLanguage":"en-GB","@id":"https:\/\/sovittelu.com\/vertaissovittelu\/#\/schema\/logo\/image\/","url":"https:\/\/sovittelu.com\/vertaissovittelu\/wp-content\/uploads\/2026\/01\/verso_ikoni_512x512px.png","contentUrl":"https:\/\/sovittelu.com\/vertaissovittelu\/wp-content\/uploads\/2026\/01\/verso_ikoni_512x512px.png","width":512,"height":512,"caption":"VERSO-ohjelma"},"image":{"@id":"https:\/\/sovittelu.com\/vertaissovittelu\/#\/schema\/logo\/image\/"},"sameAs":["https:\/\/www.facebook.com\/VERSOsovittelu","https:\/\/www.instagram.com\/verso_sovittelu\/"]},{"@type":"Person","@id":"https:\/\/sovittelu.com\/vertaissovittelu\/#\/schema\/person\/be71eed9c767e02a2177516f2dcbb1b8","name":"Janne Johansson","url":"https:\/\/sovittelu.com\/vertaissovittelu\/en\/author\/janne\/"}]}},"_links":{"self":[{"href":"https:\/\/sovittelu.com\/vertaissovittelu\/en\/wp-json\/wp\/v2\/posts\/4808","targetHints":{"allow":["GET"]}}],"collection":[{"href":"https:\/\/sovittelu.com\/vertaissovittelu\/en\/wp-json\/wp\/v2\/posts"}],"about":[{"href":"https:\/\/sovittelu.com\/vertaissovittelu\/en\/wp-json\/wp\/v2\/types\/post"}],"author":[{"embeddable":true,"href":"https:\/\/sovittelu.com\/vertaissovittelu\/en\/wp-json\/wp\/v2\/users\/7"}],"replies":[{"embeddable":true,"href":"https:\/\/sovittelu.com\/vertaissovittelu\/en\/wp-json\/wp\/v2\/comments?post=4808"}],"version-history":[{"count":0,"href":"https:\/\/sovittelu.com\/vertaissovittelu\/en\/wp-json\/wp\/v2\/posts\/4808\/revisions"}],"wp:attachment":[{"href":"https:\/\/sovittelu.com\/vertaissovittelu\/en\/wp-json\/wp\/v2\/media?parent=4808"}],"wp:term":[{"taxonomy":"category","embeddable":true,"href":"https:\/\/sovittelu.com\/vertaissovittelu\/en\/wp-json\/wp\/v2\/categories?post=4808"},{"taxonomy":"post_tag","embeddable":true,"href":"https:\/\/sovittelu.com\/vertaissovittelu\/en\/wp-json\/wp\/v2\/tags?post=4808"}],"curies":[{"name":"wp","href":"https:\/\/api.w.org\/{rel}","templated":true}]}}