{"id":4800,"date":"2025-01-29T09:12:40","date_gmt":"2025-01-29T07:12:40","guid":{"rendered":"https:\/\/sovittelu.com\/vertaissovittelu\/?p=4800"},"modified":"2025-12-17T10:49:14","modified_gmt":"2025-12-17T08:49:14","slug":"sign-up-for-the-nationwide-caregiver-webinar-tue-18-3-at-1730-1900","status":"publish","type":"post","link":"https:\/\/sovittelu.com\/vertaissovittelu\/en\/ilmoittaudu-mukaan-valtakunnallinen-huoltajawebinaari-ti-18-3-klo-1730-1900\/","title":{"rendered":"Sign up to join us! National caregiver webinar Tue 18.3. at 17:30-19:00"},"content":{"rendered":"<p><strong>Let's settle away! - How to prevent bullying through mediation in early childhood education and schools?&nbsp;<\/strong><\/p>\n\n\n\n<p>Early childhood education and care and schools, together with homes, have an increasing welfare role to play and situations between children and young people are escalating rapidly, both online and face-to-face. Busy everyday lives challenge encounters.&nbsp;<\/p>\n\n\n\n<p>Dear carer, come and find out how bullying is prevented through mediation in early childhood education and schools, while strengthening the well-being of the whole community.<\/p>\n\n\n\n<p>The VERSO programme has been training in peer mediation, Verso, MiniVerso for early childhood education and RESTO (adult-led mediation) for over 20 years.<\/p>\n\n\n\n<p>We will organise a free information session for all interested carers remotely on the Teams platform on Tue 18.3.2025 from 17:30-19:00! The event will be held in Finnish. It will be possible to ask questions and make comments in the event's discussion area, also in Swedish and English.<\/p>\n\n\n\n<p><strong>You can get involved&nbsp;<a rel=\"noreferrer noopener\" href=\"https:\/\/docs.google.com\/forms\/d\/e\/1FAIpQLScFHOv3hBTOojRqeUg7TKXwwv8vVU-l7V9s26vF_GBsLfHM9A\/viewform\" target=\"_blank\">by filling in the registration form here!&nbsp;<\/a><\/strong><br>The form can also be accessed by QR code:<\/p>\n\n\n\n<figure class=\"wp-block-image size-full is-resized\"><img loading=\"lazy\" decoding=\"async\" width=\"656\" height=\"656\" src=\"https:\/\/sovittelu.com\/vertaissovittelu\/wp-content\/uploads\/2025\/01\/bit.ly_4hAghHi.png\" alt=\"\" class=\"wp-image-13225\" style=\"width:146px;height:146px\" srcset=\"https:\/\/sovittelu.com\/vertaissovittelu\/wp-content\/uploads\/2025\/01\/bit.ly_4hAghHi.png 656w, https:\/\/sovittelu.com\/vertaissovittelu\/wp-content\/uploads\/2025\/01\/bit.ly_4hAghHi-500x500.png 500w\" sizes=\"auto, (max-width: 656px) 100vw, 656px\" \/><\/figure>\n\n\n\n<p><strong>Those who register will be sent a recording of the event for their own reference.&nbsp;<\/strong><\/p>\n\n\n\n<p>A link to participate and instructions on how to connect to Teams remotely will be sent to your email a few days before the event.<\/p>\n\n\n\n<p>Read more <a href=\"https:\/\/sovittelu.com\/vertaissovittelu\/en\/for-carers\/\" target=\"_blank\" rel=\"noreferrer noopener\">About the VERSO programme and mediation<\/a>.<\/p>\n\n\n\n<p>VERSO will be represented by trainers Michaela Lindholm and Eeva Saarinen.<\/p>\n\n\n<style>.kb-image4800_3d87fa-61.kb-image-is-ratio-size, .kb-image4800_3d87fa-61 .kb-image-is-ratio-size{max-width:453px;width:100%;}.wp-block-kadence-column > .kt-inside-inner-col > .kb-image4800_3d87fa-61.kb-image-is-ratio-size, .wp-block-kadence-column > .kt-inside-inner-col > .kb-image4800_3d87fa-61 .kb-image-is-ratio-size{align-self:unset;}.kb-image4800_3d87fa-61{max-width:453px;}.image-is-svg.kb-image4800_3d87fa-61{-webkit-flex:0 1 100%;flex:0 1 100%;}.image-is-svg.kb-image4800_3d87fa-61 img{width:100%;}.kb-image4800_3d87fa-61 .kb-image-has-overlay:after{opacity:0.3;}<\/style>\n<figure class=\"wp-block-kadence-image kb-image4800_3d87fa-61 size-large\"><img loading=\"lazy\" decoding=\"async\" width=\"1024\" height=\"577\" src=\"https:\/\/sovittelu.com\/vertaissovittelu\/wp-content\/uploads\/2025\/01\/Green-Online-Business-Webinar-Facebook-Cover-1-1024x577.png\" alt=\"Let&#039;s settle away!- caregiver webinar advertisement.\" class=\"kb-img wp-image-16853\" srcset=\"https:\/\/sovittelu.com\/vertaissovittelu\/wp-content\/uploads\/2025\/01\/Green-Online-Business-Webinar-Facebook-Cover-1-1024x577.png 1024w, https:\/\/sovittelu.com\/vertaissovittelu\/wp-content\/uploads\/2025\/01\/Green-Online-Business-Webinar-Facebook-Cover-1-500x282.png 500w, https:\/\/sovittelu.com\/vertaissovittelu\/wp-content\/uploads\/2025\/01\/Green-Online-Business-Webinar-Facebook-Cover-1-768x433.png 768w, https:\/\/sovittelu.com\/vertaissovittelu\/wp-content\/uploads\/2025\/01\/Green-Online-Business-Webinar-Facebook-Cover-1-1536x865.png 1536w, https:\/\/sovittelu.com\/vertaissovittelu\/wp-content\/uploads\/2025\/01\/Green-Online-Business-Webinar-Facebook-Cover-1-18x10.png 18w, https:\/\/sovittelu.com\/vertaissovittelu\/wp-content\/uploads\/2025\/01\/Green-Online-Business-Webinar-Facebook-Cover-1.png 1640w\" sizes=\"auto, (max-width: 1024px) 100vw, 1024px\" \/><\/figure>","protected":false},"excerpt":{"rendered":"<p>Let's settle away! - How to prevent bullying through mediation in early childhood education and schools?  Early childhood education and care and schools have an increasing welfare role to play, together with homes, and situations between children and young people are escalating rapidly, both online and face-to-face. Busy everyday lives challenge encounters.  Dear carer, come and find out how to prevent bullying through mediation in early childhood education and care and in schools, while strengthening the well-being of the whole community. The VERSO programme has trained peer mediation...<\/p>","protected":false},"author":14,"featured_media":0,"comment_status":"closed","ping_status":"closed","sticky":false,"template":"","format":"standard","meta":{"_kad_post_transparent":"","_kad_post_title":"","_kad_post_layout":"","_kad_post_sidebar_id":"","_kad_post_content_style":"","_kad_post_vertical_padding":"","_kad_post_feature":"","_kad_post_feature_position":"","_kad_post_header":false,"_kad_post_footer":false,"_kad_post_classname":"","footnotes":""},"categories":[6,4,5,1],"tags":[],"class_list":["post-4800","post","type-post","status-publish","format-standard","hentry","category-miniverso","category-resto","category-verso","category-yleinen"],"yoast_head":"<!-- This site is optimized with the Yoast SEO plugin v27.5 - https:\/\/yoast.com\/product\/yoast-seo-wordpress\/ -->\n<title>Ilmoittaudu mukaan! Valtakunnallinen huoltajawebinaari ti 18.3. klo 17:30-19:00 | Verso<\/title>\n<meta name=\"robots\" content=\"index, follow, max-snippet:-1, max-image-preview:large, max-video-preview:-1\" \/>\n<link rel=\"canonical\" href=\"https:\/\/sovittelu.com\/vertaissovittelu\/en\/sign-up-for-the-nationwide-caregiver-webinar-tue-18-3-at-1730-1900\/\" \/>\n<meta property=\"og:locale\" content=\"en_GB\" \/>\n<meta property=\"og:type\" content=\"article\" \/>\n<meta property=\"og:title\" content=\"Ilmoittaudu mukaan! Valtakunnallinen huoltajawebinaari ti 18.3. klo 17:30-19:00 | Verso\" \/>\n<meta property=\"og:description\" content=\"Sovitaan pois! \u2013 Kuinka kiusaamista ehk\u00e4ist\u00e4\u00e4n sovittelemalla varhaiskasvatuksessa ja kouluissa?&nbsp; Varhaiskasvatuksella ja kouluilla on yhdess\u00e4 kotien kanssa yh\u00e4 suurempi hyvinvointiteht\u00e4v\u00e4 ja lasten ja nuorten v\u00e4liset tilanteet eskaloituvat nopeasti niin somessa kuin kasvotustenkin. Kiireinen arki haastaa kohtaamisia.&nbsp; Hyv\u00e4 huoltaja, tule tutustumaan kuinkakiusaamista ehk\u00e4ist\u00e4\u00e4n sovittelemalla varhaiskasvatuksessa ja kouluissa vahvistaen samalla koko yhteis\u00f6n hyvinvointia. VERSO-ohjelma on kouluttanut vertaissovittelua...\" \/>\n<meta property=\"og:url\" content=\"https:\/\/sovittelu.com\/vertaissovittelu\/en\/sign-up-for-the-nationwide-caregiver-webinar-tue-18-3-at-1730-1900\/\" \/>\n<meta property=\"og:site_name\" content=\"Verso\" \/>\n<meta property=\"article:publisher\" content=\"https:\/\/www.facebook.com\/VERSOsovittelu\" \/>\n<meta property=\"article:published_time\" content=\"2025-01-29T07:12:40+00:00\" \/>\n<meta property=\"article:modified_time\" content=\"2025-12-17T08:49:14+00:00\" \/>\n<meta property=\"og:image\" content=\"https:\/\/sovittelu.com\/vertaissovittelu\/wp-content\/uploads\/2025\/01\/bit.ly_4hAghHi.png\" \/>\n\t<meta property=\"og:image:width\" content=\"656\" \/>\n\t<meta property=\"og:image:height\" content=\"656\" \/>\n\t<meta property=\"og:image:type\" content=\"image\/png\" \/>\n<meta name=\"author\" content=\"Nina Huhtinen\" \/>\n<meta name=\"twitter:card\" content=\"summary_large_image\" \/>\n<meta name=\"twitter:label1\" content=\"Written by\" \/>\n\t<meta name=\"twitter:data1\" content=\"Nina Huhtinen\" \/>\n\t<meta name=\"twitter:label2\" content=\"Estimated reading time\" \/>\n\t<meta name=\"twitter:data2\" content=\"2 minutes\" \/>\n<script type=\"application\/ld+json\" class=\"yoast-schema-graph\">{\"@context\":\"https:\\\/\\\/schema.org\",\"@graph\":[{\"@type\":\"Article\",\"@id\":\"https:\\\/\\\/sovittelu.com\\\/vertaissovittelu\\\/ilmoittaudu-mukaan-valtakunnallinen-huoltajawebinaari-ti-18-3-klo-1730-1900\\\/#article\",\"isPartOf\":{\"@id\":\"https:\\\/\\\/sovittelu.com\\\/vertaissovittelu\\\/ilmoittaudu-mukaan-valtakunnallinen-huoltajawebinaari-ti-18-3-klo-1730-1900\\\/\"},\"author\":{\"name\":\"Nina Huhtinen\",\"@id\":\"https:\\\/\\\/sovittelu.com\\\/vertaissovittelu\\\/#\\\/schema\\\/person\\\/7cf9dc57a10e1fba817a3f9f9cf56494\"},\"headline\":\"Ilmoittaudu mukaan! Valtakunnallinen huoltajawebinaari ti 18.3. klo 17:30-19:00\",\"datePublished\":\"2025-01-29T07:12:40+00:00\",\"dateModified\":\"2025-12-17T08:49:14+00:00\",\"mainEntityOfPage\":{\"@id\":\"https:\\\/\\\/sovittelu.com\\\/vertaissovittelu\\\/ilmoittaudu-mukaan-valtakunnallinen-huoltajawebinaari-ti-18-3-klo-1730-1900\\\/\"},\"wordCount\":181,\"publisher\":{\"@id\":\"https:\\\/\\\/sovittelu.com\\\/vertaissovittelu\\\/#organization\"},\"image\":{\"@id\":\"https:\\\/\\\/sovittelu.com\\\/vertaissovittelu\\\/ilmoittaudu-mukaan-valtakunnallinen-huoltajawebinaari-ti-18-3-klo-1730-1900\\\/#primaryimage\"},\"thumbnailUrl\":\"https:\\\/\\\/sovittelu.com\\\/vertaissovittelu\\\/wp-content\\\/uploads\\\/2025\\\/01\\\/bit.ly_4hAghHi.png\",\"articleSection\":[\"MiniVerso\",\"RESTO\",\"Verso\",\"Yleinen\"],\"inLanguage\":\"en-GB\"},{\"@type\":\"WebPage\",\"@id\":\"https:\\\/\\\/sovittelu.com\\\/vertaissovittelu\\\/ilmoittaudu-mukaan-valtakunnallinen-huoltajawebinaari-ti-18-3-klo-1730-1900\\\/\",\"url\":\"https:\\\/\\\/sovittelu.com\\\/vertaissovittelu\\\/ilmoittaudu-mukaan-valtakunnallinen-huoltajawebinaari-ti-18-3-klo-1730-1900\\\/\",\"name\":\"Ilmoittaudu mukaan! Valtakunnallinen huoltajawebinaari ti 18.3. klo 17:30-19:00 | Verso\",\"isPartOf\":{\"@id\":\"https:\\\/\\\/sovittelu.com\\\/vertaissovittelu\\\/#website\"},\"primaryImageOfPage\":{\"@id\":\"https:\\\/\\\/sovittelu.com\\\/vertaissovittelu\\\/ilmoittaudu-mukaan-valtakunnallinen-huoltajawebinaari-ti-18-3-klo-1730-1900\\\/#primaryimage\"},\"image\":{\"@id\":\"https:\\\/\\\/sovittelu.com\\\/vertaissovittelu\\\/ilmoittaudu-mukaan-valtakunnallinen-huoltajawebinaari-ti-18-3-klo-1730-1900\\\/#primaryimage\"},\"thumbnailUrl\":\"https:\\\/\\\/sovittelu.com\\\/vertaissovittelu\\\/wp-content\\\/uploads\\\/2025\\\/01\\\/bit.ly_4hAghHi.png\",\"datePublished\":\"2025-01-29T07:12:40+00:00\",\"dateModified\":\"2025-12-17T08:49:14+00:00\",\"breadcrumb\":{\"@id\":\"https:\\\/\\\/sovittelu.com\\\/vertaissovittelu\\\/ilmoittaudu-mukaan-valtakunnallinen-huoltajawebinaari-ti-18-3-klo-1730-1900\\\/#breadcrumb\"},\"inLanguage\":\"en-GB\",\"potentialAction\":[{\"@type\":\"ReadAction\",\"target\":[\"https:\\\/\\\/sovittelu.com\\\/vertaissovittelu\\\/ilmoittaudu-mukaan-valtakunnallinen-huoltajawebinaari-ti-18-3-klo-1730-1900\\\/\"]}]},{\"@type\":\"ImageObject\",\"inLanguage\":\"en-GB\",\"@id\":\"https:\\\/\\\/sovittelu.com\\\/vertaissovittelu\\\/ilmoittaudu-mukaan-valtakunnallinen-huoltajawebinaari-ti-18-3-klo-1730-1900\\\/#primaryimage\",\"url\":\"https:\\\/\\\/sovittelu.com\\\/vertaissovittelu\\\/wp-content\\\/uploads\\\/2025\\\/01\\\/bit.ly_4hAghHi.png\",\"contentUrl\":\"https:\\\/\\\/sovittelu.com\\\/vertaissovittelu\\\/wp-content\\\/uploads\\\/2025\\\/01\\\/bit.ly_4hAghHi.png\"},{\"@type\":\"BreadcrumbList\",\"@id\":\"https:\\\/\\\/sovittelu.com\\\/vertaissovittelu\\\/ilmoittaudu-mukaan-valtakunnallinen-huoltajawebinaari-ti-18-3-klo-1730-1900\\\/#breadcrumb\",\"itemListElement\":[{\"@type\":\"ListItem\",\"position\":1,\"name\":\"Etusivu\",\"item\":\"https:\\\/\\\/sovittelu.com\\\/vertaissovittelu\\\/\"},{\"@type\":\"ListItem\",\"position\":2,\"name\":\"Ilmoittaudu mukaan! Valtakunnallinen huoltajawebinaari ti 18.3. klo 17:30-19:00\"}]},{\"@type\":\"WebSite\",\"@id\":\"https:\\\/\\\/sovittelu.com\\\/vertaissovittelu\\\/#website\",\"url\":\"https:\\\/\\\/sovittelu.com\\\/vertaissovittelu\\\/\",\"name\":\"VERSO-ohjelma\",\"description\":\"Vertaissovitteluohjelma\",\"publisher\":{\"@id\":\"https:\\\/\\\/sovittelu.com\\\/vertaissovittelu\\\/#organization\"},\"potentialAction\":[{\"@type\":\"SearchAction\",\"target\":{\"@type\":\"EntryPoint\",\"urlTemplate\":\"https:\\\/\\\/sovittelu.com\\\/vertaissovittelu\\\/?s={search_term_string}\"},\"query-input\":{\"@type\":\"PropertyValueSpecification\",\"valueRequired\":true,\"valueName\":\"search_term_string\"}}],\"inLanguage\":\"en-GB\"},{\"@type\":\"Organization\",\"@id\":\"https:\\\/\\\/sovittelu.com\\\/vertaissovittelu\\\/#organization\",\"name\":\"VERSO-ohjelma\",\"url\":\"https:\\\/\\\/sovittelu.com\\\/vertaissovittelu\\\/\",\"logo\":{\"@type\":\"ImageObject\",\"inLanguage\":\"en-GB\",\"@id\":\"https:\\\/\\\/sovittelu.com\\\/vertaissovittelu\\\/#\\\/schema\\\/logo\\\/image\\\/\",\"url\":\"https:\\\/\\\/sovittelu.com\\\/vertaissovittelu\\\/wp-content\\\/uploads\\\/2026\\\/01\\\/verso_ikoni_512x512px.png\",\"contentUrl\":\"https:\\\/\\\/sovittelu.com\\\/vertaissovittelu\\\/wp-content\\\/uploads\\\/2026\\\/01\\\/verso_ikoni_512x512px.png\",\"width\":512,\"height\":512,\"caption\":\"VERSO-ohjelma\"},\"image\":{\"@id\":\"https:\\\/\\\/sovittelu.com\\\/vertaissovittelu\\\/#\\\/schema\\\/logo\\\/image\\\/\"},\"sameAs\":[\"https:\\\/\\\/www.facebook.com\\\/VERSOsovittelu\",\"https:\\\/\\\/www.instagram.com\\\/verso_sovittelu\\\/\"]},{\"@type\":\"Person\",\"@id\":\"https:\\\/\\\/sovittelu.com\\\/vertaissovittelu\\\/#\\\/schema\\\/person\\\/7cf9dc57a10e1fba817a3f9f9cf56494\",\"name\":\"Nina Huhtinen\",\"url\":\"https:\\\/\\\/sovittelu.com\\\/vertaissovittelu\\\/en\\\/author\\\/nina\\\/\"}]}<\/script>\n<!-- \/ Yoast SEO plugin. -->","yoast_head_json":{"title":"Sign up to join us! National Caregiver Webinar Tue 18.3. at 17:30-19:00 | Verso","robots":{"index":"index","follow":"follow","max-snippet":"max-snippet:-1","max-image-preview":"max-image-preview:large","max-video-preview":"max-video-preview:-1"},"canonical":"https:\/\/sovittelu.com\/vertaissovittelu\/en\/sign-up-for-the-nationwide-caregiver-webinar-tue-18-3-at-1730-1900\/","og_locale":"en_GB","og_type":"article","og_title":"Ilmoittaudu mukaan! Valtakunnallinen huoltajawebinaari ti 18.3. klo 17:30-19:00 | Verso","og_description":"Sovitaan pois! \u2013 Kuinka kiusaamista ehk\u00e4ist\u00e4\u00e4n sovittelemalla varhaiskasvatuksessa ja kouluissa?&nbsp; Varhaiskasvatuksella ja kouluilla on yhdess\u00e4 kotien kanssa yh\u00e4 suurempi hyvinvointiteht\u00e4v\u00e4 ja lasten ja nuorten v\u00e4liset tilanteet eskaloituvat nopeasti niin somessa kuin kasvotustenkin. Kiireinen arki haastaa kohtaamisia.&nbsp; Hyv\u00e4 huoltaja, tule tutustumaan kuinkakiusaamista ehk\u00e4ist\u00e4\u00e4n sovittelemalla varhaiskasvatuksessa ja kouluissa vahvistaen samalla koko yhteis\u00f6n hyvinvointia. VERSO-ohjelma on kouluttanut vertaissovittelua...","og_url":"https:\/\/sovittelu.com\/vertaissovittelu\/en\/sign-up-for-the-nationwide-caregiver-webinar-tue-18-3-at-1730-1900\/","og_site_name":"Verso","article_publisher":"https:\/\/www.facebook.com\/VERSOsovittelu","article_published_time":"2025-01-29T07:12:40+00:00","article_modified_time":"2025-12-17T08:49:14+00:00","og_image":[{"width":656,"height":656,"url":"https:\/\/sovittelu.com\/vertaissovittelu\/wp-content\/uploads\/2025\/01\/bit.ly_4hAghHi.png","type":"image\/png"}],"author":"Nina Huhtinen","twitter_card":"summary_large_image","twitter_misc":{"Written by":"Nina Huhtinen","Estimated reading time":"2 minutes"},"schema":{"@context":"https:\/\/schema.org","@graph":[{"@type":"Article","@id":"https:\/\/sovittelu.com\/vertaissovittelu\/ilmoittaudu-mukaan-valtakunnallinen-huoltajawebinaari-ti-18-3-klo-1730-1900\/#article","isPartOf":{"@id":"https:\/\/sovittelu.com\/vertaissovittelu\/ilmoittaudu-mukaan-valtakunnallinen-huoltajawebinaari-ti-18-3-klo-1730-1900\/"},"author":{"name":"Nina Huhtinen","@id":"https:\/\/sovittelu.com\/vertaissovittelu\/#\/schema\/person\/7cf9dc57a10e1fba817a3f9f9cf56494"},"headline":"Ilmoittaudu mukaan! Valtakunnallinen huoltajawebinaari ti 18.3. klo 17:30-19:00","datePublished":"2025-01-29T07:12:40+00:00","dateModified":"2025-12-17T08:49:14+00:00","mainEntityOfPage":{"@id":"https:\/\/sovittelu.com\/vertaissovittelu\/ilmoittaudu-mukaan-valtakunnallinen-huoltajawebinaari-ti-18-3-klo-1730-1900\/"},"wordCount":181,"publisher":{"@id":"https:\/\/sovittelu.com\/vertaissovittelu\/#organization"},"image":{"@id":"https:\/\/sovittelu.com\/vertaissovittelu\/ilmoittaudu-mukaan-valtakunnallinen-huoltajawebinaari-ti-18-3-klo-1730-1900\/#primaryimage"},"thumbnailUrl":"https:\/\/sovittelu.com\/vertaissovittelu\/wp-content\/uploads\/2025\/01\/bit.ly_4hAghHi.png","articleSection":["MiniVerso","RESTO","Verso","Yleinen"],"inLanguage":"en-GB"},{"@type":"WebPage","@id":"https:\/\/sovittelu.com\/vertaissovittelu\/ilmoittaudu-mukaan-valtakunnallinen-huoltajawebinaari-ti-18-3-klo-1730-1900\/","url":"https:\/\/sovittelu.com\/vertaissovittelu\/ilmoittaudu-mukaan-valtakunnallinen-huoltajawebinaari-ti-18-3-klo-1730-1900\/","name":"Sign up to join us! National Caregiver Webinar Tue 18.3. at 17:30-19:00 | Verso","isPartOf":{"@id":"https:\/\/sovittelu.com\/vertaissovittelu\/#website"},"primaryImageOfPage":{"@id":"https:\/\/sovittelu.com\/vertaissovittelu\/ilmoittaudu-mukaan-valtakunnallinen-huoltajawebinaari-ti-18-3-klo-1730-1900\/#primaryimage"},"image":{"@id":"https:\/\/sovittelu.com\/vertaissovittelu\/ilmoittaudu-mukaan-valtakunnallinen-huoltajawebinaari-ti-18-3-klo-1730-1900\/#primaryimage"},"thumbnailUrl":"https:\/\/sovittelu.com\/vertaissovittelu\/wp-content\/uploads\/2025\/01\/bit.ly_4hAghHi.png","datePublished":"2025-01-29T07:12:40+00:00","dateModified":"2025-12-17T08:49:14+00:00","breadcrumb":{"@id":"https:\/\/sovittelu.com\/vertaissovittelu\/ilmoittaudu-mukaan-valtakunnallinen-huoltajawebinaari-ti-18-3-klo-1730-1900\/#breadcrumb"},"inLanguage":"en-GB","potentialAction":[{"@type":"ReadAction","target":["https:\/\/sovittelu.com\/vertaissovittelu\/ilmoittaudu-mukaan-valtakunnallinen-huoltajawebinaari-ti-18-3-klo-1730-1900\/"]}]},{"@type":"ImageObject","inLanguage":"en-GB","@id":"https:\/\/sovittelu.com\/vertaissovittelu\/ilmoittaudu-mukaan-valtakunnallinen-huoltajawebinaari-ti-18-3-klo-1730-1900\/#primaryimage","url":"https:\/\/sovittelu.com\/vertaissovittelu\/wp-content\/uploads\/2025\/01\/bit.ly_4hAghHi.png","contentUrl":"https:\/\/sovittelu.com\/vertaissovittelu\/wp-content\/uploads\/2025\/01\/bit.ly_4hAghHi.png"},{"@type":"BreadcrumbList","@id":"https:\/\/sovittelu.com\/vertaissovittelu\/ilmoittaudu-mukaan-valtakunnallinen-huoltajawebinaari-ti-18-3-klo-1730-1900\/#breadcrumb","itemListElement":[{"@type":"ListItem","position":1,"name":"Etusivu","item":"https:\/\/sovittelu.com\/vertaissovittelu\/"},{"@type":"ListItem","position":2,"name":"Ilmoittaudu mukaan! Valtakunnallinen huoltajawebinaari ti 18.3. klo 17:30-19:00"}]},{"@type":"WebSite","@id":"https:\/\/sovittelu.com\/vertaissovittelu\/#website","url":"https:\/\/sovittelu.com\/vertaissovittelu\/","name":"VERSO programme","description":"Peer mediation programme","publisher":{"@id":"https:\/\/sovittelu.com\/vertaissovittelu\/#organization"},"potentialAction":[{"@type":"SearchAction","target":{"@type":"EntryPoint","urlTemplate":"https:\/\/sovittelu.com\/vertaissovittelu\/?s={search_term_string}"},"query-input":{"@type":"PropertyValueSpecification","valueRequired":true,"valueName":"search_term_string"}}],"inLanguage":"en-GB"},{"@type":"Organization","@id":"https:\/\/sovittelu.com\/vertaissovittelu\/#organization","name":"VERSO programme","url":"https:\/\/sovittelu.com\/vertaissovittelu\/","logo":{"@type":"ImageObject","inLanguage":"en-GB","@id":"https:\/\/sovittelu.com\/vertaissovittelu\/#\/schema\/logo\/image\/","url":"https:\/\/sovittelu.com\/vertaissovittelu\/wp-content\/uploads\/2026\/01\/verso_ikoni_512x512px.png","contentUrl":"https:\/\/sovittelu.com\/vertaissovittelu\/wp-content\/uploads\/2026\/01\/verso_ikoni_512x512px.png","width":512,"height":512,"caption":"VERSO-ohjelma"},"image":{"@id":"https:\/\/sovittelu.com\/vertaissovittelu\/#\/schema\/logo\/image\/"},"sameAs":["https:\/\/www.facebook.com\/VERSOsovittelu","https:\/\/www.instagram.com\/verso_sovittelu\/"]},{"@type":"Person","@id":"https:\/\/sovittelu.com\/vertaissovittelu\/#\/schema\/person\/7cf9dc57a10e1fba817a3f9f9cf56494","name":"Nina Huhtinen","url":"https:\/\/sovittelu.com\/vertaissovittelu\/en\/author\/nina\/"}]}},"_links":{"self":[{"href":"https:\/\/sovittelu.com\/vertaissovittelu\/en\/wp-json\/wp\/v2\/posts\/4800","targetHints":{"allow":["GET"]}}],"collection":[{"href":"https:\/\/sovittelu.com\/vertaissovittelu\/en\/wp-json\/wp\/v2\/posts"}],"about":[{"href":"https:\/\/sovittelu.com\/vertaissovittelu\/en\/wp-json\/wp\/v2\/types\/post"}],"author":[{"embeddable":true,"href":"https:\/\/sovittelu.com\/vertaissovittelu\/en\/wp-json\/wp\/v2\/users\/14"}],"replies":[{"embeddable":true,"href":"https:\/\/sovittelu.com\/vertaissovittelu\/en\/wp-json\/wp\/v2\/comments?post=4800"}],"version-history":[{"count":0,"href":"https:\/\/sovittelu.com\/vertaissovittelu\/en\/wp-json\/wp\/v2\/posts\/4800\/revisions"}],"wp:attachment":[{"href":"https:\/\/sovittelu.com\/vertaissovittelu\/en\/wp-json\/wp\/v2\/media?parent=4800"}],"wp:term":[{"taxonomy":"category","embeddable":true,"href":"https:\/\/sovittelu.com\/vertaissovittelu\/en\/wp-json\/wp\/v2\/categories?post=4800"},{"taxonomy":"post_tag","embeddable":true,"href":"https:\/\/sovittelu.com\/vertaissovittelu\/en\/wp-json\/wp\/v2\/tags?post=4800"}],"curies":[{"name":"wp","href":"https:\/\/api.w.org\/{rel}","templated":true}]}}