{"id":4793,"date":"2025-01-17T11:59:38","date_gmt":"2025-01-17T09:59:38","guid":{"rendered":"https:\/\/sovittelu.com\/vertaissovittelu\/?p=4793"},"modified":"2025-12-17T10:51:49","modified_gmt":"2025-12-17T08:51:49","slug":"were-at-educa-24-25-1-see-exhibition-offer","status":"publish","type":"post","link":"https:\/\/sovittelu.com\/vertaissovittelu\/en\/olemme-mukana-educassa-24-25-1-katso-messutarjous\/","title":{"rendered":"We will be at Educa 24.-25.1.! See the exhibition offer!"},"content":{"rendered":"<p><strong>Educa, the largest education event in the Nordic countries<\/strong> will be back 24.-25.1.2025! <br>Admission to the event is free for registered visitors and our team will be available throughout the event at stand 6t68 in the Helsinki Exhibition Centre. For more information and to register, please visit: <a href=\"https:\/\/educa.messukeskus.com\">https:\/\/educa.<\/a><a href=\"https:\/\/educa.messukeskus.com\" target=\"_blank\" rel=\"noreferrer noopener\">exhibition centre<\/a><a href=\"https:\/\/educa.messukeskus.com\">.com<\/a><br><br><strong>FIRST TRADE FAIR!<\/strong> You will receive -15% off the price of MiniVerso and Verso training when you book your Spring 2025 training by the end of January. A limited number of training days are available and the offer is valid for new bookings. Please send requests for quotes and enquiries to -&gt; verso@sovittelu.com and miniverso@sovittelu.com THANK YOU! <img loading=\"lazy\" decoding=\"async\" height=\"16\" width=\"16\" src=\"https:\/\/static.xx.fbcdn.net\/images\/emoji.php\/v9\/t33\/2\/16\/1f49a.png\" alt=\"????\"><\/p>\n\n\n\n<figure class=\"wp-block-image size-full is-resized\"><img loading=\"lazy\" decoding=\"async\" width=\"768\" height=\"644\" src=\"https:\/\/sovittelu.com\/vertaissovittelu\/wp-content\/uploads\/2025\/01\/minin_sopula_768x644.jpg\" alt=\"\" class=\"wp-image-13229\" style=\"width:428px;height:358px\" srcset=\"https:\/\/sovittelu.com\/vertaissovittelu\/wp-content\/uploads\/2025\/01\/minin_sopula_768x644.jpg 768w, https:\/\/sovittelu.com\/vertaissovittelu\/wp-content\/uploads\/2025\/01\/minin_sopula_768x644-500x419.jpg 500w\" sizes=\"auto, (max-width: 768px) 100vw, 768px\" \/><\/figure>\n\n\n\n<p><strong>EDUCA - the leading evenemanget inom undervisning och pedagogik kommer igen 24.-25.1.2025! <\/strong><br>V\u00e5r m\u00e4ssmontern \u00e4r 6t68. More information and registration can be found here: <a href=\"https:\/\/educa.messukeskus.com\/sv\/\" target=\"_blank\" rel=\"noreferrer noopener\">https:\/\/educa.messukeskus.com\/sv\/<\/a><br><br><strong>V\u00c5RT M\u00c4SSERBJUDANDE! <\/strong>You can get a -15 % discount on miniVerso and Verso trainings when you book your V\u00e5ren 2025 training at the end of January. Training days are limited and the rebate applies to new bookings. For enquiries about the rebate and requests to -&gt; verso@sovittelu.com and miniverso@sovittelu.com TACK!<\/p>","protected":false},"excerpt":{"rendered":"<p>Educa, the largest education event in the Nordic countries, will be back 24-25.1.2025! Admission to the event is free for registered visitors and our team will be available throughout the event at stand 6t68 in the Helsinki Exhibition Centre. For more information and to register, please visit: https:\/\/educa.messukeskus.com TRADE FAIR OFFER! Get -15% off the price of MiniVerso and Verso training when you book your Spring 2025 training by the end of January. There are a limited number of training days available and the offer is valid for new...<\/p>","protected":false},"author":14,"featured_media":0,"comment_status":"closed","ping_status":"closed","sticky":false,"template":"","format":"standard","meta":{"_kad_post_transparent":"","_kad_post_title":"","_kad_post_layout":"","_kad_post_sidebar_id":"","_kad_post_content_style":"","_kad_post_vertical_padding":"","_kad_post_feature":"","_kad_post_feature_position":"","_kad_post_header":false,"_kad_post_footer":false,"_kad_post_classname":"","footnotes":""},"categories":[3,6,5,1],"tags":[],"class_list":["post-4793","post","type-post","status-publish","format-standard","hentry","category-koulutus","category-miniverso","category-verso","category-yleinen"],"yoast_head":"<!-- This site is optimized with the Yoast SEO plugin v27.4 - https:\/\/yoast.com\/product\/yoast-seo-wordpress\/ -->\n<title>Olemme mukana Educassa 24.-25.1.! Katso messutarjous! | Verso<\/title>\n<meta name=\"robots\" content=\"index, follow, max-snippet:-1, max-image-preview:large, max-video-preview:-1\" \/>\n<link rel=\"canonical\" href=\"https:\/\/sovittelu.com\/vertaissovittelu\/en\/were-at-educa-24-25-1-see-exhibition-offer\/\" \/>\n<meta property=\"og:locale\" content=\"en_GB\" \/>\n<meta property=\"og:type\" content=\"article\" \/>\n<meta property=\"og:title\" content=\"Olemme mukana Educassa 24.-25.1.! Katso messutarjous! | Verso\" \/>\n<meta property=\"og:description\" content=\"Pohjoismaiden suurin opetus- ja kasvatusalan tapahtuma\u00a0Educa tulee taas 24.-25.1.2025! Tapahtumaan on maksuton sis\u00e4\u00e4np\u00e4\u00e4sy rekister\u00f6ityneille k\u00e4vij\u00f6ille ja tiimimme on tavattavissa koko tapahtuman ajan Helsingin messukeskuksessa osastolla 6t68. Lis\u00e4tietoja ja rekister\u00f6ityminen osoitteessa: https:\/\/educa.messukeskus.com MESSUTARJOUS! Saatte -15% MiniVerso- ja Verso- koulutusten hinnasta, kun varaatte kev\u00e4\u00e4n 2025 koulutuksenne tammikuun loppuun menness\u00e4. Koulutusp\u00e4ivi\u00e4 on tarjolla rajoitetusti ja messutarjous koskee uusia...\" \/>\n<meta property=\"og:url\" content=\"https:\/\/sovittelu.com\/vertaissovittelu\/en\/were-at-educa-24-25-1-see-exhibition-offer\/\" \/>\n<meta property=\"og:site_name\" content=\"Verso\" \/>\n<meta property=\"article:publisher\" content=\"https:\/\/www.facebook.com\/VERSOsovittelu\" \/>\n<meta property=\"article:published_time\" content=\"2025-01-17T09:59:38+00:00\" \/>\n<meta property=\"article:modified_time\" content=\"2025-12-17T08:51:49+00:00\" \/>\n<meta property=\"og:image\" content=\"https:\/\/static.xx.fbcdn.net\/images\/emoji.php\/v9\/t33\/2\/16\/1f49a.png\" \/>\n<meta name=\"author\" content=\"Nina Huhtinen\" \/>\n<meta name=\"twitter:card\" content=\"summary_large_image\" \/>\n<meta name=\"twitter:label1\" content=\"Written by\" \/>\n\t<meta name=\"twitter:data1\" content=\"Nina Huhtinen\" \/>\n\t<meta name=\"twitter:label2\" content=\"Estimated reading time\" \/>\n\t<meta name=\"twitter:data2\" content=\"2 minutes\" \/>\n<script type=\"application\/ld+json\" class=\"yoast-schema-graph\">{\"@context\":\"https:\\\/\\\/schema.org\",\"@graph\":[{\"@type\":\"Article\",\"@id\":\"https:\\\/\\\/sovittelu.com\\\/vertaissovittelu\\\/olemme-mukana-educassa-24-25-1-katso-messutarjous\\\/#article\",\"isPartOf\":{\"@id\":\"https:\\\/\\\/sovittelu.com\\\/vertaissovittelu\\\/olemme-mukana-educassa-24-25-1-katso-messutarjous\\\/\"},\"author\":{\"name\":\"Nina Huhtinen\",\"@id\":\"https:\\\/\\\/sovittelu.com\\\/vertaissovittelu\\\/#\\\/schema\\\/person\\\/7cf9dc57a10e1fba817a3f9f9cf56494\"},\"headline\":\"Olemme mukana Educassa 24.-25.1.! Katso messutarjous!\",\"datePublished\":\"2025-01-17T09:59:38+00:00\",\"dateModified\":\"2025-12-17T08:51:49+00:00\",\"mainEntityOfPage\":{\"@id\":\"https:\\\/\\\/sovittelu.com\\\/vertaissovittelu\\\/olemme-mukana-educassa-24-25-1-katso-messutarjous\\\/\"},\"wordCount\":176,\"publisher\":{\"@id\":\"https:\\\/\\\/sovittelu.com\\\/vertaissovittelu\\\/#organization\"},\"image\":{\"@id\":\"https:\\\/\\\/sovittelu.com\\\/vertaissovittelu\\\/olemme-mukana-educassa-24-25-1-katso-messutarjous\\\/#primaryimage\"},\"thumbnailUrl\":\"https:\\\/\\\/static.xx.fbcdn.net\\\/images\\\/emoji.php\\\/v9\\\/t33\\\/2\\\/16\\\/1f49a.png\",\"articleSection\":[\"Koulutus\",\"MiniVerso\",\"Verso\",\"Yleinen\"],\"inLanguage\":\"en-GB\"},{\"@type\":\"WebPage\",\"@id\":\"https:\\\/\\\/sovittelu.com\\\/vertaissovittelu\\\/olemme-mukana-educassa-24-25-1-katso-messutarjous\\\/\",\"url\":\"https:\\\/\\\/sovittelu.com\\\/vertaissovittelu\\\/olemme-mukana-educassa-24-25-1-katso-messutarjous\\\/\",\"name\":\"Olemme mukana Educassa 24.-25.1.! Katso messutarjous! | Verso\",\"isPartOf\":{\"@id\":\"https:\\\/\\\/sovittelu.com\\\/vertaissovittelu\\\/#website\"},\"primaryImageOfPage\":{\"@id\":\"https:\\\/\\\/sovittelu.com\\\/vertaissovittelu\\\/olemme-mukana-educassa-24-25-1-katso-messutarjous\\\/#primaryimage\"},\"image\":{\"@id\":\"https:\\\/\\\/sovittelu.com\\\/vertaissovittelu\\\/olemme-mukana-educassa-24-25-1-katso-messutarjous\\\/#primaryimage\"},\"thumbnailUrl\":\"https:\\\/\\\/static.xx.fbcdn.net\\\/images\\\/emoji.php\\\/v9\\\/t33\\\/2\\\/16\\\/1f49a.png\",\"datePublished\":\"2025-01-17T09:59:38+00:00\",\"dateModified\":\"2025-12-17T08:51:49+00:00\",\"breadcrumb\":{\"@id\":\"https:\\\/\\\/sovittelu.com\\\/vertaissovittelu\\\/olemme-mukana-educassa-24-25-1-katso-messutarjous\\\/#breadcrumb\"},\"inLanguage\":\"en-GB\",\"potentialAction\":[{\"@type\":\"ReadAction\",\"target\":[\"https:\\\/\\\/sovittelu.com\\\/vertaissovittelu\\\/olemme-mukana-educassa-24-25-1-katso-messutarjous\\\/\"]}]},{\"@type\":\"ImageObject\",\"inLanguage\":\"en-GB\",\"@id\":\"https:\\\/\\\/sovittelu.com\\\/vertaissovittelu\\\/olemme-mukana-educassa-24-25-1-katso-messutarjous\\\/#primaryimage\",\"url\":\"https:\\\/\\\/static.xx.fbcdn.net\\\/images\\\/emoji.php\\\/v9\\\/t33\\\/2\\\/16\\\/1f49a.png\",\"contentUrl\":\"https:\\\/\\\/static.xx.fbcdn.net\\\/images\\\/emoji.php\\\/v9\\\/t33\\\/2\\\/16\\\/1f49a.png\"},{\"@type\":\"BreadcrumbList\",\"@id\":\"https:\\\/\\\/sovittelu.com\\\/vertaissovittelu\\\/olemme-mukana-educassa-24-25-1-katso-messutarjous\\\/#breadcrumb\",\"itemListElement\":[{\"@type\":\"ListItem\",\"position\":1,\"name\":\"Etusivu\",\"item\":\"https:\\\/\\\/sovittelu.com\\\/vertaissovittelu\\\/\"},{\"@type\":\"ListItem\",\"position\":2,\"name\":\"Olemme mukana Educassa 24.-25.1.! Katso messutarjous!\"}]},{\"@type\":\"WebSite\",\"@id\":\"https:\\\/\\\/sovittelu.com\\\/vertaissovittelu\\\/#website\",\"url\":\"https:\\\/\\\/sovittelu.com\\\/vertaissovittelu\\\/\",\"name\":\"VERSO-ohjelma\",\"description\":\"Vertaissovitteluohjelma\",\"publisher\":{\"@id\":\"https:\\\/\\\/sovittelu.com\\\/vertaissovittelu\\\/#organization\"},\"potentialAction\":[{\"@type\":\"SearchAction\",\"target\":{\"@type\":\"EntryPoint\",\"urlTemplate\":\"https:\\\/\\\/sovittelu.com\\\/vertaissovittelu\\\/?s={search_term_string}\"},\"query-input\":{\"@type\":\"PropertyValueSpecification\",\"valueRequired\":true,\"valueName\":\"search_term_string\"}}],\"inLanguage\":\"en-GB\"},{\"@type\":\"Organization\",\"@id\":\"https:\\\/\\\/sovittelu.com\\\/vertaissovittelu\\\/#organization\",\"name\":\"VERSO-ohjelma\",\"url\":\"https:\\\/\\\/sovittelu.com\\\/vertaissovittelu\\\/\",\"logo\":{\"@type\":\"ImageObject\",\"inLanguage\":\"en-GB\",\"@id\":\"https:\\\/\\\/sovittelu.com\\\/vertaissovittelu\\\/#\\\/schema\\\/logo\\\/image\\\/\",\"url\":\"https:\\\/\\\/sovittelu.com\\\/vertaissovittelu\\\/wp-content\\\/uploads\\\/2026\\\/01\\\/verso_ikoni_512x512px.png\",\"contentUrl\":\"https:\\\/\\\/sovittelu.com\\\/vertaissovittelu\\\/wp-content\\\/uploads\\\/2026\\\/01\\\/verso_ikoni_512x512px.png\",\"width\":512,\"height\":512,\"caption\":\"VERSO-ohjelma\"},\"image\":{\"@id\":\"https:\\\/\\\/sovittelu.com\\\/vertaissovittelu\\\/#\\\/schema\\\/logo\\\/image\\\/\"},\"sameAs\":[\"https:\\\/\\\/www.facebook.com\\\/VERSOsovittelu\",\"https:\\\/\\\/www.instagram.com\\\/verso_sovittelu\\\/\"]},{\"@type\":\"Person\",\"@id\":\"https:\\\/\\\/sovittelu.com\\\/vertaissovittelu\\\/#\\\/schema\\\/person\\\/7cf9dc57a10e1fba817a3f9f9cf56494\",\"name\":\"Nina Huhtinen\",\"url\":\"https:\\\/\\\/sovittelu.com\\\/vertaissovittelu\\\/en\\\/author\\\/nina\\\/\"}]}<\/script>\n<!-- \/ Yoast SEO plugin. -->","yoast_head_json":{"title":"We will be at Educa 24.-25.1.! See the exhibition offer! | Verso","robots":{"index":"index","follow":"follow","max-snippet":"max-snippet:-1","max-image-preview":"max-image-preview:large","max-video-preview":"max-video-preview:-1"},"canonical":"https:\/\/sovittelu.com\/vertaissovittelu\/en\/were-at-educa-24-25-1-see-exhibition-offer\/","og_locale":"en_GB","og_type":"article","og_title":"Olemme mukana Educassa 24.-25.1.! Katso messutarjous! | Verso","og_description":"Pohjoismaiden suurin opetus- ja kasvatusalan tapahtuma\u00a0Educa tulee taas 24.-25.1.2025! Tapahtumaan on maksuton sis\u00e4\u00e4np\u00e4\u00e4sy rekister\u00f6ityneille k\u00e4vij\u00f6ille ja tiimimme on tavattavissa koko tapahtuman ajan Helsingin messukeskuksessa osastolla 6t68. Lis\u00e4tietoja ja rekister\u00f6ityminen osoitteessa: https:\/\/educa.messukeskus.com MESSUTARJOUS! Saatte -15% MiniVerso- ja Verso- koulutusten hinnasta, kun varaatte kev\u00e4\u00e4n 2025 koulutuksenne tammikuun loppuun menness\u00e4. Koulutusp\u00e4ivi\u00e4 on tarjolla rajoitetusti ja messutarjous koskee uusia...","og_url":"https:\/\/sovittelu.com\/vertaissovittelu\/en\/were-at-educa-24-25-1-see-exhibition-offer\/","og_site_name":"Verso","article_publisher":"https:\/\/www.facebook.com\/VERSOsovittelu","article_published_time":"2025-01-17T09:59:38+00:00","article_modified_time":"2025-12-17T08:51:49+00:00","og_image":[{"url":"https:\/\/static.xx.fbcdn.net\/images\/emoji.php\/v9\/t33\/2\/16\/1f49a.png","type":"","width":"","height":""}],"author":"Nina Huhtinen","twitter_card":"summary_large_image","twitter_misc":{"Written by":"Nina Huhtinen","Estimated reading time":"2 minutes"},"schema":{"@context":"https:\/\/schema.org","@graph":[{"@type":"Article","@id":"https:\/\/sovittelu.com\/vertaissovittelu\/olemme-mukana-educassa-24-25-1-katso-messutarjous\/#article","isPartOf":{"@id":"https:\/\/sovittelu.com\/vertaissovittelu\/olemme-mukana-educassa-24-25-1-katso-messutarjous\/"},"author":{"name":"Nina Huhtinen","@id":"https:\/\/sovittelu.com\/vertaissovittelu\/#\/schema\/person\/7cf9dc57a10e1fba817a3f9f9cf56494"},"headline":"Olemme mukana Educassa 24.-25.1.! Katso messutarjous!","datePublished":"2025-01-17T09:59:38+00:00","dateModified":"2025-12-17T08:51:49+00:00","mainEntityOfPage":{"@id":"https:\/\/sovittelu.com\/vertaissovittelu\/olemme-mukana-educassa-24-25-1-katso-messutarjous\/"},"wordCount":176,"publisher":{"@id":"https:\/\/sovittelu.com\/vertaissovittelu\/#organization"},"image":{"@id":"https:\/\/sovittelu.com\/vertaissovittelu\/olemme-mukana-educassa-24-25-1-katso-messutarjous\/#primaryimage"},"thumbnailUrl":"https:\/\/static.xx.fbcdn.net\/images\/emoji.php\/v9\/t33\/2\/16\/1f49a.png","articleSection":["Koulutus","MiniVerso","Verso","Yleinen"],"inLanguage":"en-GB"},{"@type":"WebPage","@id":"https:\/\/sovittelu.com\/vertaissovittelu\/olemme-mukana-educassa-24-25-1-katso-messutarjous\/","url":"https:\/\/sovittelu.com\/vertaissovittelu\/olemme-mukana-educassa-24-25-1-katso-messutarjous\/","name":"We will be at Educa 24.-25.1.! See the exhibition offer! | Verso","isPartOf":{"@id":"https:\/\/sovittelu.com\/vertaissovittelu\/#website"},"primaryImageOfPage":{"@id":"https:\/\/sovittelu.com\/vertaissovittelu\/olemme-mukana-educassa-24-25-1-katso-messutarjous\/#primaryimage"},"image":{"@id":"https:\/\/sovittelu.com\/vertaissovittelu\/olemme-mukana-educassa-24-25-1-katso-messutarjous\/#primaryimage"},"thumbnailUrl":"https:\/\/static.xx.fbcdn.net\/images\/emoji.php\/v9\/t33\/2\/16\/1f49a.png","datePublished":"2025-01-17T09:59:38+00:00","dateModified":"2025-12-17T08:51:49+00:00","breadcrumb":{"@id":"https:\/\/sovittelu.com\/vertaissovittelu\/olemme-mukana-educassa-24-25-1-katso-messutarjous\/#breadcrumb"},"inLanguage":"en-GB","potentialAction":[{"@type":"ReadAction","target":["https:\/\/sovittelu.com\/vertaissovittelu\/olemme-mukana-educassa-24-25-1-katso-messutarjous\/"]}]},{"@type":"ImageObject","inLanguage":"en-GB","@id":"https:\/\/sovittelu.com\/vertaissovittelu\/olemme-mukana-educassa-24-25-1-katso-messutarjous\/#primaryimage","url":"https:\/\/static.xx.fbcdn.net\/images\/emoji.php\/v9\/t33\/2\/16\/1f49a.png","contentUrl":"https:\/\/static.xx.fbcdn.net\/images\/emoji.php\/v9\/t33\/2\/16\/1f49a.png"},{"@type":"BreadcrumbList","@id":"https:\/\/sovittelu.com\/vertaissovittelu\/olemme-mukana-educassa-24-25-1-katso-messutarjous\/#breadcrumb","itemListElement":[{"@type":"ListItem","position":1,"name":"Etusivu","item":"https:\/\/sovittelu.com\/vertaissovittelu\/"},{"@type":"ListItem","position":2,"name":"Olemme mukana Educassa 24.-25.1.! Katso messutarjous!"}]},{"@type":"WebSite","@id":"https:\/\/sovittelu.com\/vertaissovittelu\/#website","url":"https:\/\/sovittelu.com\/vertaissovittelu\/","name":"VERSO programme","description":"Peer mediation programme","publisher":{"@id":"https:\/\/sovittelu.com\/vertaissovittelu\/#organization"},"potentialAction":[{"@type":"SearchAction","target":{"@type":"EntryPoint","urlTemplate":"https:\/\/sovittelu.com\/vertaissovittelu\/?s={search_term_string}"},"query-input":{"@type":"PropertyValueSpecification","valueRequired":true,"valueName":"search_term_string"}}],"inLanguage":"en-GB"},{"@type":"Organization","@id":"https:\/\/sovittelu.com\/vertaissovittelu\/#organization","name":"VERSO programme","url":"https:\/\/sovittelu.com\/vertaissovittelu\/","logo":{"@type":"ImageObject","inLanguage":"en-GB","@id":"https:\/\/sovittelu.com\/vertaissovittelu\/#\/schema\/logo\/image\/","url":"https:\/\/sovittelu.com\/vertaissovittelu\/wp-content\/uploads\/2026\/01\/verso_ikoni_512x512px.png","contentUrl":"https:\/\/sovittelu.com\/vertaissovittelu\/wp-content\/uploads\/2026\/01\/verso_ikoni_512x512px.png","width":512,"height":512,"caption":"VERSO-ohjelma"},"image":{"@id":"https:\/\/sovittelu.com\/vertaissovittelu\/#\/schema\/logo\/image\/"},"sameAs":["https:\/\/www.facebook.com\/VERSOsovittelu","https:\/\/www.instagram.com\/verso_sovittelu\/"]},{"@type":"Person","@id":"https:\/\/sovittelu.com\/vertaissovittelu\/#\/schema\/person\/7cf9dc57a10e1fba817a3f9f9cf56494","name":"Nina Huhtinen","url":"https:\/\/sovittelu.com\/vertaissovittelu\/en\/author\/nina\/"}]}},"_links":{"self":[{"href":"https:\/\/sovittelu.com\/vertaissovittelu\/en\/wp-json\/wp\/v2\/posts\/4793","targetHints":{"allow":["GET"]}}],"collection":[{"href":"https:\/\/sovittelu.com\/vertaissovittelu\/en\/wp-json\/wp\/v2\/posts"}],"about":[{"href":"https:\/\/sovittelu.com\/vertaissovittelu\/en\/wp-json\/wp\/v2\/types\/post"}],"author":[{"embeddable":true,"href":"https:\/\/sovittelu.com\/vertaissovittelu\/en\/wp-json\/wp\/v2\/users\/14"}],"replies":[{"embeddable":true,"href":"https:\/\/sovittelu.com\/vertaissovittelu\/en\/wp-json\/wp\/v2\/comments?post=4793"}],"version-history":[{"count":0,"href":"https:\/\/sovittelu.com\/vertaissovittelu\/en\/wp-json\/wp\/v2\/posts\/4793\/revisions"}],"wp:attachment":[{"href":"https:\/\/sovittelu.com\/vertaissovittelu\/en\/wp-json\/wp\/v2\/media?parent=4793"}],"wp:term":[{"taxonomy":"category","embeddable":true,"href":"https:\/\/sovittelu.com\/vertaissovittelu\/en\/wp-json\/wp\/v2\/categories?post=4793"},{"taxonomy":"post_tag","embeddable":true,"href":"https:\/\/sovittelu.com\/vertaissovittelu\/en\/wp-json\/wp\/v2\/tags?post=4793"}],"curies":[{"name":"wp","href":"https:\/\/api.w.org\/{rel}","templated":true}]}}