{"id":4332,"date":"2024-08-12T16:48:03","date_gmt":"2024-08-12T13:48:03","guid":{"rendered":"https:\/\/sovittelu.com\/vertaissovittelu\/?p=4332"},"modified":"2025-12-17T10:56:01","modified_gmt":"2025-12-17T08:56:01","slug":"the-annual-report-of-the-verso-programme-2023-has-been-published","status":"publish","type":"post","link":"https:\/\/sovittelu.com\/vertaissovittelu\/en\/verso-ohjelman-vuosiraportti-vuodesta-2023-on-julkaistu\/","title":{"rendered":"The annual report of the VERSO programme 2023 has been published"},"content":{"rendered":"<p>The collection of research data and information is an important part of the VERSO programme. In our annual report, we collect relevant statistics and survey results from the year of operation, which tell their own story about the scope and effectiveness of our activities. The VERSO Annual Report 2023 on activities in early childhood care and education is now available. The report highlights results from the perspectives of early childhood educators, children in nurseries, pupils and staff in schools. Read the report <a href=\"https:\/\/sovittelu.com\/vertaissovittelu\/en\/annual-reports\/\" target=\"_blank\" rel=\"noreferrer noopener\">here<\/a>. Statistical reports for 2017-2022 can be found on the same page. Remember to use the information in the annual report to inform and maintain your mediation activities! Have a good reading!<\/p>\n\n\n\n<figure class=\"wp-block-image size-full is-resized\"><img loading=\"lazy\" decoding=\"async\" width=\"570\" height=\"800\" src=\"https:\/\/sovittelu.com\/vertaissovittelu\/wp-content\/uploads\/2024\/08\/vuosiraportti_2023.jpg\" alt=\"\" class=\"wp-image-13240\" style=\"width:377px;height:529px\" srcset=\"https:\/\/sovittelu.com\/vertaissovittelu\/wp-content\/uploads\/2024\/08\/vuosiraportti_2023.jpg 570w, https:\/\/sovittelu.com\/vertaissovittelu\/wp-content\/uploads\/2024\/08\/vuosiraportti_2023-356x500.jpg 356w\" sizes=\"auto, (max-width: 570px) 100vw, 570px\" \/><\/figure>","protected":false},"excerpt":{"rendered":"<p>The collection of research data and information is an important part of the VERSO programme. In our annual report, we collect relevant statistics and survey results from the year of operation, which tell their own story about the scope and effectiveness of our activities. The VERSO Annual Report 2023 on activities in early childhood care and education is now available. The report highlights results from the perspectives of early childhood educators, children in nurseries, pupils and staff in schools. Read the report here....<\/p>","protected":false},"author":7,"featured_media":0,"comment_status":"closed","ping_status":"closed","sticky":false,"template":"","format":"standard","meta":{"_kad_post_transparent":"","_kad_post_title":"","_kad_post_layout":"","_kad_post_sidebar_id":"","_kad_post_content_style":"","_kad_post_vertical_padding":"","_kad_post_feature":"","_kad_post_feature_position":"","_kad_post_header":false,"_kad_post_footer":false,"_kad_post_classname":"","footnotes":""},"categories":[1],"tags":[139,88,40,25,97,87],"class_list":["post-4332","post","type-post","status-publish","format-standard","hentry","category-yleinen","tag-mentoritoiminta","tag-miniverso","tag-resto","tag-sovittelu","tag-tilastot","tag-verso"],"yoast_head":"<!-- This site is optimized with the Yoast SEO plugin v27.5 - https:\/\/yoast.com\/product\/yoast-seo-wordpress\/ -->\n<title>VERSO-ohjelman vuosiraportti vuodesta 2023 on julkaistu | Verso<\/title>\n<meta name=\"robots\" content=\"index, follow, max-snippet:-1, max-image-preview:large, max-video-preview:-1\" \/>\n<link rel=\"canonical\" href=\"https:\/\/sovittelu.com\/vertaissovittelu\/en\/the-annual-report-of-the-verso-programme-2023-has-been-published\/\" \/>\n<meta property=\"og:locale\" content=\"en_GB\" \/>\n<meta property=\"og:type\" content=\"article\" \/>\n<meta property=\"og:title\" content=\"VERSO-ohjelman vuosiraportti vuodesta 2023 on julkaistu | Verso\" \/>\n<meta property=\"og:description\" content=\"Tutkimustiedon ja -datan keruu on t\u00e4rke\u00e4 osa VERSO-ohjelman toimintaa. Vuosiraporttiin ker\u00e4\u00e4mme toimintavuoden ajalta oleellisia tilastoja ja kyselyidemme tuloksia, jotka kertovat oman tarinansa toiminnan laajuudesta ja tuloksellisuudesta. VERSO-ohjelman vuosiraportti vuoden 2023 toiminnasta varhaiskasvatus- ja opetusyksik\u00f6iss\u00e4 on nyt luettavissa. Raportti nostaa esiin toiminnan tuloksia niin varhaiskasvattajien, p\u00e4iv\u00e4kotien lasten kuin koulujen oppilaiden ja henkil\u00f6kunnan n\u00e4k\u00f6kulmista. Lue raportti t\u00e4\u00e4ll\u00e4....\" \/>\n<meta property=\"og:url\" content=\"https:\/\/sovittelu.com\/vertaissovittelu\/en\/the-annual-report-of-the-verso-programme-2023-has-been-published\/\" \/>\n<meta property=\"og:site_name\" content=\"Verso\" \/>\n<meta property=\"article:publisher\" content=\"https:\/\/www.facebook.com\/VERSOsovittelu\" \/>\n<meta property=\"article:published_time\" content=\"2024-08-12T13:48:03+00:00\" \/>\n<meta property=\"article:modified_time\" content=\"2025-12-17T08:56:01+00:00\" \/>\n<meta property=\"og:image\" content=\"https:\/\/sovittelu.com\/vertaissovittelu\/wp-content\/uploads\/2024\/08\/vuosiraportti_2023.jpg\" \/>\n\t<meta property=\"og:image:width\" content=\"570\" \/>\n\t<meta property=\"og:image:height\" content=\"800\" \/>\n\t<meta property=\"og:image:type\" content=\"image\/jpeg\" \/>\n<meta name=\"author\" content=\"Janne Johansson\" \/>\n<meta name=\"twitter:card\" content=\"summary_large_image\" \/>\n<meta name=\"twitter:label1\" content=\"Written by\" \/>\n\t<meta name=\"twitter:data1\" content=\"Janne Johansson\" \/>\n\t<meta name=\"twitter:label2\" content=\"Estimated reading time\" \/>\n\t<meta name=\"twitter:data2\" content=\"1 minute\" \/>\n<script type=\"application\/ld+json\" class=\"yoast-schema-graph\">{\"@context\":\"https:\\\/\\\/schema.org\",\"@graph\":[{\"@type\":\"Article\",\"@id\":\"https:\\\/\\\/sovittelu.com\\\/vertaissovittelu\\\/verso-ohjelman-vuosiraportti-vuodesta-2023-on-julkaistu\\\/#article\",\"isPartOf\":{\"@id\":\"https:\\\/\\\/sovittelu.com\\\/vertaissovittelu\\\/verso-ohjelman-vuosiraportti-vuodesta-2023-on-julkaistu\\\/\"},\"author\":{\"name\":\"Janne Johansson\",\"@id\":\"https:\\\/\\\/sovittelu.com\\\/vertaissovittelu\\\/#\\\/schema\\\/person\\\/be71eed9c767e02a2177516f2dcbb1b8\"},\"headline\":\"VERSO-ohjelman vuosiraportti vuodesta 2023 on julkaistu\",\"datePublished\":\"2024-08-12T13:48:03+00:00\",\"dateModified\":\"2025-12-17T08:56:01+00:00\",\"mainEntityOfPage\":{\"@id\":\"https:\\\/\\\/sovittelu.com\\\/vertaissovittelu\\\/verso-ohjelman-vuosiraportti-vuodesta-2023-on-julkaistu\\\/\"},\"wordCount\":88,\"publisher\":{\"@id\":\"https:\\\/\\\/sovittelu.com\\\/vertaissovittelu\\\/#organization\"},\"image\":{\"@id\":\"https:\\\/\\\/sovittelu.com\\\/vertaissovittelu\\\/verso-ohjelman-vuosiraportti-vuodesta-2023-on-julkaistu\\\/#primaryimage\"},\"thumbnailUrl\":\"https:\\\/\\\/sovittelu.com\\\/vertaissovittelu\\\/wp-content\\\/uploads\\\/2024\\\/08\\\/vuosiraportti_2023.jpg\",\"keywords\":[\"mentoritoiminta\",\"miniverso\",\"RESTO\",\"sovittelu\",\"tilastot\",\"verso\"],\"articleSection\":[\"Yleinen\"],\"inLanguage\":\"en-GB\"},{\"@type\":\"WebPage\",\"@id\":\"https:\\\/\\\/sovittelu.com\\\/vertaissovittelu\\\/verso-ohjelman-vuosiraportti-vuodesta-2023-on-julkaistu\\\/\",\"url\":\"https:\\\/\\\/sovittelu.com\\\/vertaissovittelu\\\/verso-ohjelman-vuosiraportti-vuodesta-2023-on-julkaistu\\\/\",\"name\":\"VERSO-ohjelman vuosiraportti vuodesta 2023 on julkaistu | Verso\",\"isPartOf\":{\"@id\":\"https:\\\/\\\/sovittelu.com\\\/vertaissovittelu\\\/#website\"},\"primaryImageOfPage\":{\"@id\":\"https:\\\/\\\/sovittelu.com\\\/vertaissovittelu\\\/verso-ohjelman-vuosiraportti-vuodesta-2023-on-julkaistu\\\/#primaryimage\"},\"image\":{\"@id\":\"https:\\\/\\\/sovittelu.com\\\/vertaissovittelu\\\/verso-ohjelman-vuosiraportti-vuodesta-2023-on-julkaistu\\\/#primaryimage\"},\"thumbnailUrl\":\"https:\\\/\\\/sovittelu.com\\\/vertaissovittelu\\\/wp-content\\\/uploads\\\/2024\\\/08\\\/vuosiraportti_2023.jpg\",\"datePublished\":\"2024-08-12T13:48:03+00:00\",\"dateModified\":\"2025-12-17T08:56:01+00:00\",\"breadcrumb\":{\"@id\":\"https:\\\/\\\/sovittelu.com\\\/vertaissovittelu\\\/verso-ohjelman-vuosiraportti-vuodesta-2023-on-julkaistu\\\/#breadcrumb\"},\"inLanguage\":\"en-GB\",\"potentialAction\":[{\"@type\":\"ReadAction\",\"target\":[\"https:\\\/\\\/sovittelu.com\\\/vertaissovittelu\\\/verso-ohjelman-vuosiraportti-vuodesta-2023-on-julkaistu\\\/\"]}]},{\"@type\":\"ImageObject\",\"inLanguage\":\"en-GB\",\"@id\":\"https:\\\/\\\/sovittelu.com\\\/vertaissovittelu\\\/verso-ohjelman-vuosiraportti-vuodesta-2023-on-julkaistu\\\/#primaryimage\",\"url\":\"https:\\\/\\\/sovittelu.com\\\/vertaissovittelu\\\/wp-content\\\/uploads\\\/2024\\\/08\\\/vuosiraportti_2023.jpg\",\"contentUrl\":\"https:\\\/\\\/sovittelu.com\\\/vertaissovittelu\\\/wp-content\\\/uploads\\\/2024\\\/08\\\/vuosiraportti_2023.jpg\"},{\"@type\":\"BreadcrumbList\",\"@id\":\"https:\\\/\\\/sovittelu.com\\\/vertaissovittelu\\\/verso-ohjelman-vuosiraportti-vuodesta-2023-on-julkaistu\\\/#breadcrumb\",\"itemListElement\":[{\"@type\":\"ListItem\",\"position\":1,\"name\":\"Etusivu\",\"item\":\"https:\\\/\\\/sovittelu.com\\\/vertaissovittelu\\\/\"},{\"@type\":\"ListItem\",\"position\":2,\"name\":\"VERSO-ohjelman vuosiraportti vuodesta 2023 on julkaistu\"}]},{\"@type\":\"WebSite\",\"@id\":\"https:\\\/\\\/sovittelu.com\\\/vertaissovittelu\\\/#website\",\"url\":\"https:\\\/\\\/sovittelu.com\\\/vertaissovittelu\\\/\",\"name\":\"VERSO-ohjelma\",\"description\":\"Vertaissovitteluohjelma\",\"publisher\":{\"@id\":\"https:\\\/\\\/sovittelu.com\\\/vertaissovittelu\\\/#organization\"},\"potentialAction\":[{\"@type\":\"SearchAction\",\"target\":{\"@type\":\"EntryPoint\",\"urlTemplate\":\"https:\\\/\\\/sovittelu.com\\\/vertaissovittelu\\\/?s={search_term_string}\"},\"query-input\":{\"@type\":\"PropertyValueSpecification\",\"valueRequired\":true,\"valueName\":\"search_term_string\"}}],\"inLanguage\":\"en-GB\"},{\"@type\":\"Organization\",\"@id\":\"https:\\\/\\\/sovittelu.com\\\/vertaissovittelu\\\/#organization\",\"name\":\"VERSO-ohjelma\",\"url\":\"https:\\\/\\\/sovittelu.com\\\/vertaissovittelu\\\/\",\"logo\":{\"@type\":\"ImageObject\",\"inLanguage\":\"en-GB\",\"@id\":\"https:\\\/\\\/sovittelu.com\\\/vertaissovittelu\\\/#\\\/schema\\\/logo\\\/image\\\/\",\"url\":\"https:\\\/\\\/sovittelu.com\\\/vertaissovittelu\\\/wp-content\\\/uploads\\\/2026\\\/01\\\/verso_ikoni_512x512px.png\",\"contentUrl\":\"https:\\\/\\\/sovittelu.com\\\/vertaissovittelu\\\/wp-content\\\/uploads\\\/2026\\\/01\\\/verso_ikoni_512x512px.png\",\"width\":512,\"height\":512,\"caption\":\"VERSO-ohjelma\"},\"image\":{\"@id\":\"https:\\\/\\\/sovittelu.com\\\/vertaissovittelu\\\/#\\\/schema\\\/logo\\\/image\\\/\"},\"sameAs\":[\"https:\\\/\\\/www.facebook.com\\\/VERSOsovittelu\",\"https:\\\/\\\/www.instagram.com\\\/verso_sovittelu\\\/\"]},{\"@type\":\"Person\",\"@id\":\"https:\\\/\\\/sovittelu.com\\\/vertaissovittelu\\\/#\\\/schema\\\/person\\\/be71eed9c767e02a2177516f2dcbb1b8\",\"name\":\"Janne Johansson\",\"url\":\"https:\\\/\\\/sovittelu.com\\\/vertaissovittelu\\\/en\\\/author\\\/janne\\\/\"}]}<\/script>\n<!-- \/ Yoast SEO plugin. -->","yoast_head_json":{"title":"The VERSO annual report 2023 has been published | Verso","robots":{"index":"index","follow":"follow","max-snippet":"max-snippet:-1","max-image-preview":"max-image-preview:large","max-video-preview":"max-video-preview:-1"},"canonical":"https:\/\/sovittelu.com\/vertaissovittelu\/en\/the-annual-report-of-the-verso-programme-2023-has-been-published\/","og_locale":"en_GB","og_type":"article","og_title":"VERSO-ohjelman vuosiraportti vuodesta 2023 on julkaistu | Verso","og_description":"Tutkimustiedon ja -datan keruu on t\u00e4rke\u00e4 osa VERSO-ohjelman toimintaa. Vuosiraporttiin ker\u00e4\u00e4mme toimintavuoden ajalta oleellisia tilastoja ja kyselyidemme tuloksia, jotka kertovat oman tarinansa toiminnan laajuudesta ja tuloksellisuudesta. VERSO-ohjelman vuosiraportti vuoden 2023 toiminnasta varhaiskasvatus- ja opetusyksik\u00f6iss\u00e4 on nyt luettavissa. Raportti nostaa esiin toiminnan tuloksia niin varhaiskasvattajien, p\u00e4iv\u00e4kotien lasten kuin koulujen oppilaiden ja henkil\u00f6kunnan n\u00e4k\u00f6kulmista. Lue raportti t\u00e4\u00e4ll\u00e4....","og_url":"https:\/\/sovittelu.com\/vertaissovittelu\/en\/the-annual-report-of-the-verso-programme-2023-has-been-published\/","og_site_name":"Verso","article_publisher":"https:\/\/www.facebook.com\/VERSOsovittelu","article_published_time":"2024-08-12T13:48:03+00:00","article_modified_time":"2025-12-17T08:56:01+00:00","og_image":[{"width":570,"height":800,"url":"https:\/\/sovittelu.com\/vertaissovittelu\/wp-content\/uploads\/2024\/08\/vuosiraportti_2023.jpg","type":"image\/jpeg"}],"author":"Janne Johansson","twitter_card":"summary_large_image","twitter_misc":{"Written by":"Janne Johansson","Estimated reading time":"1 minute"},"schema":{"@context":"https:\/\/schema.org","@graph":[{"@type":"Article","@id":"https:\/\/sovittelu.com\/vertaissovittelu\/verso-ohjelman-vuosiraportti-vuodesta-2023-on-julkaistu\/#article","isPartOf":{"@id":"https:\/\/sovittelu.com\/vertaissovittelu\/verso-ohjelman-vuosiraportti-vuodesta-2023-on-julkaistu\/"},"author":{"name":"Janne Johansson","@id":"https:\/\/sovittelu.com\/vertaissovittelu\/#\/schema\/person\/be71eed9c767e02a2177516f2dcbb1b8"},"headline":"VERSO-ohjelman vuosiraportti vuodesta 2023 on julkaistu","datePublished":"2024-08-12T13:48:03+00:00","dateModified":"2025-12-17T08:56:01+00:00","mainEntityOfPage":{"@id":"https:\/\/sovittelu.com\/vertaissovittelu\/verso-ohjelman-vuosiraportti-vuodesta-2023-on-julkaistu\/"},"wordCount":88,"publisher":{"@id":"https:\/\/sovittelu.com\/vertaissovittelu\/#organization"},"image":{"@id":"https:\/\/sovittelu.com\/vertaissovittelu\/verso-ohjelman-vuosiraportti-vuodesta-2023-on-julkaistu\/#primaryimage"},"thumbnailUrl":"https:\/\/sovittelu.com\/vertaissovittelu\/wp-content\/uploads\/2024\/08\/vuosiraportti_2023.jpg","keywords":["mentoritoiminta","miniverso","RESTO","sovittelu","tilastot","verso"],"articleSection":["Yleinen"],"inLanguage":"en-GB"},{"@type":"WebPage","@id":"https:\/\/sovittelu.com\/vertaissovittelu\/verso-ohjelman-vuosiraportti-vuodesta-2023-on-julkaistu\/","url":"https:\/\/sovittelu.com\/vertaissovittelu\/verso-ohjelman-vuosiraportti-vuodesta-2023-on-julkaistu\/","name":"The VERSO annual report 2023 has been published | Verso","isPartOf":{"@id":"https:\/\/sovittelu.com\/vertaissovittelu\/#website"},"primaryImageOfPage":{"@id":"https:\/\/sovittelu.com\/vertaissovittelu\/verso-ohjelman-vuosiraportti-vuodesta-2023-on-julkaistu\/#primaryimage"},"image":{"@id":"https:\/\/sovittelu.com\/vertaissovittelu\/verso-ohjelman-vuosiraportti-vuodesta-2023-on-julkaistu\/#primaryimage"},"thumbnailUrl":"https:\/\/sovittelu.com\/vertaissovittelu\/wp-content\/uploads\/2024\/08\/vuosiraportti_2023.jpg","datePublished":"2024-08-12T13:48:03+00:00","dateModified":"2025-12-17T08:56:01+00:00","breadcrumb":{"@id":"https:\/\/sovittelu.com\/vertaissovittelu\/verso-ohjelman-vuosiraportti-vuodesta-2023-on-julkaistu\/#breadcrumb"},"inLanguage":"en-GB","potentialAction":[{"@type":"ReadAction","target":["https:\/\/sovittelu.com\/vertaissovittelu\/verso-ohjelman-vuosiraportti-vuodesta-2023-on-julkaistu\/"]}]},{"@type":"ImageObject","inLanguage":"en-GB","@id":"https:\/\/sovittelu.com\/vertaissovittelu\/verso-ohjelman-vuosiraportti-vuodesta-2023-on-julkaistu\/#primaryimage","url":"https:\/\/sovittelu.com\/vertaissovittelu\/wp-content\/uploads\/2024\/08\/vuosiraportti_2023.jpg","contentUrl":"https:\/\/sovittelu.com\/vertaissovittelu\/wp-content\/uploads\/2024\/08\/vuosiraportti_2023.jpg"},{"@type":"BreadcrumbList","@id":"https:\/\/sovittelu.com\/vertaissovittelu\/verso-ohjelman-vuosiraportti-vuodesta-2023-on-julkaistu\/#breadcrumb","itemListElement":[{"@type":"ListItem","position":1,"name":"Etusivu","item":"https:\/\/sovittelu.com\/vertaissovittelu\/"},{"@type":"ListItem","position":2,"name":"VERSO-ohjelman vuosiraportti vuodesta 2023 on julkaistu"}]},{"@type":"WebSite","@id":"https:\/\/sovittelu.com\/vertaissovittelu\/#website","url":"https:\/\/sovittelu.com\/vertaissovittelu\/","name":"VERSO programme","description":"Peer mediation programme","publisher":{"@id":"https:\/\/sovittelu.com\/vertaissovittelu\/#organization"},"potentialAction":[{"@type":"SearchAction","target":{"@type":"EntryPoint","urlTemplate":"https:\/\/sovittelu.com\/vertaissovittelu\/?s={search_term_string}"},"query-input":{"@type":"PropertyValueSpecification","valueRequired":true,"valueName":"search_term_string"}}],"inLanguage":"en-GB"},{"@type":"Organization","@id":"https:\/\/sovittelu.com\/vertaissovittelu\/#organization","name":"VERSO programme","url":"https:\/\/sovittelu.com\/vertaissovittelu\/","logo":{"@type":"ImageObject","inLanguage":"en-GB","@id":"https:\/\/sovittelu.com\/vertaissovittelu\/#\/schema\/logo\/image\/","url":"https:\/\/sovittelu.com\/vertaissovittelu\/wp-content\/uploads\/2026\/01\/verso_ikoni_512x512px.png","contentUrl":"https:\/\/sovittelu.com\/vertaissovittelu\/wp-content\/uploads\/2026\/01\/verso_ikoni_512x512px.png","width":512,"height":512,"caption":"VERSO-ohjelma"},"image":{"@id":"https:\/\/sovittelu.com\/vertaissovittelu\/#\/schema\/logo\/image\/"},"sameAs":["https:\/\/www.facebook.com\/VERSOsovittelu","https:\/\/www.instagram.com\/verso_sovittelu\/"]},{"@type":"Person","@id":"https:\/\/sovittelu.com\/vertaissovittelu\/#\/schema\/person\/be71eed9c767e02a2177516f2dcbb1b8","name":"Janne Johansson","url":"https:\/\/sovittelu.com\/vertaissovittelu\/en\/author\/janne\/"}]}},"_links":{"self":[{"href":"https:\/\/sovittelu.com\/vertaissovittelu\/en\/wp-json\/wp\/v2\/posts\/4332","targetHints":{"allow":["GET"]}}],"collection":[{"href":"https:\/\/sovittelu.com\/vertaissovittelu\/en\/wp-json\/wp\/v2\/posts"}],"about":[{"href":"https:\/\/sovittelu.com\/vertaissovittelu\/en\/wp-json\/wp\/v2\/types\/post"}],"author":[{"embeddable":true,"href":"https:\/\/sovittelu.com\/vertaissovittelu\/en\/wp-json\/wp\/v2\/users\/7"}],"replies":[{"embeddable":true,"href":"https:\/\/sovittelu.com\/vertaissovittelu\/en\/wp-json\/wp\/v2\/comments?post=4332"}],"version-history":[{"count":0,"href":"https:\/\/sovittelu.com\/vertaissovittelu\/en\/wp-json\/wp\/v2\/posts\/4332\/revisions"}],"wp:attachment":[{"href":"https:\/\/sovittelu.com\/vertaissovittelu\/en\/wp-json\/wp\/v2\/media?parent=4332"}],"wp:term":[{"taxonomy":"category","embeddable":true,"href":"https:\/\/sovittelu.com\/vertaissovittelu\/en\/wp-json\/wp\/v2\/categories?post=4332"},{"taxonomy":"post_tag","embeddable":true,"href":"https:\/\/sovittelu.com\/vertaissovittelu\/en\/wp-json\/wp\/v2\/tags?post=4332"}],"curies":[{"name":"wp","href":"https:\/\/api.w.org\/{rel}","templated":true}]}}